{"id":256068,"date":"2025-11-26T02:32:14","date_gmt":"2025-11-26T02:32:14","guid":{"rendered":"https:\/\/www.europesays.com\/es\/256068\/"},"modified":"2025-11-26T02:32:14","modified_gmt":"2025-11-26T02:32:14","slug":"cuatro-muertos-por-inhalacion-de-gas-en-una-vivienda-en-torrox-malaga-3","status":"publish","type":"post","link":"https:\/\/www.europesays.com\/es\/256068\/","title":{"rendered":"Cuatro muertos por inhalaci\u00f3n de gas en una vivienda en Torrox (M\u00e1laga)"},"content":{"rendered":"<p>Cuatro personas han muerto este martes <strong>por inhalaci\u00f3n de gas en una vivienda en Torrox (M\u00e1laga)<\/strong>, han informado a EFE fuentes municipales. Seg\u00fan los primeros datos facilitados, <strong>se trata de dos adultos y dos adolescentes de una misma familia<\/strong>, intoxicados por un escape de gas por mala combusti\u00f3n de mon\u00f3xido de carbono de una caldera o un calentador, han se\u00f1alado a EFE fuentes del Consorcio Provincial de Bomberos.<\/p>\n<p>Los servicios de emergencia han recibido a las 15:28 horas el aviso del suceso ocurrido en una vivienda de la barriada de El Pontil. En ese momento, <strong>se ha movilizado al Consorcio de Bomberos, a la Guardia Civil, a la Polic\u00eda Local y a los servicios sanitarios<\/strong>. Desde el 112 han indicado que se trata de dos adultos y dos adolescentes, uno de ellos menor de edad.<\/p>\n<p>Desde el Consorcio de Bomberos han desplazado dotaciones de Nerja y V\u00e9lez-M\u00e1laga, han informado fuentes de este organismo, quienes han apuntado que <strong>\u00abse han limitado a comprobar que no quedaba gas en el interior de la vivienda\u00bb<\/strong>.<\/p>\n<p>El 112 atendi\u00f3 <strong>una llamada de socorro que alertaba de un posible escape de gas en una vivienda<\/strong> y solicitaba asistencia sanitaria urgente para varias personas que se encontraban en el suelo. La sala coordinadora activ\u00f3 al Consorcio Provincial de Bomberos de M\u00e1laga, al 061, a la Guardia Civil y a la Polic\u00eda Local<\/p>\n<p>Cuando los servicios de emergencia llegaron al lugar <strong>no pudieron hacer nada por salvar la vida de estas personas<\/strong>, que ya hab\u00edan fallecido.<\/p>\n<p>Fuentes policiales han confirmado que la vivienda <strong>estaba cerrada y que no hay signos de deflagraci\u00f3n en el inmueble. <\/strong>Los bomberos han realizado labores de comprobaci\u00f3n de existencia de gas en la vivienda, con resultado negativo.<\/p>\n","protected":false},"excerpt":{"rendered":"Cuatro personas han muerto este martes por inhalaci\u00f3n de gas en una vivienda en Torrox (M\u00e1laga), han informado&hellip;\n","protected":false},"author":2,"featured_media":256069,"comment_status":"","ping_status":"","sticky":false,"template":"","format":"standard","meta":{"footnotes":""},"categories":[5],"tags":[17,18,25,24,13,14,4180,11,19,20,16220,4809,9,10,15,16,23,12,21,22,5002],"class_list":{"0":"post-256068","1":"post","2":"type-post","3":"status-publish","4":"format-standard","5":"has-post-thumbnail","7":"category-titulares","8":"tag-breaking-news","9":"tag-breakingnews","10":"tag-es","11":"tag-espana","12":"tag-featured-news","13":"tag-featurednews","14":"tag-gas","15":"tag-headlines","16":"tag-latest-news","17":"tag-latestnews","18":"tag-mu00e1laga","19":"tag-muertes","20":"tag-news","21":"tag-noticias","22":"tag-noticias-destacadas","23":"tag-noticiasdestacadas","24":"tag-spain","25":"tag-titulares","26":"tag-ultimas-noticias","27":"tag-ultimasnoticias","28":"tag-viviendas"},"share_on_mastodon":{"url":"https:\/\/pubeurope.com\/@es\/115613659489906536","error":""},"_links":{"self":[{"href":"https:\/\/www.europesays.com\/es\/wp-json\/wp\/v2\/posts\/256068","targetHints":{"allow":["GET"]}}],"collection":[{"href":"https:\/\/www.europesays.com\/es\/wp-json\/wp\/v2\/posts"}],"about":[{"href":"https:\/\/www.europesays.com\/es\/wp-json\/wp\/v2\/types\/post"}],"author":[{"embeddable":true,"href":"https:\/\/www.europesays.com\/es\/wp-json\/wp\/v2\/users\/2"}],"replies":[{"embeddable":true,"href":"https:\/\/www.europesays.com\/es\/wp-json\/wp\/v2\/comments?post=256068"}],"version-history":[{"count":0,"href":"https:\/\/www.europesays.com\/es\/wp-json\/wp\/v2\/posts\/256068\/revisions"}],"wp:featuredmedia":[{"embeddable":true,"href":"https:\/\/www.europesays.com\/es\/wp-json\/wp\/v2\/media\/256069"}],"wp:attachment":[{"href":"https:\/\/www.europesays.com\/es\/wp-json\/wp\/v2\/media?parent=256068"}],"wp:term":[{"taxonomy":"category","embeddable":true,"href":"https:\/\/www.europesays.com\/es\/wp-json\/wp\/v2\/categories?post=256068"},{"taxonomy":"post_tag","embeddable":true,"href":"https:\/\/www.europesays.com\/es\/wp-json\/wp\/v2\/tags?post=256068"}],"curies":[{"name":"wp","href":"https:\/\/api.w.org\/{rel}","templated":true}]}}