{"id":256088,"date":"2025-11-26T02:53:08","date_gmt":"2025-11-26T02:53:08","guid":{"rendered":"https:\/\/www.europesays.com\/es\/256088\/"},"modified":"2025-11-26T02:53:08","modified_gmt":"2025-11-26T02:53:08","slug":"las-protestas-por-el-25n-en-america-latina-en-imagenes-el-pais","status":"publish","type":"post","link":"https:\/\/www.europesays.com\/es\/256088\/","title":{"rendered":"Las protestas por el 25N en Am\u00e9rica Latina, en im\u00e1genes &#8211; EL PA\u00cdS"},"content":{"rendered":"<ol>\n<li><a href=\"https:\/\/news.google.com\/rss\/articles\/CBMingFBVV95cUxQU1lzNmhJeTN4cUxhVTFaVWxrUTVHcUFxNGdia0ptUDU2OGtGTmJBY0VLSVB6Qi1fY21NWmQzbkxnMDFrQTB1NFUxY190SDFZQ18xQlAxcEFWbkEzdU9FRmk5NTNGOUd6S1dfU3VOcmFFSUdaM3BDTTA0Wml6RWMtcTNLdzRwZGFDTEszLVRKSzc1REtOS2JCTkptSldzUQ?oc=5\" target=\"_blank\" rel=\"nofollow noopener\">Las protestas por el 25N en Am\u00e9rica Latina, en im\u00e1genes<\/a>&nbsp;&nbsp;EL PA\u00cdS<\/li>\n<li><a href=\"https:\/\/news.google.com\/rss\/articles\/CBMiygFBVV95cUxQZlZNSkpDZmw5WVB6WlNFV09ISDJVY2ZTQ2RDaWIzcVF6MVFvRkgxekxad0VuOXBhWDJEOGxzYWFXVDl6V2NPUW5WWU1reTB0X1hCRHpYX2JzX2cza0xwQW8yOE1PN3ZjYkR0MW4wQmF6Ym1ycGZPUmVVbFNhcklETUVjSmlSRVRfbC01aXZGQ3lGQlVsQU8tcUVRZ1FtdFpsZ3I0N28xUU9pZU9uanNrcWxJSDltTEI0bjB0ZHpzWHFGSzRLSXFGVjRB?oc=5\" target=\"_blank\" rel=\"nofollow noopener\">ENTREVISTA DIA INTERNACIONAL DE LA ELIMINACI\u00d3N DE LA VIOLENCIA CONTRA LA MUJER \u00bb25N\u00bb<\/a>&nbsp;&nbsp;RTVE.es<\/li>\n<li><a href=\"https:\/\/news.google.com\/rss\/articles\/CBMi8gFBVV95cUxPNEhtczNkOHhhb3hxamVPeUdhVno3bDliOWdkOUFkTk1wVTctSE9ZY3BjUDJGekVIVWVjQnBtczNNdVBNM2tyR2xONVN1dDIwVVZBQTAzZDhzVFY3WE12MTU1SXpHQ2c3aFpkVERlUmxNalc3d1kwNWxLY1dFb0pUSDJrS2ZqcmVpZVJqeEZpQTU5OGVvLTBrSjhuaHdPMENrcEFhUmYxU0pMZ2ZpT1JUcUdma3BORjVDc3UyZkdmMnpyVmJEQ3QwM1MySGZHOV9haHpWcERBVXFTSW14anRMejEtMVN2RkYyTkpSQjZCTW5zZ9IB8gFBVV95cUxNRUJQWkJhdXJZLUNJenA2YVZMV1NBRDlSdVZVWjdiZXFvclptRDBqb1p3ektNa3d1dFZLTEJRWGxQb0FaVlNwOUpPWmh6b3ZueXBLdEszWWN1TDZuQ1hoM1B6elVMMTVJU2NpdmxhVnpOMGk2UmpIaUdzUFgtRjhFaWdYeFJ2bkloMTd2SVFaenRja3htNk5RakotQTdyeExtd1NLbjd0dzZZallZQzhrOTZod3RnREFCN1VqUWxiTHdaSGNfM0FfMF92NjhwM1hHTU8tYTduM1A0UTNLZmluWFNraDZWSWU2TmVzb0RzR3ZKUQ?oc=5\" target=\"_blank\" rel=\"nofollow noopener\">65 a\u00f1os sin las hermanas Mirabal, las &#8216;mariposas&#8217; a las que asesin\u00f3 Trujillo y que encendieron el 25N<\/a>&nbsp;&nbsp;LaSexta<\/li>\n<li><a href=\"https:\/\/news.google.com\/rss\/articles\/CBMi1gFBVV95cUxQVktaMUV5ajdQSHhidG02MGo1WDdnSnRuUnRCdG5QUUNXU19VcU9KaE9JREp3WmJQQ01SdzhuczZmQ1RXS1NmMmlZc0FrM29keUcxSXBldDRvMkpVeXU3WEU0RF9kd1hhck4tOXBqMFN0VGkyakl6MFUwMEJiOFFSbU5ZSWppWEpMYkxkVGs1MGJSS1BSY0hoVUFzblFTVUhaMG1wbWxJYnJLeWxTRWc5QUJfdnh6NlBWZlNKMGluc3BIS3E3SmgwSmh3QkxhamdhNl9URkp30gHyAUFVX3lxTE15VW1pWm9kSE1EMDBfTk9sTlR1VVJ6VlBrUklRQmJIZ3diVkotT0ZFT0x3bTFVMlo4Y3AzYkRVYkhSQk1ObDlIT2JxVHdxY2g3YjdvMXVrNjVnZTFCZDJDSV9WM0lmcHdnQ2FhN0R5VkwzcWJwT291WTA3T2p0eHQ1QXRoYTBGbDE3cUh0N2J1VXhUVEhMOC1NcXFUUlhITm1KNFJUeGJyZ3o4TTEwc1p1eWE3YnNleTRySC1mVUN2UU90ZFVDcVA0MlhscXYydUsweGQ1ZTFYemZKWWU1MDJ0LUc4X3Jndk14VFkxcERJVVRn?oc=5\" target=\"_blank\" rel=\"nofollow noopener\">\u00abEn este momento, una mujer est\u00e1 siendo humillada, golpeada o, peor a\u00fan, asesinada\u00bb<\/a>&nbsp;&nbsp;lavozdegalicia.es<\/li>\n<li><a href=\"https:\/\/news.google.com\/rss\/articles\/CBMiV0FVX3lxTE42ZXFDWXlfcHJNZkt1UElCVGJLQWgwdHZQLUpyTm5XWmhKS3R1a0xUUlJ2NFdQa3ZSZ3hGOU05d1hMVFJjb0Rmalp5RFNCRVlOdmpBcXAxWdIBXEFVX3lxTE5RN1AzTHgtSTdERkpkdUcza0N4MDhabk95UnNCbldjUXYzZkg2V1o2dzduWTZPR1MxUkJsSmhhZVlxVFdZYXFTSVkzaC00S2V6R0ZIRzFzblAtVmJK?oc=5\" target=\"_blank\" rel=\"nofollow noopener\">Origen del 25N: por qu\u00e9 se celebra el D\u00eda Internacional de la Eliminaci\u00f3n de la Violencia contra la Mujer<\/a>&nbsp;&nbsp;Diario P\u00fablico<\/li>\n<\/ol>\n","protected":false},"excerpt":{"rendered":"Las protestas por el 25N en Am\u00e9rica Latina, en im\u00e1genes&nbsp;&nbsp;EL PA\u00cdS ENTREVISTA DIA INTERNACIONAL DE LA ELIMINACI\u00d3N DE&hellip;\n","protected":false},"author":2,"featured_media":256089,"comment_status":"","ping_status":"","sticky":false,"template":"","format":"standard","meta":{"footnotes":""},"categories":[42],"tags":[17,18,13,14,11,61,62,63,64,19,20,9,10,15,16,12,21,22,65,66,67],"class_list":{"0":"post-256088","1":"post","2":"type-post","3":"status-publish","4":"format-standard","5":"has-post-thumbnail","7":"category-internacional","8":"tag-breaking-news","9":"tag-breakingnews","10":"tag-featured-news","11":"tag-featurednews","12":"tag-headlines","13":"tag-internacional","14":"tag-international","15":"tag-international-news","16":"tag-internationalnews","17":"tag-latest-news","18":"tag-latestnews","19":"tag-news","20":"tag-noticias","21":"tag-noticias-destacadas","22":"tag-noticiasdestacadas","23":"tag-titulares","24":"tag-ultimas-noticias","25":"tag-ultimasnoticias","26":"tag-world","27":"tag-world-news","28":"tag-worldnews"},"share_on_mastodon":{"url":"https:\/\/pubeurope.com\/@es\/115613742471622639","error":""},"_links":{"self":[{"href":"https:\/\/www.europesays.com\/es\/wp-json\/wp\/v2\/posts\/256088","targetHints":{"allow":["GET"]}}],"collection":[{"href":"https:\/\/www.europesays.com\/es\/wp-json\/wp\/v2\/posts"}],"about":[{"href":"https:\/\/www.europesays.com\/es\/wp-json\/wp\/v2\/types\/post"}],"author":[{"embeddable":true,"href":"https:\/\/www.europesays.com\/es\/wp-json\/wp\/v2\/users\/2"}],"replies":[{"embeddable":true,"href":"https:\/\/www.europesays.com\/es\/wp-json\/wp\/v2\/comments?post=256088"}],"version-history":[{"count":0,"href":"https:\/\/www.europesays.com\/es\/wp-json\/wp\/v2\/posts\/256088\/revisions"}],"wp:featuredmedia":[{"embeddable":true,"href":"https:\/\/www.europesays.com\/es\/wp-json\/wp\/v2\/media\/256089"}],"wp:attachment":[{"href":"https:\/\/www.europesays.com\/es\/wp-json\/wp\/v2\/media?parent=256088"}],"wp:term":[{"taxonomy":"category","embeddable":true,"href":"https:\/\/www.europesays.com\/es\/wp-json\/wp\/v2\/categories?post=256088"},{"taxonomy":"post_tag","embeddable":true,"href":"https:\/\/www.europesays.com\/es\/wp-json\/wp\/v2\/tags?post=256088"}],"curies":[{"name":"wp","href":"https:\/\/api.w.org\/{rel}","templated":true}]}}