{"id":256094,"date":"2025-11-26T03:03:14","date_gmt":"2025-11-26T03:03:14","guid":{"rendered":"https:\/\/www.europesays.com\/es\/256094\/"},"modified":"2025-11-26T03:03:14","modified_gmt":"2025-11-26T03:03:14","slug":"la-seleccion-masculina-disputara-el-primer-partido-de-su-historia-en-oviedo","status":"publish","type":"post","link":"https:\/\/www.europesays.com\/es\/256094\/","title":{"rendered":"La Selecci\u00f3n Masculina disputar\u00e1 el primer partido de su historia en Oviedo"},"content":{"rendered":"<p>#LaFamilia afrontar\u00e1 ante Ucrania el cuarto partido de la Fase de Clasificaci\u00f3n para la Copa del Mundo de Catar 2027 en el remodelado Palacio de los Deportes de Oviedo. <a href=\"https:\/\/feb.entradas.plus\/entradas\/es\/entradas-deporte-oviedo-seam-2026\" target=\"_blank\" rel=\"nofollow noopener\">Las entradas ya est\u00e1n a la venta a trav\u00e9s de este enlace<\/a>. La fecha, el lunes 2 de marzo de 2026. Elisa Aguilar, Presidenta de la FEB: \u201cSabemos que Oviedo se va a volcar el pr\u00f3ximo mes de marzo con la Selecci\u00f3n\u201d. Alfredo Canteli Fern\u00e1ndez, alcalde de Oviedo: \u201cEs un orgullo que, en un a\u00f1o en el que Oviedo es Ciudad Europea del Deporte, podamos acoger un evento de esta envergadura\u201d.<br \/>\u00c1REA DE COMUNICACI\u00d3N FEB<\/p>\n<p>La Selecci\u00f3n Masculina Absoluta jugar\u00e1 en Oviedo por primera vez en su historia el pr\u00f3ximo lunes 2 de marzo de 2026. El escenario, el recientemente remodelado Palacio de los Deportes de la capital de Asturias. El hist\u00f3rico partido, correspondiente a la cuarta jornada de la Primera Fase de Clasificaci\u00f3n para la Copa del Mundo de Catar 2027, se disputar\u00e1 ante Ucrania. <a href=\"https:\/\/feb.entradas.plus\/entradas\/es\/entradas-deporte-oviedo-seam-2026\" target=\"_blank\" rel=\"nofollow noopener\">Los aficionados ya pueden adquirir sus entradas a trav\u00e9s de este enlace<\/a>.<\/p>\n<p>Oviedo tomar\u00e1 el testigo de Tenerife, donde #LaFamilia disputar\u00e1 este domingo ante Georgia su primer partido como local de los Qualifiers. El estreno de Espa\u00f1a en esta Fas de Clasificaci\u00f3n, y debut de Chus Mateo como Seleccionador Nacional, se producir\u00e1 dentro de 48 horas en Dinamarca. La segunda Ventana, que se disputar\u00e1 entre finales de febrero y principios marzo del pr\u00f3ximo a\u00f1o, traer\u00e1 el doble duelo ante Ucrania. Primero como visitante el viernes 27 de febrero y despu\u00e9s como local en el regreso del equipo nacional al Principado de Asturias diez a\u00f1os despu\u00e9s del \u00faltimo encuentro disputado en Gij\u00f3n.<\/p>\n<p>Elisa Aguilar: \u201cEstamos encantados de visitar Oviedo, una ciudad que se va a volcar con #LaFamilia\u201d<\/p>\n<p>\u201cEn esta nueva e ilusionante etapa que acabamos de estrenar en la Selecci\u00f3n Masculina Absoluta con Chus Mateo al frente, queremos que toda la afici\u00f3n de Espa\u00f1a pueda sentir muy de cerca a #LaFamilia. Es por eso que, desde la Federaci\u00f3n Espa\u00f1ola de Baloncesto, estamos encantados de visitar Oviedo por primera vez. Una ciudad espectacular, con un equipo en Primera FEB que cuenta cada vez con m\u00e1s apoyo social y que sabemos que se va a volcar el pr\u00f3ximo mes de marzo con la Selecci\u00f3n. Estamos convencidos de que el p\u00fablico va a brindar su apoyo y va a llenar las gradas del magn\u00edfico Palacio de los Deportes\u201d.<\/p>\n<p>Alfredo Canteli Fern\u00e1ndez: \u201cEs un orgullo que, en un a\u00f1o en el que Oviedo es Ciudad Europea del Deporte, podamos acoger un evento de esta envergadura\u201d<\/p>\n<p>\u201cPara Oviedo es un aut\u00e9ntico orgullo recibir a la Selecci\u00f3n Espa\u00f1ola Masculina. Y lo es a\u00fan m\u00e1s en un a\u00f1o tan especial, en el que nuestra ciudad ha sido reconocida como Ciudad Europea del Deporte. Estamos trabajando de forma coordinada para que el Palacio de los Deportes luzca como merece en una cita hist\u00f3rica y para que los aficionados al baloncesto disfruten de un gran partido. Oviedo siempre ha demostrado su pasi\u00f3n por el deporte y estoy seguro de que la ciudad responder\u00e1 llenando las gradas y mostrando el calor que caracteriza a nuestra afici\u00f3n\u201d.<\/p>\n","protected":false},"excerpt":{"rendered":"#LaFamilia afrontar\u00e1 ante Ucrania el cuarto partido de la Fase de Clasificaci\u00f3n para la Copa del Mundo de&hellip;\n","protected":false},"author":2,"featured_media":256095,"comment_status":"","ping_status":"","sticky":false,"template":"","format":"standard","meta":{"footnotes":""},"categories":[269],"tags":[4605,299,1918,298,4597,4613,4616,4609,4608,4610,168,4603,4606,25,24,4120,4598,4614,2713,4601,830,4599,4600,4602,4615,4617,4607,4604,23,167,4611,4612],"class_list":{"0":"post-256094","1":"post","2":"type-post","3":"status-publish","4":"format-standard","5":"has-post-thumbnail","7":"category-baloncesto","8":"tag-arbitros-baloncesto","9":"tag-baloncesto","10":"tag-basket","11":"tag-basketball","12":"tag-basquet","13":"tag-canalfeb","14":"tag-clasificacion","15":"tag-copa-princesa","16":"tag-copa-principe","17":"tag-copa-reina","18":"tag-deportes","19":"tag-eba","20":"tag-entrenadores-baloncesto","21":"tag-es","22":"tag-espana","23":"tag-estadisticas","24":"tag-federacion-baloncesto","25":"tag-jornada-virtual","26":"tag-jugadores","27":"tag-laeb-plata","28":"tag-leb-oro","29":"tag-liga-espana","30":"tag-liga-espanola-baloncesto","31":"tag-liga-femenina","32":"tag-marcadores-baloncesto","33":"tag-rankings","34":"tag-reglas-baloncesto","35":"tag-seleccion-baloncesto","36":"tag-spain","37":"tag-sports","38":"tag-supercopa","39":"tag-television-baloncesto"},"share_on_mastodon":{"url":"","error":"Validation failed: Text character limit of 500 exceeded"},"_links":{"self":[{"href":"https:\/\/www.europesays.com\/es\/wp-json\/wp\/v2\/posts\/256094","targetHints":{"allow":["GET"]}}],"collection":[{"href":"https:\/\/www.europesays.com\/es\/wp-json\/wp\/v2\/posts"}],"about":[{"href":"https:\/\/www.europesays.com\/es\/wp-json\/wp\/v2\/types\/post"}],"author":[{"embeddable":true,"href":"https:\/\/www.europesays.com\/es\/wp-json\/wp\/v2\/users\/2"}],"replies":[{"embeddable":true,"href":"https:\/\/www.europesays.com\/es\/wp-json\/wp\/v2\/comments?post=256094"}],"version-history":[{"count":0,"href":"https:\/\/www.europesays.com\/es\/wp-json\/wp\/v2\/posts\/256094\/revisions"}],"wp:featuredmedia":[{"embeddable":true,"href":"https:\/\/www.europesays.com\/es\/wp-json\/wp\/v2\/media\/256095"}],"wp:attachment":[{"href":"https:\/\/www.europesays.com\/es\/wp-json\/wp\/v2\/media?parent=256094"}],"wp:term":[{"taxonomy":"category","embeddable":true,"href":"https:\/\/www.europesays.com\/es\/wp-json\/wp\/v2\/categories?post=256094"},{"taxonomy":"post_tag","embeddable":true,"href":"https:\/\/www.europesays.com\/es\/wp-json\/wp\/v2\/tags?post=256094"}],"curies":[{"name":"wp","href":"https:\/\/api.w.org\/{rel}","templated":true}]}}