{"id":256096,"date":"2025-11-26T03:04:09","date_gmt":"2025-11-26T03:04:09","guid":{"rendered":"https:\/\/www.europesays.com\/es\/256096\/"},"modified":"2025-11-26T03:04:09","modified_gmt":"2025-11-26T03:04:09","slug":"ruben-vargas-y-januzaj-sufren-una-lesion-en-el-biceps-femoral-del-muslo-izquierdo","status":"publish","type":"post","link":"https:\/\/www.europesays.com\/es\/256096\/","title":{"rendered":"Rub\u00e9n Vargas y Januzaj sufren una \u00ablesi\u00f3n en el b\u00edceps femoral del muslo izquierdo\u00bb"},"content":{"rendered":"<p>25\/11\/2025<br \/>\n<br \/><strong><br \/>\nActualizado a las 22:53h.<br \/>\n<\/strong><\/p>\n<p class=\"voc-p\" style=\"\">El <strong>Sevilla<\/strong> ha emitido en la noche de este martes los<strong> partes m\u00e9dicos<\/strong> de <strong>Rub\u00e9n Vargas y Adnan Januzaj<\/strong>. Los dos futbolistas sufrieron una lesi\u00f3n muscular que les impidi\u00f3 concluir el partido ante el Espanyol y se ha determinado que tienen  &#8230; la misma dolencia tras ser sometidos a ex\u00e1menes m\u00e9dicos ya en Sevilla. <\/p>\n<p class=\"voc-p\" style=\"\">El club anuncia que los dos jugadores sufren <strong>\u00abuna lesi\u00f3n en el b\u00edceps femoral del muslo izquierdo\u00bb<\/strong>. La entidad nervionense no ha comunicado cu\u00e1nto tiempo estar\u00e1n de baja, pero los dos jugadores est\u00e1n descartados de cara al derbi del pr\u00f3ximo domingo ante el Betis. <\/p>\n<p class=\"voc-p\" style=\"\">Mat\u00edas Almeyda tiene que lamentar dos nuevas bajas relevantes. El t\u00e9cnico argentino ha tenido que ir sobreponi\u00e9ndose a las lesiones musculares que han sido una constante durante la temporada. De hecho son 13 las que ya ha sufrido el Sevilla antes de que finalice la primera vuelta del campeonato liguero. <\/p>\n<p>\nArt\u00edculo solo para suscriptores\n<\/p>\n<p>Reportar un error<\/p>\n","protected":false},"excerpt":{"rendered":"25\/11\/2025 Actualizado a las 22:53h. El Sevilla ha emitido en la noche de este martes los partes m\u00e9dicos&hellip;\n","protected":false},"author":2,"featured_media":256097,"comment_status":"","ping_status":"","sticky":false,"template":"","format":"standard","meta":{"footnotes":""},"categories":[268],"tags":[55430,168,25,24,55431,280,282,14924,21930,8252,55432,1361,281,23,167,11963,1362],"class_list":{"0":"post-256096","1":"post","2":"type-post","3":"status-publish","4":"format-standard","5":"has-post-thumbnail","7":"category-futbol","8":"tag-biceps","9":"tag-deportes","10":"tag-es","11":"tag-espana","12":"tag-femoral","13":"tag-football","14":"tag-futbol","15":"tag-izquierdo","16":"tag-januzaj","17":"tag-lesion","18":"tag-muslo","19":"tag-ruben","20":"tag-soccer","21":"tag-spain","22":"tag-sports","23":"tag-sufren","24":"tag-vargas"},"share_on_mastodon":{"url":"https:\/\/pubeurope.com\/@es\/115613785521370738","error":""},"_links":{"self":[{"href":"https:\/\/www.europesays.com\/es\/wp-json\/wp\/v2\/posts\/256096","targetHints":{"allow":["GET"]}}],"collection":[{"href":"https:\/\/www.europesays.com\/es\/wp-json\/wp\/v2\/posts"}],"about":[{"href":"https:\/\/www.europesays.com\/es\/wp-json\/wp\/v2\/types\/post"}],"author":[{"embeddable":true,"href":"https:\/\/www.europesays.com\/es\/wp-json\/wp\/v2\/users\/2"}],"replies":[{"embeddable":true,"href":"https:\/\/www.europesays.com\/es\/wp-json\/wp\/v2\/comments?post=256096"}],"version-history":[{"count":0,"href":"https:\/\/www.europesays.com\/es\/wp-json\/wp\/v2\/posts\/256096\/revisions"}],"wp:featuredmedia":[{"embeddable":true,"href":"https:\/\/www.europesays.com\/es\/wp-json\/wp\/v2\/media\/256097"}],"wp:attachment":[{"href":"https:\/\/www.europesays.com\/es\/wp-json\/wp\/v2\/media?parent=256096"}],"wp:term":[{"taxonomy":"category","embeddable":true,"href":"https:\/\/www.europesays.com\/es\/wp-json\/wp\/v2\/categories?post=256096"},{"taxonomy":"post_tag","embeddable":true,"href":"https:\/\/www.europesays.com\/es\/wp-json\/wp\/v2\/tags?post=256096"}],"curies":[{"name":"wp","href":"https:\/\/api.w.org\/{rel}","templated":true}]}}