{"id":256098,"date":"2025-11-26T03:05:12","date_gmt":"2025-11-26T03:05:12","guid":{"rendered":"https:\/\/www.europesays.com\/es\/256098\/"},"modified":"2025-11-26T03:05:12","modified_gmt":"2025-11-26T03:05:12","slug":"esto-esta-bien-pero-tener-tiempo-para-uno-tambien-es-importante","status":"publish","type":"post","link":"https:\/\/www.europesays.com\/es\/256098\/","title":{"rendered":"Esto est\u00e1 bien, pero tener tiempo para uno tambi\u00e9n es importante"},"content":{"rendered":"<p><b>Leonardo Gonz\u00e1lez F\u00e9liz<\/b>, m\u00e1s conocido como<b> Leo Harlem<\/b>, es una de los rostros por excelencia del humor espa\u00f1ol. Sus mon\u00f3logos forman parte de la memoria colectiva y hoy viene a presentarnos su \u00faltimo proyecto como actor, la pel\u00edcula Coartadas.<\/p>\n<p>Pese a que hoy todos conocen a Leo Harlem, hubo un tiempo en el que era un joven reci\u00e9n llegado a Valladolid que buscaba su camino. Comenz\u00f3 estudiando <b>Arquitectura y Derecho<\/b>, unos estudios que nunca termin\u00f3, hasta que un d\u00eda una oportunidad llam\u00f3 a su puerta: sus amigos <b>grabaron una de sus actuaciones<\/b> y la mandaron a <b>El Club de la Comedia. <\/b><\/p>\n<p>Pese a su incansable y exitosa carrera, recientemente<b> anunciaba su jubilaci\u00f3n<\/b>. \u00abLlevo muchos a\u00f1os con mucha intensidad de trabajo y<b> quiero estar una temporada relajado<\/b>\u00ab, confiesa Leo Harlem, \u00abllega un momento que esto est\u00e1 bien, pero<b> tener tiempo para uno tambi\u00e9n es importante<\/b>\u00ab.<\/p>\n<p>Tras un sinf\u00edn de mon\u00f3logos y pel\u00edculas, Leo Harlem se despide. <b>\u00abTambi\u00e9n es importante dejar hueco para la gente joven\u00bb<\/b>, afirma.<\/p>\n<p>Hoy, Leo Harlem tiene ganas de disfrutar de la vida y el humor desde otro punto, aunque siempre quedar\u00e1 su legado imborrable de carcajadas. \u00a1No te pierdas su entrevista en el v\u00eddeo de arriba!<\/p>\n","protected":false},"excerpt":{"rendered":"Leonardo Gonz\u00e1lez F\u00e9liz, m\u00e1s conocido como Leo Harlem, es una de los rostros por excelencia del humor espa\u00f1ol.&hellip;\n","protected":false},"author":2,"featured_media":256099,"comment_status":"","ping_status":"","sticky":false,"template":"","format":"standard","meta":{"footnotes":""},"categories":[174],"tags":[255,146,147,25,24,256,23],"class_list":{"0":"post-256098","1":"post","2":"type-post","3":"status-publish","4":"format-standard","5":"has-post-thumbnail","7":"category-famosos","8":"tag-celebrities","9":"tag-entertainment","10":"tag-entretenimiento","11":"tag-es","12":"tag-espana","13":"tag-famosos","14":"tag-spain"},"share_on_mastodon":{"url":"https:\/\/pubeurope.com\/@es\/115613789438747074","error":""},"_links":{"self":[{"href":"https:\/\/www.europesays.com\/es\/wp-json\/wp\/v2\/posts\/256098","targetHints":{"allow":["GET"]}}],"collection":[{"href":"https:\/\/www.europesays.com\/es\/wp-json\/wp\/v2\/posts"}],"about":[{"href":"https:\/\/www.europesays.com\/es\/wp-json\/wp\/v2\/types\/post"}],"author":[{"embeddable":true,"href":"https:\/\/www.europesays.com\/es\/wp-json\/wp\/v2\/users\/2"}],"replies":[{"embeddable":true,"href":"https:\/\/www.europesays.com\/es\/wp-json\/wp\/v2\/comments?post=256098"}],"version-history":[{"count":0,"href":"https:\/\/www.europesays.com\/es\/wp-json\/wp\/v2\/posts\/256098\/revisions"}],"wp:featuredmedia":[{"embeddable":true,"href":"https:\/\/www.europesays.com\/es\/wp-json\/wp\/v2\/media\/256099"}],"wp:attachment":[{"href":"https:\/\/www.europesays.com\/es\/wp-json\/wp\/v2\/media?parent=256098"}],"wp:term":[{"taxonomy":"category","embeddable":true,"href":"https:\/\/www.europesays.com\/es\/wp-json\/wp\/v2\/categories?post=256098"},{"taxonomy":"post_tag","embeddable":true,"href":"https:\/\/www.europesays.com\/es\/wp-json\/wp\/v2\/tags?post=256098"}],"curies":[{"name":"wp","href":"https:\/\/api.w.org\/{rel}","templated":true}]}}