{"id":256110,"date":"2025-11-26T03:16:09","date_gmt":"2025-11-26T03:16:09","guid":{"rendered":"https:\/\/www.europesays.com\/es\/256110\/"},"modified":"2025-11-26T03:16:09","modified_gmt":"2025-11-26T03:16:09","slug":"maduro-dice-que-venezuela-vive-una-coyuntura-decisiva-dw-26-11-2025","status":"publish","type":"post","link":"https:\/\/www.europesays.com\/es\/256110\/","title":{"rendered":"Maduro dice que Venezuela vive una \u00abcoyuntura decisiva\u00bb \u2013 DW \u2013 26\/11\/2025"},"content":{"rendered":"<p>El gobernante de <a class=\"internal-link\" href=\"https:\/\/www.dw.com\/es\/venezuela\/t-17410652\" rel=\"nofollow noopener\" target=\"_blank\">Venezuela<\/a>, <a class=\"internal-link\" href=\"https:\/\/www.dw.com\/es\/nicol\u00e1s-maduro\/t-17409336\" rel=\"nofollow noopener\" target=\"_blank\">Nicol\u00e1s Maduro<\/a>, expres\u00f3 este martes (25.11.2025) que el pa\u00eds enfrenta una \u00abcoyuntura decisiva para su existencia\u00bb como rep\u00fablica, en la que, dijo, est\u00e1 \u00abprohibido fallar\u00bb en la defensa de la naci\u00f3n frente a \u00ablas amenazas\u00bb de EE.UU., que <a class=\"internal-link\" href=\"https:\/\/www.dw.com\/es\/lo-que-hay-que-saber-del-conflicto-eeuu-venezuela\/a-74745354\" rel=\"nofollow noopener\" target=\"_blank\">mantiene un despliegue naval y a\u00e9reo en el Caribe<\/a>.<\/p>\n<p>Rodeado de sus m\u00e1s altos funcionarios, el gobernante dijo que \u00abno hay excusas para nadie, sea civil, sea pol\u00edtico, sea militar o sea polic\u00eda\u00bb, en un momento en que \u00abla patria reclama el mayor esfuerzo y sacrificio\u00bb.<\/p>\n<p>\u00abSi la patria reclama, la patria tendr\u00e1 nuestra vida, si es necesario\u00bb, expres\u00f3 desde la Academia Militar del Fuerte Tiuna, uno de los principales complejos castrenses del pa\u00eds, en Caracas.<\/p>\n<p>En ese sentido, Maduro hizo un llamado a la Fuerza Armada, a los cuerpos policiales y a los ciudadanos en general a exigirse \u00abdiez veces m\u00e1s\u00bb para \u00abser capaces de defender cada palmo\u00bb del territorio \u00abde cualquier amenaza o agresi\u00f3n imperialista, venga de donde venga y cuando venga\u00bb.<\/p>\n<p>Juramento multitudinario<\/p>\n<p>Con el ministro de Interior, Diosdado Cabello, y los hermanos Delcy y Jorge Rodr\u00edguez, vicepresidenta ejecutiva y jefe del Parlamento, respectivamente, a su derecha, y el titular de Defensa, Vladimir Padrino L\u00f3pez, a su izquierda, el jefe de Estado pidi\u00f3 al pa\u00eds, en medio de un juramento con los asistentes, \u00abestar a la altura de defender esta tierra\u00bb.<\/p>\n<p>Maduro cerr\u00f3 una marcha en la que miles de personas, entre ellas simpatizantes del chavismo y funcionarios, rechazaron las que se\u00f1alaron como \u00abamenazas y ataques del imperialismo\u00bb, en alusi\u00f3n al despliegue militar que Washington defiende como una operaci\u00f3n contra el narcotr\u00e1fico y que Caracas denuncia como una \u00abamenaza\u00bb para propiciar un \u00abcambio de r\u00e9gimen\u00bb.<\/p>\n<p>La movilizaci\u00f3n se llev\u00f3 a cabo un d\u00eda despu\u00e9s de que el Departamento de Estado de EE.UU. confirmara la designaci\u00f3n oficial del Cartel de los Soles como grupo terrorista extranjero, que la Administraci\u00f3n de Donald Trump asegura que lidera Maduro junto con altos mandos del Ej\u00e9rcito y el Gobierno venezolano, aunque Caracas ha advertido que se trata de un \u00abinvento\u00bb de Washington.<\/p>\n<p>Cabello tilda a Rubio de \u00abimb\u00e9cil\u00bb<\/p>\n<p>Por su parte, el titular de Interior y Justicia del chavismo, Diosdado Cabello, acus\u00f3 de \u00abimb\u00e9cil\u00bb y de tener \u00ab\u00ednfulas de conquistador\u00bb al secretario de Estado estadounidense, Marco Rubio.<\/p>\n<p>\u00abEs imposible conseguir\u00bb un secretario de Estado \u00abm\u00e1s imb\u00e9cil que Marco Rubio\u00bb, afirm\u00f3 Cabello, que tambi\u00e9n denunci\u00f3 al funcionario estadounidense por tener \u00ab\u00ednfulas de conquistador\u00bb en declaraciones al canal estatal Venezolana de Televisi\u00f3n (VTV) en medio de la marcha chavista en Caracas en apoyo al r\u00e9gimen que encabeza Maduro.<\/p>\n<p>Cabello tambi\u00e9n acus\u00f3 al Gobierno de EE. UU. de tener v\u00ednculos con el narcotr\u00e1fico e insisti\u00f3 en que el Gobierno estadounidense quiere \u00abrobarse los recursos naturales de Venezuela\u00bb.<\/p>\n<p>jc (efe, Venezolana de Televisi\u00f3n)<\/p>\n","protected":false},"excerpt":{"rendered":"El gobernante de Venezuela, Nicol\u00e1s Maduro, expres\u00f3 este martes (25.11.2025) que el pa\u00eds enfrenta una \u00abcoyuntura decisiva para&hellip;\n","protected":false},"author":2,"featured_media":256111,"comment_status":"","ping_status":"","sticky":false,"template":"","format":"standard","meta":{"footnotes":""},"categories":[42],"tags":[17,18,13,14,11,61,62,63,64,19,20,9,10,15,16,12,21,22,65,66,67],"class_list":{"0":"post-256110","1":"post","2":"type-post","3":"status-publish","4":"format-standard","5":"has-post-thumbnail","7":"category-internacional","8":"tag-breaking-news","9":"tag-breakingnews","10":"tag-featured-news","11":"tag-featurednews","12":"tag-headlines","13":"tag-internacional","14":"tag-international","15":"tag-international-news","16":"tag-internationalnews","17":"tag-latest-news","18":"tag-latestnews","19":"tag-news","20":"tag-noticias","21":"tag-noticias-destacadas","22":"tag-noticiasdestacadas","23":"tag-titulares","24":"tag-ultimas-noticias","25":"tag-ultimasnoticias","26":"tag-world","27":"tag-world-news","28":"tag-worldnews"},"share_on_mastodon":{"url":"https:\/\/pubeurope.com\/@es\/115613832652373464","error":""},"_links":{"self":[{"href":"https:\/\/www.europesays.com\/es\/wp-json\/wp\/v2\/posts\/256110","targetHints":{"allow":["GET"]}}],"collection":[{"href":"https:\/\/www.europesays.com\/es\/wp-json\/wp\/v2\/posts"}],"about":[{"href":"https:\/\/www.europesays.com\/es\/wp-json\/wp\/v2\/types\/post"}],"author":[{"embeddable":true,"href":"https:\/\/www.europesays.com\/es\/wp-json\/wp\/v2\/users\/2"}],"replies":[{"embeddable":true,"href":"https:\/\/www.europesays.com\/es\/wp-json\/wp\/v2\/comments?post=256110"}],"version-history":[{"count":0,"href":"https:\/\/www.europesays.com\/es\/wp-json\/wp\/v2\/posts\/256110\/revisions"}],"wp:featuredmedia":[{"embeddable":true,"href":"https:\/\/www.europesays.com\/es\/wp-json\/wp\/v2\/media\/256111"}],"wp:attachment":[{"href":"https:\/\/www.europesays.com\/es\/wp-json\/wp\/v2\/media?parent=256110"}],"wp:term":[{"taxonomy":"category","embeddable":true,"href":"https:\/\/www.europesays.com\/es\/wp-json\/wp\/v2\/categories?post=256110"},{"taxonomy":"post_tag","embeddable":true,"href":"https:\/\/www.europesays.com\/es\/wp-json\/wp\/v2\/tags?post=256110"}],"curies":[{"name":"wp","href":"https:\/\/api.w.org\/{rel}","templated":true}]}}