{"id":256112,"date":"2025-11-26T03:17:08","date_gmt":"2025-11-26T03:17:08","guid":{"rendered":"https:\/\/www.europesays.com\/es\/256112\/"},"modified":"2025-11-26T03:17:08","modified_gmt":"2025-11-26T03:17:08","slug":"la-agencia-de-proteccion-de-datos-multa-a-aena-con-10-millones-por-sus-sistemas-de-reconocimiento-facial","status":"publish","type":"post","link":"https:\/\/www.europesays.com\/es\/256112\/","title":{"rendered":"La Agencia de Protecci\u00f3n de Datos multa a Aena con 10 millones por sus sistemas de reconocimiento facial"},"content":{"rendered":"<p class=\"L6-news-detail__text\">La <b>Agencia Espa\u00f1ola de Protecci\u00f3n de Datos<\/b> (AEPD) ha impuesto una <b>multa de m\u00e1s de 10 millones de euros a <\/b><b><a title=\"Aena\" href=\"https:\/\/www.lasexta.com\/noticias\/sociedad\/segunda-jornada-huelga-barajas-esperas-hora-pasar-controles_2025091568c7bfbdd8e27966645b32cb.html\" target=\"_blank\" rel=\"nofollow noopener\">Aena<\/a><\/b><b>por desplegar sistemas de reconocimiento facial<\/b> sin haber hecho previamente una evaluaci\u00f3n de impacto v\u00e1lida que, entre otras cuestiones, examine la necesidad, idoneidad y proporcionalidad de la medida.<\/p>\n<p class=\"L6-news-detail__text\">En total, la multa se eleva a 10.043.002 euros por una infracci\u00f3n del art\u00edculo 35 del Reglamento General de Protecci\u00f3n de Datos (RGPD). En una resoluci\u00f3n a la que ha tenido acceso &#8216;EFE&#8217;, la agencia confirma adem\u00e1s la <b>suspensi\u00f3n temporal de todo tratamiento de datos biom\u00e9tricos<\/b>.<\/p>\n<p class=\"L6-news-detail__text\">En especial, agrega el texto, de los referidos al sistema de identificaci\u00f3n por reconocimiento facial para <b>controlar el acceso de los pasajeros<\/b> a determinadas zonas de los aeropuertos gestionados por Aena, hasta que este operador lleve a cabo una evaluaci\u00f3n de impacto en la protecci\u00f3n de datos (EIPD) en los t\u00e9rminos recogidos en el art\u00edculo 35 del RGPD.<\/p>\n<p class=\"L6-news-detail__text\">Seg\u00fan el citado art\u00edculo, cuando sea probable que un tipo de tratamiento, en particular si utiliza nuevas tecnolog\u00edas (&#8230;), entra\u00f1e un alto riesgo para los derechos y libertades de las personas f\u00edsicas, el responsable -este caso Aena- realizar\u00e1, antes del tratamiento, una evaluaci\u00f3n del impacto de las operaciones en la protecci\u00f3n de datos personales.<\/p>\n<p class=\"L6-news-detail__text\">Esta evaluaci\u00f3n deber\u00e1 incluir como m\u00ednimo una serie de cosas, entre ellas una <b>descripci\u00f3n sistem\u00e1tica de las operaciones de tratamiento previstas y de los fines del mismo<\/b>, inclusive, cuando proceda, el inter\u00e9s leg\u00edtimo perseguido por el responsable del tratamiento.<\/p>\n<p class=\"L6-news-detail__text\">Adem\u00e1s de una descripci\u00f3n de la necesidad y proporcionalidad de la medida, la citada evaluaci\u00f3n deber\u00e1 integrar las medidas previstas para afrontar los riesgos, incluidas <b>garant\u00edas, medidas de seguridad<\/b> y mecanismos que garanticen la protecci\u00f3n de datos personales.<\/p>\n<p>Aena recurrir\u00e1<\/p>\n<p class=\"L6-news-detail__text\">Ante esta decisi\u00f3n de la agencia, adelantada por &#8216;El Confidencial&#8217; y confirmada por &#8216;EFE&#8217;, cabe recurso; Aena ya ha anunciado que recurrir\u00e1 ante los tribunales la sanci\u00f3n.<\/p>\n<p class=\"L6-news-detail__text\">El gestor aeroportuario espa\u00f1ol entiende, en un comunicado difundido este martes, que <b>la resoluci\u00f3n no es acorde con el principio de proporcionalidad<\/b>.<\/p>\n<p class=\"L6-news-detail__text\">La sanci\u00f3n se fundamenta en la supuesta infracci\u00f3n de una obligaci\u00f3n formal, al considerar la AEPD que Aena no cumpli\u00f3 debidamente con su obligaci\u00f3n formal de elaborar una evaluaci\u00f3n de impacto de protecci\u00f3n de datos que cumpliera con los requerimientos que establece la normativa, con car\u00e1cter previo al inicio de los programas en los que se habilit\u00f3 el acceso biom\u00e9trico a los pasajeros que as\u00ed lo solicitaron.<\/p>\n<p class=\"L6-news-detail__text\">Habi\u00e9ndose elaborado tales evaluaciones antes del inicio de los programas, Aena \u00abdiscrepa respetuosamente\u00bb de la consideraci\u00f3n de la AEPD de que las evaluaciones realizadas no cumpl\u00edan adecuadamente los requerimientos normativos aplicables.<\/p>\n<p class=\"L6-news-detail__text\">Aena garantiza que <b>no se ha producido ninguna brecha de seguridad<\/b> y que, por tanto, no ha habido ninguna filtraci\u00f3n de datos de los usuarios de los distintos programas de biometr\u00eda para embarque, desplegados en los aeropuertos de la red en Espa\u00f1a, ni de ning\u00fan tercero.<\/p>\n<p class=\"L6-news-detail__text\">Ha a\u00f1adido que <b>los titulares de los datos \u00abprestaron voluntariamente su consentimiento<\/b> informado al tratamiento necesario para disfrutar del acceso biom\u00e9trico\u00bb.<\/p>\n<p class=\"L6-news-detail__text\">Asimismo, ha explicado que puso en marcha el embarque biom\u00e9trico, junto con las compa\u00f1\u00edas a\u00e9reas que participaron en el programa, con el fin de proporcionar a los pasajeros una mejor experiencia en los aeropuertos, al <b>agilizar el paso por los procesos de documentaci\u00f3n<\/b>.<\/p>\n<p class=\"L6-news-detail__text\">El gestor aeroportuario \u00abseguir\u00e1 trabajando en esta l\u00ednea, para reiniciar el programa tan pronto como sea posible\u00bb.<\/p>\n<p>Otras multas millonarias<\/p>\n<p class=\"L6-news-detail__text\">La alta cuant\u00eda de la multa se asemeja a otras anteriormente declaradas por la AEPD. As\u00ed, en 2022 anunci\u00f3 una de diez millones de euros a <b>Google LLC <\/b>por vulnerar los art\u00edculos 6 y 17 del RGPD que regulan el derecho al olvido.<\/p>\n<p class=\"L6-news-detail__text\">La AEPD declaraba la existencia de <b>dos infracciones \u00abmuy graves\u00bb por ceder datos a terceros <\/b>sin legitimaci\u00f3n para ello y obstaculizar el derecho a la supresi\u00f3n de los ciudadanos.<\/p>\n<p class=\"L6-news-detail__text\">El a\u00f1o anterior, en 2021, la AEPD impuso a <b>Vodafone Espa\u00f1a<\/b> varias sanciones que sumaban m\u00e1s de ocho millones de euros por incumplir varios art\u00edculos de la legislaci\u00f3n espa\u00f1ola; en ese momento se convert\u00eda en la multa m\u00e1s alta que hab\u00eda decretado este organismo.<\/p>\n<p class=\"L6-news-detail__text\">La mayor\u00eda de las reclamaciones contra Vodafone Espa\u00f1a denunciaban la realizaci\u00f3n de acciones de mercadotecnia y de prospecci\u00f3n comercial a trav\u00e9s de llamadas telef\u00f3nicas y mediante el env\u00edo de comunicaciones comerciales electr\u00f3nicas, tanto de correos como de mensajes SMS, acciones que seg\u00fan la agencia vulneran la legalidad.<\/p>\n<p class=\"L6-news-detail__text\">Esas comunicaciones no hab\u00edan sido solicitadas o expresamente autorizadas por las personas que las han recibido. En enero de 2025, la Audiencia Nacional rebaj\u00f3 de 8 a 4,5 millones la sanci\u00f3n.<\/p>\n<p class=\"L6-news-detail__text\"><b><a title=\"*Sigue a laSexta en Google. Toda la actualidad y el mejor contenido aqu\u00ed.\" href=\"https:\/\/profile.google.com\/cp\/CgkvbS8wZG5xejA\" target=\"_blank\" rel=\"nofollow noopener\">*Sigue a laSexta en Google. Toda la actualidad y el mejor contenido aqu\u00ed.<\/a><\/b><\/p>\n<p class=\"L6-support-news-video__title\">Hacia los PGE<\/p>\n<p>            <a href=\"https:\/\/www.lasexta.com\/noticias\/economia\/gobierno-aprueba-techo-gasto-record-212026-millones-2026-85-mas_20251118691c6a1539b3f1652bf55bec.html\" class=\"L6-news__link\" rel=\"nofollow noopener\" target=\"_blank\"><br \/>\n                El Gobierno aprueba un techo de gasto r\u00e9cord de 212.026 millones para 2026, un 8,5% m\u00e1s<\/p>\n<p class=\"recirculation-video-desc\">\u00bfPor qu\u00e9 es importante? La aprobaci\u00f3n del l\u00edmite de gasto no financiero y de la senda de estabilidad es un paso previo a la presentaci\u00f3n de los Presupuestos Generales del Estado. Montero insiste en que el Ejecutivo va a presentar las cuentas.<\/p>\n<p>            <\/a><\/p>\n","protected":false},"excerpt":{"rendered":"La Agencia Espa\u00f1ola de Protecci\u00f3n de Datos (AEPD) ha impuesto una multa de m\u00e1s de 10 millones de&hellip;\n","protected":false},"author":2,"featured_media":256113,"comment_status":"","ping_status":"","sticky":false,"template":"","format":"standard","meta":{"footnotes":""},"categories":[8],"tags":[17,18,25,24,13,14,11,19,20,9,10,15,16,23,12,21,22],"class_list":{"0":"post-256112","1":"post","2":"type-post","3":"status-publish","4":"format-standard","5":"has-post-thumbnail","7":"category-espana","8":"tag-breaking-news","9":"tag-breakingnews","10":"tag-es","11":"tag-espana","12":"tag-featured-news","13":"tag-featurednews","14":"tag-headlines","15":"tag-latest-news","16":"tag-latestnews","17":"tag-news","18":"tag-noticias","19":"tag-noticias-destacadas","20":"tag-noticiasdestacadas","21":"tag-spain","22":"tag-titulares","23":"tag-ultimas-noticias","24":"tag-ultimasnoticias"},"share_on_mastodon":{"url":"https:\/\/pubeurope.com\/@es\/115613836622420144","error":""},"_links":{"self":[{"href":"https:\/\/www.europesays.com\/es\/wp-json\/wp\/v2\/posts\/256112","targetHints":{"allow":["GET"]}}],"collection":[{"href":"https:\/\/www.europesays.com\/es\/wp-json\/wp\/v2\/posts"}],"about":[{"href":"https:\/\/www.europesays.com\/es\/wp-json\/wp\/v2\/types\/post"}],"author":[{"embeddable":true,"href":"https:\/\/www.europesays.com\/es\/wp-json\/wp\/v2\/users\/2"}],"replies":[{"embeddable":true,"href":"https:\/\/www.europesays.com\/es\/wp-json\/wp\/v2\/comments?post=256112"}],"version-history":[{"count":0,"href":"https:\/\/www.europesays.com\/es\/wp-json\/wp\/v2\/posts\/256112\/revisions"}],"wp:featuredmedia":[{"embeddable":true,"href":"https:\/\/www.europesays.com\/es\/wp-json\/wp\/v2\/media\/256113"}],"wp:attachment":[{"href":"https:\/\/www.europesays.com\/es\/wp-json\/wp\/v2\/media?parent=256112"}],"wp:term":[{"taxonomy":"category","embeddable":true,"href":"https:\/\/www.europesays.com\/es\/wp-json\/wp\/v2\/categories?post=256112"},{"taxonomy":"post_tag","embeddable":true,"href":"https:\/\/www.europesays.com\/es\/wp-json\/wp\/v2\/tags?post=256112"}],"curies":[{"name":"wp","href":"https:\/\/api.w.org\/{rel}","templated":true}]}}