{"id":256116,"date":"2025-11-26T03:26:07","date_gmt":"2025-11-26T03:26:07","guid":{"rendered":"https:\/\/www.europesays.com\/es\/256116\/"},"modified":"2025-11-26T03:26:07","modified_gmt":"2025-11-26T03:26:07","slug":"las-palabras-de-paolo-galbiati-tras-la-derrota-del-baskonia-ante-zalgiris-kaunas","status":"publish","type":"post","link":"https:\/\/www.europesays.com\/es\/256116\/","title":{"rendered":"Las palabras de Paolo Galbiati tras la derrota del Baskonia ante Zalgiris Kaunas"},"content":{"rendered":"<p>Baskonia se coloca con un balance de 4-9 en la m\u00e1xima competici\u00f3n europea.<\/p>\n<p>Paolo Galbiati atendi\u00f3 a los medios en rueda de prensa despu\u00e9s de que el Baskonia cayera en Kaunas ante el Zalgiris en la 13\u00aa jornada de la Euroliga.<\/p>\n<p>La rueda de prensa de Paolo Galbiati tras el partido ante el Zalgiris<\/p>\n<p>\u00abFelicitar al Zalgiris. Creo que hemos jugado 25 muy buenos minutos y despu\u00e9s de eso nos hemos estancado contra la buena defensa del Zalgiris y hemos dejado de jugar en defensa. Esa ha sido la clave. Ahora tenemos una semana para refrescar nuestro cuerpo, nuestra mente y tratar de recuperar jugadores para seguir con nuestro marat\u00f3n\u00bb.<\/p>\n<p>\u00abLe doy cr\u00e9dito a al defensa del Zalgiris porque han hecho los ajustes que necesitaban y nosotros hemos dejado de jugar juntos cuando ellos han cambiado la defensa. Solo eso, nos hemos parado. Al final ves el 82 pero en la primera parte ellos han anotado 3, 4 o 5 canastas pr\u00e1cticamente sobre la bocina, lo mismo en la segunda parte. El problema ha sido nuestro ataque. Nos paramos, no hemos logrado compartir el bal\u00f3n y mantenernos juntos. Perdimos el toque, demasiado nerviosos con los \u00e1rbitros, con los compa\u00f1eros, con todo el mundo\u2026 incluso conmigo por algunas decisiones\u00bb.<\/p>\n<p>\u00abFrancisco meti\u00f3 30 en Madrid. Creo que Rafa hizo un gran trabajo con \u00e9l, pero los otros podr\u00edan haberlo hecho mejor. Tiene talento, es muy peque\u00f1o, recibe faltas\u2026 Podr\u00edamos haberlos hecho mejor\u00bb.<\/p>\n<p>No es f\u00e1cil para nadie ganar fuera de casa, pero creo que s\u00ed, que estamos m\u00e1s cerca\u00bb.<\/p>\n<p class=\"has-text-align-right\">Foto: Getty Images<\/p>\n<p>\t\t\t\t\t\t<a href=\"https:\/\/www.gigantes.com\/tienda\/\" target=\"_blank\" rel=\"noopener nofollow\"><br \/>\n\t\t\t\t\t\t\t<img decoding=\"async\" src=\"https:\/\/www.europesays.com\/es\/wp-content\/uploads\/2025\/11\/cropped-40.jpg\" alt=\"cropped-40.jpg\"\/><br \/>\n\t\t\t\t\t\t<\/a><\/p>\n<p class=\"magazine-description\">Testigos del baloncesto. Cumplimos 40 a\u00f1os. Una edici\u00f3n diferente, llena de curiosidades, opiniones, gui\u00f1os, historia y cari\u00f1o. Cuatro d\u00e9cadas fusionando basket y papel.<\/p>\n<p>\t\t\t\t\t<a href=\"https:\/\/www.gigantes.com\/tienda\/\" class=\"btn-primary\" target=\"_blank\" rel=\"noopener nofollow\">Comprar<\/a><\/p>\n","protected":false},"excerpt":{"rendered":"Baskonia se coloca con un balance de 4-9 en la m\u00e1xima competici\u00f3n europea. Paolo Galbiati atendi\u00f3 a los&hellip;\n","protected":false},"author":2,"featured_media":256117,"comment_status":"","ping_status":"","sticky":false,"template":"","format":"standard","meta":{"footnotes":""},"categories":[269],"tags":[299,298,168,25,24,23,167],"class_list":{"0":"post-256116","1":"post","2":"type-post","3":"status-publish","4":"format-standard","5":"has-post-thumbnail","7":"category-baloncesto","8":"tag-baloncesto","9":"tag-basketball","10":"tag-deportes","11":"tag-es","12":"tag-espana","13":"tag-spain","14":"tag-sports"},"share_on_mastodon":{"url":"https:\/\/pubeurope.com\/@es\/115613872487749408","error":""},"_links":{"self":[{"href":"https:\/\/www.europesays.com\/es\/wp-json\/wp\/v2\/posts\/256116","targetHints":{"allow":["GET"]}}],"collection":[{"href":"https:\/\/www.europesays.com\/es\/wp-json\/wp\/v2\/posts"}],"about":[{"href":"https:\/\/www.europesays.com\/es\/wp-json\/wp\/v2\/types\/post"}],"author":[{"embeddable":true,"href":"https:\/\/www.europesays.com\/es\/wp-json\/wp\/v2\/users\/2"}],"replies":[{"embeddable":true,"href":"https:\/\/www.europesays.com\/es\/wp-json\/wp\/v2\/comments?post=256116"}],"version-history":[{"count":0,"href":"https:\/\/www.europesays.com\/es\/wp-json\/wp\/v2\/posts\/256116\/revisions"}],"wp:featuredmedia":[{"embeddable":true,"href":"https:\/\/www.europesays.com\/es\/wp-json\/wp\/v2\/media\/256117"}],"wp:attachment":[{"href":"https:\/\/www.europesays.com\/es\/wp-json\/wp\/v2\/media?parent=256116"}],"wp:term":[{"taxonomy":"category","embeddable":true,"href":"https:\/\/www.europesays.com\/es\/wp-json\/wp\/v2\/categories?post=256116"},{"taxonomy":"post_tag","embeddable":true,"href":"https:\/\/www.europesays.com\/es\/wp-json\/wp\/v2\/tags?post=256116"}],"curies":[{"name":"wp","href":"https:\/\/api.w.org\/{rel}","templated":true}]}}