{"id":256120,"date":"2025-11-26T03:28:13","date_gmt":"2025-11-26T03:28:13","guid":{"rendered":"https:\/\/www.europesays.com\/es\/256120\/"},"modified":"2025-11-26T03:28:13","modified_gmt":"2025-11-26T03:28:13","slug":"la-tension-entre-la-madre-de-anabel-pantoja-y-david-eclipso-el-primer-cumpleanos-de-su-hija-segun-luis-pliego","status":"publish","type":"post","link":"https:\/\/www.europesays.com\/es\/256120\/","title":{"rendered":"La tensi\u00f3n entre la madre de Anabel Pantoja y David eclips\u00f3 el primer cumplea\u00f1os de su hija, seg\u00fan Luis Pliego"},"content":{"rendered":"<p class=\"c-paragraph\">Este martes, Luis Pliego ha revelado en El tiempo justo que entre Merchi, la madre de <a href=\"https:\/\/www.20minutos.es\/tags\/personas\/anabel-pantoja.html\" title=\"Anabel Pantoja\" rel=\"nofollow noopener\" target=\"_blank\">Anabel Pantoja<\/a>, y David Rodr\u00edguez, pareja de la sevillana, <b>hay un claro distanciamiento y un ambiente algo tenso<\/b>. Incluso en un d\u00eda tan se\u00f1alado como el primer cumplea\u00f1os de la hija que comparten Rodr\u00edguez y Pantoja, la situaci\u00f3n habr\u00eda seguido exactamente igual, sin el menor gesto de acercamiento.<\/p>\n<p class=\"c-paragraph\">Seg\u00fan ha expuesto el colaborador, esta falta de trato no es reciente y forma parte ya de la rutina familiar. De acuerdo con lo comentado en el programa, <b>ambos evitan verse siempre que es posible<\/b>, hasta el punto de organizar sus visitas a Madrid para no coincidir en la vivienda de Anabel.<\/p>\n<p class=\"c-paragraph\">\u00abLo habitual es que cuando llega David desde C\u00f3rdoba el fin de semana, <b>Merchi se vaya a Sevilla<\/b>\u00ab, ha comentado el director de <a href=\"https:\/\/www.20minutos.es\/tags\/instituciones-empresas\/revista-lecturas.html\" title=\"Revista Lecturas\" rel=\"nofollow noopener\" target=\"_blank\">Lecturas<\/a>, revista que ampliar\u00e1 la informaci\u00f3n en su n\u00famero del mi\u00e9rcoles.<\/p>\n<p class=\"c-paragraph\">En esta ocasi\u00f3n, y pese a tratarse del cumplea\u00f1os de la peque\u00f1a, Merchi decidi\u00f3 <b>no pasar la noche anterior en casa de su descendiente<\/b> y opt\u00f3 por quedarse en la vivienda de una amiga cercana.\u00a0\u00abSe esquivaron durante toda la fiesta\u00bb, ha asegurado Pliego al comentar el ambiente.<\/p>\n<p class=\"c-paragraph\">En el mismo programa, Antonio Rossi ha recordado que el origen del conflicto <b>se remontar\u00eda al ingreso hospitalario de la menor<\/b> y al proceso judicial que se abri\u00f3 entonces.\u00a0\u00abDesde entonces la comunicaci\u00f3n es nula\u00bb, ha concluido.<\/p>\n","protected":false},"excerpt":{"rendered":"Este martes, Luis Pliego ha revelado en El tiempo justo que entre Merchi, la madre de Anabel Pantoja,&hellip;\n","protected":false},"author":2,"featured_media":256121,"comment_status":"","ping_status":"","sticky":false,"template":"","format":"standard","meta":{"footnotes":""},"categories":[174],"tags":[11306,255,146,160,147,25,24,256,3354,10878,23,8487],"class_list":{"0":"post-256120","1":"post","2":"type-post","3":"status-publish","4":"format-standard","5":"has-post-thumbnail","7":"category-famosos","8":"tag-anabel","9":"tag-celebrities","10":"tag-entertainment","11":"tag-entre","12":"tag-entretenimiento","13":"tag-es","14":"tag-espana","15":"tag-famosos","16":"tag-madre","17":"tag-pantoja","18":"tag-spain","19":"tag-tension"},"share_on_mastodon":{"url":"https:\/\/pubeurope.com\/@es\/115613879752060911","error":""},"_links":{"self":[{"href":"https:\/\/www.europesays.com\/es\/wp-json\/wp\/v2\/posts\/256120","targetHints":{"allow":["GET"]}}],"collection":[{"href":"https:\/\/www.europesays.com\/es\/wp-json\/wp\/v2\/posts"}],"about":[{"href":"https:\/\/www.europesays.com\/es\/wp-json\/wp\/v2\/types\/post"}],"author":[{"embeddable":true,"href":"https:\/\/www.europesays.com\/es\/wp-json\/wp\/v2\/users\/2"}],"replies":[{"embeddable":true,"href":"https:\/\/www.europesays.com\/es\/wp-json\/wp\/v2\/comments?post=256120"}],"version-history":[{"count":0,"href":"https:\/\/www.europesays.com\/es\/wp-json\/wp\/v2\/posts\/256120\/revisions"}],"wp:featuredmedia":[{"embeddable":true,"href":"https:\/\/www.europesays.com\/es\/wp-json\/wp\/v2\/media\/256121"}],"wp:attachment":[{"href":"https:\/\/www.europesays.com\/es\/wp-json\/wp\/v2\/media?parent=256120"}],"wp:term":[{"taxonomy":"category","embeddable":true,"href":"https:\/\/www.europesays.com\/es\/wp-json\/wp\/v2\/categories?post=256120"},{"taxonomy":"post_tag","embeddable":true,"href":"https:\/\/www.europesays.com\/es\/wp-json\/wp\/v2\/tags?post=256120"}],"curies":[{"name":"wp","href":"https:\/\/api.w.org\/{rel}","templated":true}]}}