{"id":256132,"date":"2025-11-26T03:39:09","date_gmt":"2025-11-26T03:39:09","guid":{"rendered":"https:\/\/www.europesays.com\/es\/256132\/"},"modified":"2025-11-26T03:39:09","modified_gmt":"2025-11-26T03:39:09","slug":"trump-asegura-que-planea-hablar-con-maduro-si-podemos-salvar-vidas-esta-bien-internacional","status":"publish","type":"post","link":"https:\/\/www.europesays.com\/es\/256132\/","title":{"rendered":"Trump asegura que planea hablar con Maduro: \u201cSi podemos salvar vidas, est\u00e1 bien\u201d | Internacional"},"content":{"rendered":"<p class=\"\">El presidente de Estados Unidos, Donald Trump, ha reiterado este martes en conversaci\u00f3n con periodistas que deja la puerta abierta a hablar con el mandatario venezolano, Nicol\u00e1s Maduro, en <a href=\"https:\/\/elpais.com\/expres\/2025-11-24\/vuelos-cancelados-despliegues-militares-y-miedo-a-una-escalada-asi-se-redefine-hoy-el-tablero-venezolano.html\" target=\"_self\" rel=\"nofollow noopener\" title=\"https:\/\/elpais.com\/expres\/2025-11-24\/vuelos-cancelados-despliegues-militares-y-miedo-a-una-escalada-asi-se-redefine-hoy-el-tablero-venezolano.html\">plena escalada militar entre los dos pa\u00edses<\/a>. \u201cSi podemos salvar vidas, si podemos hacer las cosas por las buenas, est\u00e1 bien. Y si tenemos que hacerlo por las malas, tambi\u00e9n estar\u00eda bien\u201d, ha afirmado el magnate republicano. <\/p>\n<p class=\"\">Las declaraciones de Trump, a bordo del Air Force One que le trasladaba a su residencia privada en Florida, Mar-a-Lago, para pasar all\u00ed el D\u00eda de Acci\u00f3n de Gracias, confirman la posibilidad de que se produzca una conversaci\u00f3n directa para solucionar un pulso que ha disparado la tensi\u00f3n en el Caribe. <\/p>\n<p class=\"\">Preguntado por un periodista si ten\u00eda previsto hablar con Maduro, Trump contest\u00f3: \u201cpuede que hable con \u00e9l. Ya veremos\u201d. Y agreg\u00f3 que los equipos respectivos ya se encuentran en comunicaci\u00f3n, con la intenci\u00f3n de llegar a esa conversaci\u00f3n directa entre los dos l\u00edderes.<\/p>\n<p class=\"\">\u201cPodemos salvar vidas\u201d siguiendo la v\u00eda diplom\u00e1tica para resolver su duelo, ha asegurado Trump.<\/p>\n<p class=\"\">Fuentes de la Casa Blanca <a href=\"https:\/\/elpais.com\/internacional\/2025-11-25\/trump-planea-una-llamada-con-maduro-segun-el-portal-axios.html\" target=\"_self\" rel=\"nofollow noopener\" title=\"https:\/\/elpais.com\/internacional\/2025-11-25\/trump-planea-una-llamada-con-maduro-segun-el-portal-axios.html\">trasladaron ya el lunes al portal Axios<\/a> que el presidente prepara una llamada con su el sucesor de Hugo Ch\u00e1vez, aunque todav\u00eda no se ha decidido una fecha. Mientras tanto, la tensi\u00f3n aumenta, y este martes <a href=\"https:\/\/elpais.com\/america\/2025-11-25\/el-chavismo-se-moviliza-para-reivindicarse-frente-a-las-amenazas-de-estados-unidos.html\" target=\"_self\" rel=\"nofollow noopener\" title=\"https:\/\/elpais.com\/america\/2025-11-25\/el-chavismo-se-moviliza-para-reivindicarse-frente-a-las-amenazas-de-estados-unidos.html\">el chavismo ha movilizado a sus bases en una exhibici\u00f3n de unidad<\/a>. \u201cProhibido fallar en esta coyuntura decisiva\u201d, dijo Maduro a los suyos. <\/p>\n<p class=\"\">Las\u00a0declaraciones\u00a0de\u00a0Trump\u00a0se\u00a0dan\u00a0en\u00a0medio\u00a0de\u00a0una cancelaci\u00f3n masiva de vuelos y operaciones de aerol\u00edneas internacionales en Venezuela, debido al enorme despliegue militar de Estados Unidos en el Caribe. Esa demostraci\u00f3n de fuerza, que incluye la presencia del mayor portaaviones del mundo, el Gerald Ford, busca combatir el narcotr\u00e1fico, seg\u00fan Washington, aunque el Gobierno de Venezuela cree que su verdadero objetivo es forzar la ca\u00edda de Maduro. <\/p>\n<p class=\"\">En caso de llegar a un di\u00e1logo directo con el chavista, el presidente estadounidense podr\u00eda repetir el gui\u00f3n que ya ejecut\u00f3 durante su primer mandato en plena escalada ret\u00f3rica \u2014y de pruebas de misiles\u2014 con el l\u00edder norcoreano, Kim Jong-Un. Tras meses de rozar un conflicto b\u00e9lico, ambos dieron por cerrada la crisis con un encuentro cara a cara en Singapur, el primero entre un presidente estadounidense y una m\u00e1xima autoridad del r\u00e9gimen de Pyongyang. <\/p>\n<p class=\"\">Aquella reuni\u00f3n no arroj\u00f3 muchos m\u00e1s resultados concretos que emitir una vaga declaraci\u00f3n conjunta, exhibir a La Bestia -el veh\u00edculo presidencial estadounidense- ante un admirado Kim, y agolpar a una marabunta de periodistas internacionales desplazados a la ciudad-Estado para cubrir el acontecimiento. Pero sirvi\u00f3 de espita para descargar la tensi\u00f3n de la crisis. Despu\u00e9s, Trump lleg\u00f3 a declarar que \u00e9l y el aut\u00f3crata \u201cnos enamoramos\u201d.<\/p>\n<p class=\"\">Mientras aumentan las tensiones, el Pent\u00e1gono ha anunciado un viaje del secretario de Defensa, Pete Hegseth, a la zona del Caribe. El antiguo presentador de la cadena de televisi\u00f3n conservadora Fox News tiene previsto llegar este mi\u00e9rcoles a Santo Domingo para reunirse con el presidente Luis Abinader y representantes de su Gobierno para tratar cuestiones de seguridad.<\/p>\n<p class=\"\">Tambi\u00e9n se encuentra en la zona el jefe del Estado Mayor, el general Dan Caine, que el lunes visit\u00f3 Puerto Rico \u2014donde se cree que est\u00e1 destacada la mayor parte de los 15.000 soldados movilizados para la operaci\u00f3n \u201cLanza del Sur\u201d\u2014 y este martes se encontraba mucho m\u00e1s cerca de Venezuela, en Trinidad y Tobago. All\u00ed se ha reunido con representantes del Gobierno de la isla.<\/p>\n","protected":false},"excerpt":{"rendered":"El presidente de Estados Unidos, Donald Trump, ha reiterado este martes en conversaci\u00f3n con periodistas que deja la&hellip;\n","protected":false},"author":2,"featured_media":256133,"comment_status":"","ping_status":"","sticky":false,"template":"","format":"standard","meta":{"footnotes":""},"categories":[42],"tags":[889,17,18,352,629,13,14,11,61,62,63,64,19,20,1804,9,1194,10,15,16,12,21,22,1192,65,66,67],"class_list":{"0":"post-256132","1":"post","2":"type-post","3":"status-publish","4":"format-standard","5":"has-post-thumbnail","7":"category-internacional","8":"tag-america","9":"tag-breaking-news","10":"tag-breakingnews","11":"tag-donald-trump","12":"tag-estados-unidos","13":"tag-featured-news","14":"tag-featurednews","15":"tag-headlines","16":"tag-internacional","17":"tag-international","18":"tag-international-news","19":"tag-internationalnews","20":"tag-latest-news","21":"tag-latestnews","22":"tag-latinoamerica","23":"tag-news","24":"tag-nicolas-maduro","25":"tag-noticias","26":"tag-noticias-destacadas","27":"tag-noticiasdestacadas","28":"tag-titulares","29":"tag-ultimas-noticias","30":"tag-ultimasnoticias","31":"tag-venezuela","32":"tag-world","33":"tag-world-news","34":"tag-worldnews"},"share_on_mastodon":{"url":"https:\/\/pubeurope.com\/@es\/115613923352473910","error":""},"_links":{"self":[{"href":"https:\/\/www.europesays.com\/es\/wp-json\/wp\/v2\/posts\/256132","targetHints":{"allow":["GET"]}}],"collection":[{"href":"https:\/\/www.europesays.com\/es\/wp-json\/wp\/v2\/posts"}],"about":[{"href":"https:\/\/www.europesays.com\/es\/wp-json\/wp\/v2\/types\/post"}],"author":[{"embeddable":true,"href":"https:\/\/www.europesays.com\/es\/wp-json\/wp\/v2\/users\/2"}],"replies":[{"embeddable":true,"href":"https:\/\/www.europesays.com\/es\/wp-json\/wp\/v2\/comments?post=256132"}],"version-history":[{"count":0,"href":"https:\/\/www.europesays.com\/es\/wp-json\/wp\/v2\/posts\/256132\/revisions"}],"wp:featuredmedia":[{"embeddable":true,"href":"https:\/\/www.europesays.com\/es\/wp-json\/wp\/v2\/media\/256133"}],"wp:attachment":[{"href":"https:\/\/www.europesays.com\/es\/wp-json\/wp\/v2\/media?parent=256132"}],"wp:term":[{"taxonomy":"category","embeddable":true,"href":"https:\/\/www.europesays.com\/es\/wp-json\/wp\/v2\/categories?post=256132"},{"taxonomy":"post_tag","embeddable":true,"href":"https:\/\/www.europesays.com\/es\/wp-json\/wp\/v2\/tags?post=256132"}],"curies":[{"name":"wp","href":"https:\/\/api.w.org\/{rel}","templated":true}]}}