{"id":256140,"date":"2025-11-26T03:50:15","date_gmt":"2025-11-26T03:50:15","guid":{"rendered":"https:\/\/www.europesays.com\/es\/256140\/"},"modified":"2025-11-26T03:50:15","modified_gmt":"2025-11-26T03:50:15","slug":"donde-ver-betis-utrecht-canal-de-tv-y-streaming-online-del-partido-de-la-uefa-europa-league-2025-2026","status":"publish","type":"post","link":"https:\/\/www.europesays.com\/es\/256140\/","title":{"rendered":"D\u00f3nde ver Betis &#8211; Utrecht: canal de TV y streaming online del partido de la UEFA Europa League 2025-2026"},"content":{"rendered":"<p style=\"\">El <strong>Real Betis<\/strong> afronta este jueves la <a href=\"https:\/\/es.uefa.com\/uefaeuropaleague\/match\/2046232--real-betis-vs-utrecht\/\" target=\"_self\" data-voc-vtm-id=\"in-text-traffic\" title=\"5\u00aa jornada de la UEFA Europa League\" data-mrf-link=\"es.uefa.com\" rel=\"nofollow noopener\">5\u00aa jornada de la UEFA Europa League<\/a> recibiendo en el estadio de la Cartuja al <strong>FC Utrecht<\/strong>. Los verdiblancos, que suman ocho puntos, son novenos y quieren meterse entre los ocho primeros para asegurar el  &#8230; pase a la siguiente fase de la competici\u00f3n continental evitando la ronda de play off. Por su parte, el conjunto neerland\u00e9s es el 32\u00ba clasificado con apenas un punto. Te contamos todos los detalles de este partido y c\u00f3mo verlo y seguirlo.<\/p>\n<p>\nBetis &#8211; Utrecht: en qu\u00e9 canal lo televisan y plataformas de streaming\n<\/p>\n<p class=\"voc-p\" style=\"\">El partido entre el conjunto b\u00e9tico y el neerland\u00e9s correspondiente a la 5\u00aa jornada de la Europa League ser\u00e1 retransmitido por <a href=\"https:\/\/www.movistarplus.es\/canal\/m-plus-liga-de-campeones?id=chapio\" target=\"_self\" data-voc-vtm-id=\"in-text-traffic\" title=\"Movistar Liga de Campeones\" data-mrf-link=\"www.movistarplus.es\" rel=\"nofollow noopener\">Movistar Liga de Campeones<\/a> (diales 60 en Movistar y 115 en Orange) y LaLiga TV Bar (dial 300) en los establecimientos.<\/p>\n<p>\nA qu\u00e9 hora es el Betis &#8211; Utrecht: fecha, d\u00eda, horario, estadio y d\u00f3nde se juega\n<\/p>\n<p class=\"voc-p\" style=\"\">El Real Betis y FC Utrecht se enfrentan <strong>este jueves, 27 de noviembre, a las 21.00 horas<\/strong> en el estadio de la Cartuja.<\/p>\n<p>\nC\u00f3mo seguir el Betis &#8211; Utrecht\n<\/p>\n<p class=\"voc-p\" style=\"\">El duelo de la 5\u00aa jornada de la Europa League entre el conjunto de Manuel Pellegrini y el de Ron Jans se puede seguir por dos v\u00edas online. En primer lugar, desde esta misma web: <a href=\"https:\/\/www.abc.es\/deportes\/alfinaldelapalmera\/\" target=\"_self\" data-voc-vtm-id=\"in-text-traffic\" title=\"Alfinaldelapalmera.com\" data-mrf-link=\"www.abc.es\" rel=\"nofollow noopener\">Alfinaldelapalmera.com<\/a>, donde contaremos el partido en directo y minuto a minuto. Tambi\u00e9n a trav\u00e9s de ABC de Sevilla. En ambas webs, aparte del transcurrir del choque, se podr\u00e1n leer estad\u00edsticas, comentarios, cr\u00f3nicas, res\u00famenes, v\u00eddeos y todo lo relacionado con este partido de la <strong>Europa League 2025-2026<\/strong>.<\/p>\n<p>\nTodo lo que hay que saber sobre el Betis &#8211; Utrecht\n<\/p>\n<p class=\"voc-p\" style=\"\"> Por el resultado y la <a href=\"https:\/\/www.abc.es\/deportes\/alfinaldelapalmera\/noticias-betis\/audios-var-sobre-expulsion-antony-intentar-darle-20251124114401-nts.html\" target=\"_self\" data-voc-vtm-id=\"in-text-traffic\" title=\"expulsi\u00f3n de Antony\" data-mrf-link=\"www.abc.es\" rel=\"nofollow noopener\">expulsi\u00f3n de Antony<\/a>, el sabor que dej\u00f3 el <a href=\"https:\/\/www.abc.es\/deportes\/alfinaldelapalmera\/noticias-betis\/betis-girona-cronica-20251123171427-nts.html\" target=\"_self\" data-voc-vtm-id=\"in-text-traffic\" title=\"empate con el Girona\" data-mrf-link=\"www.abc.es\" rel=\"nofollow noopener\">empate con el Girona<\/a> fue amargo para un Betis atascado en la primera parte, lejos de su versi\u00f3n m\u00e1s brillante, y mejorado con los cambios en el segundo tiempo, especialmente desde la entrada de Isco, <a href=\"https:\/\/www.abc.es\/deportes\/alfinaldelapalmera\/noticias-betis\/isco-20251123154632-nts.html\" target=\"_self\" data-voc-vtm-id=\"in-text-traffic\" title=\"cuya renovaci\u00f3n hasta 2028\" data-mrf-link=\"www.abc.es\" rel=\"nofollow noopener\">cuya renovaci\u00f3n hasta 2028<\/a> se anunci\u00f3 en los proleg\u00f3menos del partido con una gran lona en las gradas del estadio. No pas\u00f3 del empate el Betis, que igual\u00f3 el tanto de Vanat por medio de <strong>Valent\u00edn G\u00f3mez<\/strong>, y la mejor forma de olvidar ese partido es ganando el siguiente. En este caso, contra el Utrecht en la Europa League. Necesita el triunfo el <strong>Betis<\/strong> para situarse entre los ocho primeros, que son los equipos que pasan a octavos de final ahorr\u00e1ndose una ronda previa. El Betis suma dos victorias y dos empates en cuatro jornadas. Venci\u00f3 al Ludogorets (0-2) y el <a href=\"https:\/\/www.abc.es\/deportes\/alfinaldelapalmera\/noticias-betis\/cronica-betis-lyon-20251106201600-nts.html\" target=\"_self\" data-voc-vtm-id=\"in-text-traffic\" title=\"Olympique de Lyon (2-0)\" data-mrf-link=\"www.abc.es\" rel=\"nofollow noopener\">Olympique de Lyon (2-0)<\/a>, y empat\u00f3 con el Forest (2-2) y el Genk (0-0).<\/p>\n<p class=\"voc-p\" style=\"\"> Recuperado para la causa <a href=\"https:\/\/www.abc.es\/deportes\/alfinaldelapalmera\/noticias-betis\/mago-isco-vuelta-renovado-luz-betis-dia-20251124205806-nts.html\" target=\"_self\" data-voc-vtm-id=\"in-text-traffic\" title=\"Isco\" data-mrf-link=\"www.abc.es\" rel=\"nofollow noopener\">Isco<\/a>, Pau L\u00f3pez se qued\u00f3 como el \u00fanico inquilino de la enfermer\u00eda b\u00e9tica hasta este martes, cuando el club comunic\u00f3 que <a href=\"https:\/\/www.abc.es\/deportes\/alfinaldelapalmera\/noticias-betis\/betis-confirma-lesion-soleo-bellerin-20251125135211-nts.html\" target=\"_self\" data-voc-vtm-id=\"in-text-traffic\" title=\"Beller\u00edn\" data-mrf-link=\"www.abc.es\" rel=\"nofollow noopener\">Beller\u00edn<\/a> sufre una lesi\u00f3n en el s\u00f3leo que lo mantendr\u00e1 de bajas entre dos y tres semanas. Tampoco estar\u00e1 <a href=\"https:\/\/www.abc.es\/deportes\/alfinaldelapalmera\/noticias-betis\/celso-descartado-jueves-ante-utrecht-duda-derbi-20251125145329-nts.html\" target=\"_self\" data-voc-vtm-id=\"in-text-traffic\" title=\"Lo Celso\" data-mrf-link=\"www.abc.es\" rel=\"nofollow noopener\">Lo Celso<\/a>, que fue cambiado al descanso el pasado domingo por unas molestias y suplido por <strong>Amrabat<\/strong>. El  marroqu\u00ed y su compatriota <strong>Abde<\/strong> fueron reservados de salida mientras que <a href=\"https:\/\/www.abc.es\/deportes\/alfinaldelapalmera\/noticias-betis\/altimira-queda-lista-betis-gastroenteritis-20251123153050-nts.html\" target=\"_self\" data-voc-vtm-id=\"in-text-traffic\" title=\"Altimira\" data-mrf-link=\"www.abc.es\" rel=\"nofollow noopener\">Altimira<\/a> acab\u00f3 siendo el descarte de la convocatoria de 24 futbolistas por culpa de una gastroenteritis. Para medirse al Utrecht, Pellegrini mover\u00e1 al equipo como es lo habitual y, en este sentido, jugadores como Aitor, Llorente, Ricardo o Junior y Deossa tienen opciones de titularidad. Isco, sea de la partida o no, seguir\u00e1 seguramente acumulando minutos, Antony suele jugar todo lo que puede y <strong>Bakambu<\/strong> es el delantero titular en la Europa League.<\/p>\n<p>\nC\u00f3mo llega el Utrecht\n<\/p>\n<p class=\"voc-p\" style=\"\">El <strong>Utrecht<\/strong>, 32\u00ba clasificado con un punto en cuatro jornadas de la Europa League, es el quinto de la tabla de la <strong>Eredivise<\/strong>, con 20 puntos en 13 partidos. La pasada campa\u00f1a acab\u00f3 en cuarta posici\u00f3n y tuvo que jugar en verano tres rondas previas para meterse en la fase de liga del torneo continental. El pasado fin de semana, el Utrecht sufri\u00f3 mucho para rascar un punto en casa del colista (1-1 frente al SC Telstar). En Europa no arranca. Tras perder con el Lyon (0-1), el Brann (1-0) y el Friburgo (2-0), empat\u00f3 con el Oporto en casa (1-1), perdiendo por expulsi\u00f3n en ese partido a su guardameta titular, <strong>Barkas<\/strong>, en la jugada del tanto portugu\u00e9s. Entrenado por Ron Jans, el Utrecht tiene a un espa\u00f1ol en sus filas, el excelti\u00f1a <strong>Miguel Rodr\u00edguez<\/strong>, y su jugador m\u00e1s conocido es el delantero<strong> Sebastian Haller<\/strong>, que pas\u00f3 por el Borussia Dortmund y el Legan\u00e9s. Su dibujo t\u00e1ctico suele ser el 4-3-3 y su futbolista m\u00e1s cotizado, el lateral izquierdo marroqu\u00ed El Karouani.<\/p>\n","protected":false},"excerpt":{"rendered":"El Real Betis afronta este jueves la 5\u00aa jornada de la UEFA Europa League recibiendo en el estadio&hellip;\n","protected":false},"author":2,"featured_media":256141,"comment_status":"","ping_status":"","sticky":false,"template":"","format":"standard","meta":{"footnotes":""},"categories":[268],"tags":[13519,291,4632,168,25,24,700,280,282,1211,133,1045,281,23,167,6879,6674,64297,809],"class_list":{"0":"post-256140","1":"post","2":"type-post","3":"status-publish","4":"format-standard","5":"has-post-thumbnail","7":"category-futbol","8":"tag-13519","9":"tag-betis","10":"tag-canal","11":"tag-deportes","12":"tag-es","13":"tag-espana","14":"tag-europa","15":"tag-football","16":"tag-futbol","17":"tag-league","18":"tag-online","19":"tag-partido","20":"tag-soccer","21":"tag-spain","22":"tag-sports","23":"tag-streaming","24":"tag-uefa","25":"tag-utrecht","26":"tag-ver"},"share_on_mastodon":{"url":"https:\/\/pubeurope.com\/@es\/115613966409533725","error":""},"_links":{"self":[{"href":"https:\/\/www.europesays.com\/es\/wp-json\/wp\/v2\/posts\/256140","targetHints":{"allow":["GET"]}}],"collection":[{"href":"https:\/\/www.europesays.com\/es\/wp-json\/wp\/v2\/posts"}],"about":[{"href":"https:\/\/www.europesays.com\/es\/wp-json\/wp\/v2\/types\/post"}],"author":[{"embeddable":true,"href":"https:\/\/www.europesays.com\/es\/wp-json\/wp\/v2\/users\/2"}],"replies":[{"embeddable":true,"href":"https:\/\/www.europesays.com\/es\/wp-json\/wp\/v2\/comments?post=256140"}],"version-history":[{"count":0,"href":"https:\/\/www.europesays.com\/es\/wp-json\/wp\/v2\/posts\/256140\/revisions"}],"wp:featuredmedia":[{"embeddable":true,"href":"https:\/\/www.europesays.com\/es\/wp-json\/wp\/v2\/media\/256141"}],"wp:attachment":[{"href":"https:\/\/www.europesays.com\/es\/wp-json\/wp\/v2\/media?parent=256140"}],"wp:term":[{"taxonomy":"category","embeddable":true,"href":"https:\/\/www.europesays.com\/es\/wp-json\/wp\/v2\/categories?post=256140"},{"taxonomy":"post_tag","embeddable":true,"href":"https:\/\/www.europesays.com\/es\/wp-json\/wp\/v2\/tags?post=256140"}],"curies":[{"name":"wp","href":"https:\/\/api.w.org\/{rel}","templated":true}]}}