{"id":256150,"date":"2025-11-26T03:59:10","date_gmt":"2025-11-26T03:59:10","guid":{"rendered":"https:\/\/www.europesays.com\/es\/256150\/"},"modified":"2025-11-26T03:59:10","modified_gmt":"2025-11-26T03:59:10","slug":"la-dura-hoguera-de-confrontacion-de-gilbert-y-claudia-en-la-isla-de-las-tentaciones-9","status":"publish","type":"post","link":"https:\/\/www.europesays.com\/es\/256150\/","title":{"rendered":"La dura hoguera de confrontaci\u00f3n de Gilbert y Claudia en &#8216;La Isla de las Tentaciones 9&#8217;"},"content":{"rendered":"<p data-journey-content=\"true\" data-node-id=\"3\" class=\"css-6wxqfj emevuu60\"><a href=\"https:\/\/www.diezminutos.es\/teleprograma\/programas-tv\/a69385292\/la-isla-de-las-tentaciones-9-resumen-primera-infidelidad\/\" target=\"_blank\" data-vars-ga-outbound-link=\"https:\/\/www.diezminutos.es\/teleprograma\/programas-tv\/a69385292\/la-isla-de-las-tentaciones-9-resumen-primera-infidelidad\/\" data-vars-ga-ux-element=\"Hyperlink\" data-vars-ga-call-to-action=\"Claudia y Gilbert\" data-node-id=\"3.0\" class=\"body-link css-177bzfx emevuu60\" rel=\"nofollow noopener\">Claudia y Gilbert<\/a> han protagonizado una hoguera de confrontaci\u00f3n de <a href=\"https:\/\/diezminutos.es\/la-isla-de-las-tentaciones\" target=\"_blank\" data-node-id=\"3.2\" class=\"css-177bzfx emevuu60\" rel=\"nofollow noopener\">La isla de las tentaciones<\/a> que se recordar\u00e1 despu\u00e9s de varias ediciones. Por primera vez, no ha sido <strong data-node-id=\"3.4\">ning\u00fan miembro de la pareja quien <a href=\"https:\/\/www.diezminutos.es\/teleprograma\/programas-tv\/a69534137\/resumen-la-isla-de-las-tentaciones-9-segunda-hoguera-chicas-almudena-atendida\/\" target=\"_blank\" data-vars-ga-outbound-link=\"https:\/\/www.diezminutos.es\/teleprograma\/programas-tv\/a69534137\/resumen-la-isla-de-las-tentaciones-9-segunda-hoguera-chicas-almudena-atendida\/\" data-vars-ga-ux-element=\"Hyperlink\" data-vars-ga-call-to-action=\"ha pedido la hoguera,\" data-node-id=\"3.4.1\" class=\"body-link css-177bzfx emevuu60\" rel=\"nofollow noopener\">ha pedido la hoguera,<\/a><\/strong><a href=\"https:\/\/www.diezminutos.es\/teleprograma\/programas-tv\/a69534137\/resumen-la-isla-de-las-tentaciones-9-segunda-hoguera-chicas-almudena-atendida\/\" target=\"_blank\" data-vars-ga-outbound-link=\"https:\/\/www.diezminutos.es\/teleprograma\/programas-tv\/a69534137\/resumen-la-isla-de-las-tentaciones-9-segunda-hoguera-chicas-almudena-atendida\/\" data-vars-ga-ux-element=\"Hyperlink\" data-vars-ga-call-to-action=\" sino los compa\u00f1eros\" data-node-id=\"3.5\" class=\"body-link css-177bzfx emevuu60\" rel=\"nofollow noopener\"> sino los compa\u00f1eros<\/a>. Los chicos, viendo que Claudia hab\u00eda pasado todos los l\u00edmites, pidieron la oportunidad de que su amigo tuviera explicaciones.<\/p>\n<p data-journey-content=\"true\" data-node-id=\"6\" class=\"css-6wxqfj emevuu60\">La hoguera ya comenzaba con el grito en el cielo. Nada m\u00e1s verse, ambos se gritaban y Claudia echaba en cara que le hubiera pedido <strong data-node-id=\"6.1\">una hoguera de confrontaci\u00f3n \u00abpara evitar que vaya a m\u00e1s con Gerard\u00bb<\/strong>. \u00abEres una hip\u00f3crita, \u00bfpara qu\u00e9 quiero pedir una hoguera de confrontaci\u00f3n si estabas haciendo lo que te diera la gana?\u00bb, le preguntaba Gilbert a Claudia. Finalmente, Sandra Barneda les frenaba para empezar al hoguera de confrontaci\u00f3n y comenzar a ver im\u00e1genes.<\/p>\n<p><img draggable=\"true\" alt=\"gilbert claudia la isla de las tentaciones\" title=\"claudia gilbert la isla de las tentaciones\" loading=\"lazy\" width=\"2500\" height=\"1406\" decoding=\"async\" data-nimg=\"1\" style=\"color:transparent;width:100%;height:auto;\"   src=\"https:\/\/www.europesays.com\/es\/wp-content\/uploads\/2025\/11\/gilbert-claudia-laisladelastentaciones-69262e13882ea.jpg\" class=\"css-0 e1g79fud0\"\/><\/p>\n<p>Telecinco<\/p>\n<p data-journey-content=\"true\" data-node-id=\"9\" class=\"css-6wxqfj emevuu60\">Claudia le echaba en cara a Gilbert que no se enfadara por ver sus im\u00e1genes bailando porque \u00ablo has hecho t\u00fa tambi\u00e9n\u00bb. <strong data-node-id=\"9.1\">\u00ab\u00bfYo me hab\u00eda dado un beso con otra antes de que t\u00fa te besaras?\u00bb, preguntaba Gilbert a Claudia<\/strong>, que lo negaba se\u00f1alando que ten\u00eda una gran carencia con su pareja, a pesar de que reconoc\u00eda que \u00abes la mejor persona que existe\u00bb pero \u00abnecesitaba pasi\u00f3n, ver que no le da igual todo. Que no todo lo que yo digo sea v\u00e1lido\u00bb.   <br data-node-id=\"9.3\"\/><\/p>\n<p data-journey-content=\"true\" data-node-id=\"13\" class=\"css-6wxqfj emevuu60\">En ese momento, la tablet reproduc\u00eda las im\u00e1genes del encuentro de pasi\u00f3n entre Claudia y Gerard que Gilbert no pod\u00eda ver ni escuchar. <strong data-node-id=\"13.1\">\u00abNo puedo ver ni escucharlo&#8230; Te deber\u00eda dar verg\u00fcenza, encima con una sonrisa&#8230; Eres mala, mal\u00edsima.<\/strong> Est\u00e1s orgullosa, ciego he estado estos a\u00f1os\u00bb, le echaba en cara Gilbert. \u00abLo he hecho porque lo he sentido. He sentido chispa, me he sentido viva\u00bb, respond\u00eda su novia.<\/p>\n<p>Claudia se queda sin palabras<\/p>\n<p id=\"claudia-se-queda-sin-palabras\" data-journey-content=\"true\" data-node-id=\"16\" class=\"body-text css-6wxqfj emevuu60\">Tras toda la bronca, Claudia ve\u00eda c\u00f3mo Gilbert se hab\u00eda roto por completo despu\u00e9s de haber visto todo lo que ocurr\u00eda con su novia. <strong data-node-id=\"16.1\">Unas im\u00e1genes que dejaban a Claudia sin palabras: \u00abMe siento en shock. Siento que <\/strong><\/p>\n<p id=\"claudia-se-queda-sin-palabras\" data-journey-content=\"true\" data-node-id=\"18\" class=\"css-6wxqfj emevuu60\">Despu\u00e9s le tocaba a Gilbert ver a su novia rota: <strong data-node-id=\"18.1\">\u00abS\u00e9 que me quiere, y que me ama, pero es duro ver <\/strong>todo lo que he visto y que no me ha puesto en su sitio. Si me quieres de verdad, no me faltas al respeto. Yo no lo hubiese hecho nunca\u00bb.<\/p>\n<p>El mensaje de la madre de Gilbert<img draggable=\"true\" alt=\"gilbert claudia la isla de las tentaciones\" title=\"gilbert claudia la isla de las tentaciones\" loading=\"lazy\" width=\"2500\" height=\"1405\" decoding=\"async\" data-nimg=\"1\" style=\"color:transparent;width:100%;height:auto;\"   src=\"https:\/\/www.europesays.com\/es\/wp-content\/uploads\/2025\/11\/gilbert-la-isla-de-las-tentaciones-69262e738a9cb.jpg\" class=\"css-0 e1g79fud0\"\/><\/p>\n<p>Telecinco<\/p>\n<p data-journey-content=\"true\" data-node-id=\"22\" class=\"css-6wxqfj emevuu60\">La hoguera ha tenido un giro que nadie se esperaba, y es que Claudia le echaba en cara a su novio que <strong data-node-id=\"22.1\">\u00abno tuviera personalidad\u00bb y que se abriera m\u00e1s. <\/strong>\u00ab\u00bfCu\u00e1nto tiempo llevas sin hablar con tu madre? Te he preguntado c\u00f3mo lo llevas y es siempre que te da igual. Decirme lo que te gusta, lo que no gusta. Si hay algo que no te gusta, que me lo digas\u00bb, le echaba en cara.<\/p>\n<p id=\"claudia-se-queda-sin-palabras\" data-journey-content=\"true\" data-node-id=\"24\" class=\"css-6wxqfj emevuu60\">Unas palabras tras las que la tablet mostraba <strong data-node-id=\"24.1\">un mensaje de la madre de Gilbert,<\/strong> que hac\u00eda que este se rompiera por completo y que Claudia le abrazara. \u00abVale que no la soporto, pero es normal que veas a tu madre y te pongas a llorar. Es normal que te importe, es tu madre\u00bb, le dec\u00eda.<\/p>\n<p id=\"claudia-se-queda-sin-palabras\" data-journey-content=\"true\" data-node-id=\"26\" class=\"css-6wxqfj emevuu60\">Ante esto, Sandra Barneda les hac\u00eda la gran pregunta&#8230; que ser\u00e1 contestada ma\u00f1ana.<\/p>\n<p><img src=\"https:\/\/www.europesays.com\/es\/wp-content\/uploads\/2025\/11\/1764129550_138_323095e3-d675-4360-ad79-c3a735f161a1_1681830139.file\" alt=\"Headshot of Aroa D\u00edaz\" title=\"Headshot of Aroa D\u00edaz\" width=\"100%\" height=\"100%\" decoding=\"async\" loading=\"lazy\" class=\"css-o0wq4v ev8dhu53\"\/><\/p>\n<p>Aroa D\u00edaz es experta en realities, televisi\u00f3n y actualidad en general. No hay momento del d\u00eda en el que no tenga encendida la televisi\u00f3n conociendo los \u00faltimos desvelos de los famosos, disfrutando de los realities como Supervivientes o de los concursos m\u00e1s rocambolescos. Las \u00faltimas novedades de los famosos del coraz\u00f3n son su perdici\u00f3n y la actualidad de las Casas Reales, su gran pasi\u00f3n. \u00a0\u00a0<\/p>\n<p>En sus ratos libres disfruta de las pel\u00edculas y series de moda, y bucea por los cat\u00e1logos de las plataformas de podcast buscando nuevas entrevistas y charlas de famosos.<\/p>\n<p>Adem\u00e1s, no ha parado de formarse en todos los aspectos convirti\u00e9ndose en una periodista 360: locuci\u00f3n, doblaje, grabaci\u00f3n de v\u00eddeo, periodismo m\u00f3vil, producci\u00f3n de podcast y SEO. Actualmente est\u00e1 form\u00e1ndose en el M\u00e1ster universitario de Periodismo y Comunicaci\u00f3n Digital: Datos y Nuevas Narrativas de la UOC.<\/p>\n<p>Graduada en periodismo por la Universidad Rey Juan Carlos, no ha parado de trabajar desde que obtuvo su t\u00edtulo all\u00e1 por el 2013. Despu\u00e9s de un breve impass en Palma de Mallorca, volvi\u00f3 a Legan\u00e9s donde arranc\u00f3 su experiencia con Legan\u00e9s Activo. En este tiempo he pasado por las redacciones de varios medios recayendo finalmente en Hearst Espa\u00f1a (Telenovela, Qu\u00e9 me dices y Diez Minutos). Tambi\u00e9n tiene experiencia en diferentes radios. \u00a0<\/p>\n","protected":false},"excerpt":{"rendered":"Claudia y Gilbert han protagonizado una hoguera de confrontaci\u00f3n de La isla de las tentaciones que se recordar\u00e1&hellip;\n","protected":false},"author":2,"featured_media":256151,"comment_status":"","ping_status":"","sticky":false,"template":"","format":"standard","meta":{"footnotes":""},"categories":[91],"tags":[253,146,147,25,24,23],"class_list":{"0":"post-256150","1":"post","2":"type-post","3":"status-publish","4":"format-standard","5":"has-post-thumbnail","7":"category-entretenimiento","8":"tag-discover","9":"tag-entertainment","10":"tag-entretenimiento","11":"tag-es","12":"tag-espana","13":"tag-spain"},"share_on_mastodon":{"url":"https:\/\/pubeurope.com\/@es\/115614002362865018","error":""},"_links":{"self":[{"href":"https:\/\/www.europesays.com\/es\/wp-json\/wp\/v2\/posts\/256150","targetHints":{"allow":["GET"]}}],"collection":[{"href":"https:\/\/www.europesays.com\/es\/wp-json\/wp\/v2\/posts"}],"about":[{"href":"https:\/\/www.europesays.com\/es\/wp-json\/wp\/v2\/types\/post"}],"author":[{"embeddable":true,"href":"https:\/\/www.europesays.com\/es\/wp-json\/wp\/v2\/users\/2"}],"replies":[{"embeddable":true,"href":"https:\/\/www.europesays.com\/es\/wp-json\/wp\/v2\/comments?post=256150"}],"version-history":[{"count":0,"href":"https:\/\/www.europesays.com\/es\/wp-json\/wp\/v2\/posts\/256150\/revisions"}],"wp:featuredmedia":[{"embeddable":true,"href":"https:\/\/www.europesays.com\/es\/wp-json\/wp\/v2\/media\/256151"}],"wp:attachment":[{"href":"https:\/\/www.europesays.com\/es\/wp-json\/wp\/v2\/media?parent=256150"}],"wp:term":[{"taxonomy":"category","embeddable":true,"href":"https:\/\/www.europesays.com\/es\/wp-json\/wp\/v2\/categories?post=256150"},{"taxonomy":"post_tag","embeddable":true,"href":"https:\/\/www.europesays.com\/es\/wp-json\/wp\/v2\/tags?post=256150"}],"curies":[{"name":"wp","href":"https:\/\/api.w.org\/{rel}","templated":true}]}}