{"id":256156,"date":"2025-11-26T04:03:27","date_gmt":"2025-11-26T04:03:27","guid":{"rendered":"https:\/\/www.europesays.com\/es\/256156\/"},"modified":"2025-11-26T04:03:27","modified_gmt":"2025-11-26T04:03:27","slug":"la-comunidad-de-madrid-inaugura-el-tren-magico-de-la-navidad-en-la-linea-3-de-metro-con-la-actuacion-de-david-bisbal","status":"publish","type":"post","link":"https:\/\/www.europesays.com\/es\/256156\/","title":{"rendered":"La Comunidad de Madrid inaugura el Tren M\u00e1gico de la Navidad en la L\u00ednea 3 de Metro con la actuaci\u00f3n de David Bisbal"},"content":{"rendered":"<p>El consejero de Presidencia, Justicia y Administraci\u00f3n Local, Miguel \u00c1ngel Garc\u00eda Mart\u00edn, ha participado tambi\u00e9n en este viaje inaugural, durante el cual ha presentado el programa de actividades gratuitas que la compa\u00f1\u00eda metropolitana ha preparado para estas fechas tan especiales.<\/p>\n<p>\u201cEn una regi\u00f3n que vive intensamente la Navidad, y que cada a\u00f1o atrae a miles de visitantes para disfrutar del alumbrado, hacer compras o reencontrarse con familia y amigos, Metro ofrece una alternativa r\u00e1pida, c\u00f3moda y fiable para desplazarse, lo que la convierte en la mejor opci\u00f3n para moverse durante las fiestas\u201d, ha a\u00f1adido.<\/p>\n<p>En esta ocasi\u00f3n, el tren lucir\u00e1 una decoraci\u00f3n especial, con iluminaci\u00f3n y vinilos tanto en el interior como en el exterior, inspirados en elementos tradicionales como el cascanueces, lazos, bolas y otros adornos t\u00edpicos. Adem\u00e1s, Pap\u00e1 Noel y sus elfos se sumar\u00e1n al viaje todos los viernes, fines de semana y festivos hasta el 24 de diciembre.<\/p>\n<p>Ya a partir del 26 y hasta el 5 de enero, ser\u00e1n los pajes de Sus Majestades los Reyes Magos de Oriente los que acompa\u00f1ar\u00e1n a los usuarios del suburbano que recorre la l\u00ednea 3. Metro de Madrid informar\u00e1 diariamente a trav\u00e9s de sus perfiles en redes sociales, del recorrido y horario aproximado.<\/p>\n<p><strong>La navidad viaja en Metro de Madrid<\/strong><\/p>\n<p>La compa\u00f1\u00eda del suburbano madrile\u00f1o ha dise\u00f1ado para este a\u00f1o una programaci\u00f3n especial en la que los protagonistas son los m\u00e1s peque\u00f1os. As\u00ed, en el marco de las actividades de AulaMetro, ni\u00f1os de 32 colegios de la regi\u00f3n podr\u00e1n asistir a un espect\u00e1culo infantil en la estaci\u00f3n de El Casar, y participar en un trayecto tem\u00e1tico entre dicha estaci\u00f3n y Almendrales, acompa\u00f1ados por personajes navide\u00f1os.<\/p>\n<p>En la de \u00d3pera, la Asociaci\u00f3n de Belenistas de Madrid ser\u00e1 la encargada de la creaci\u00f3n, dise\u00f1o y composici\u00f3n del Bel\u00e9n que se expondr\u00e1 durante las fiestas en el Museo de Los Ca\u00f1os del Peral. Los viajeros que sean amantes de la m\u00fasica podr\u00e1n disfrutar tambi\u00e9n, y de manera gratuita, de un magn\u00edfico Coro G\u00f3spel que actuar\u00e1 los d\u00edas 17, 18, 19 y 20 de diciembre en las estaciones de Canal, Chamart\u00edn, Puerta del Sur y M\u00f3stoles Central.<\/p>\n<p>Igualmente, desde el pasado 17 de noviembre, se ha puesto a la venta una nueva edici\u00f3n del jersey de la Navidad de Metro, que puede adquirirse en la web <a href=\"http:\/\/www.latiendademetrodemadrid.com\" rel=\"nofollow noopener\" target=\"_blank\">www.latiendademetrodemadrid.com<\/a>, en las tiendas oficiales de Sol, Plaza de Castilla y \u00d3pera, o bien a los espacios comerciales recientemente abiertos al p\u00fablico en la exposici\u00f3n de trenes cl\u00e1sicos de la estaci\u00f3n de Chamart\u00edn y el museo de la Nave de Motores de Pac\u00edfico.<\/p>\n<p>\u00a0\u00a0\u00a0\u00a0\u00a0\u00a0\u00a0\u00a0\u00a0\u00a0\u00a0\u00a0\u00a0\u00a0\u00a0\u00a0\u00a0\u00a0\u00a0\u00a0\u00a0\u00a0\u00a0\u00a0\u00a0\u00a0\u00a0\u00a0\u00a0\u00a0\u00a0\u00a0\u00a0\u00a0\u00a0\u00a0\u00a0\u00a0\u00a0\u00a0\u00a0\u00a0\u00a0\u00a0\u00a0\u00a0\u00a0\u00a0\u00a0\u00a0\u00a0\u00a0\u00a0\u00a0\u00a0\u00a0\u00a0\u00a0\u00a0\u00a0\u00a0\u00a0\u00a0\u00a0\u00a0\u00a0\u00a0\u00a0\u00a0\u00a0<\/p>\n","protected":false},"excerpt":{"rendered":"El consejero de Presidencia, Justicia y Administraci\u00f3n Local, Miguel \u00c1ngel Garc\u00eda Mart\u00edn, ha participado tambi\u00e9n en este viaje&hellip;\n","protected":false},"author":2,"featured_media":256157,"comment_status":"","ping_status":"","sticky":false,"template":"","format":"standard","meta":{"footnotes":""},"categories":[8],"tags":[17,18,25,24,13,14,11,19,20,9,10,15,16,23,12,21,22],"class_list":{"0":"post-256156","1":"post","2":"type-post","3":"status-publish","4":"format-standard","5":"has-post-thumbnail","7":"category-espana","8":"tag-breaking-news","9":"tag-breakingnews","10":"tag-es","11":"tag-espana","12":"tag-featured-news","13":"tag-featurednews","14":"tag-headlines","15":"tag-latest-news","16":"tag-latestnews","17":"tag-news","18":"tag-noticias","19":"tag-noticias-destacadas","20":"tag-noticiasdestacadas","21":"tag-spain","22":"tag-titulares","23":"tag-ultimas-noticias","24":"tag-ultimasnoticias"},"share_on_mastodon":{"url":"https:\/\/pubeurope.com\/@es\/115614017315304309","error":""},"_links":{"self":[{"href":"https:\/\/www.europesays.com\/es\/wp-json\/wp\/v2\/posts\/256156","targetHints":{"allow":["GET"]}}],"collection":[{"href":"https:\/\/www.europesays.com\/es\/wp-json\/wp\/v2\/posts"}],"about":[{"href":"https:\/\/www.europesays.com\/es\/wp-json\/wp\/v2\/types\/post"}],"author":[{"embeddable":true,"href":"https:\/\/www.europesays.com\/es\/wp-json\/wp\/v2\/users\/2"}],"replies":[{"embeddable":true,"href":"https:\/\/www.europesays.com\/es\/wp-json\/wp\/v2\/comments?post=256156"}],"version-history":[{"count":0,"href":"https:\/\/www.europesays.com\/es\/wp-json\/wp\/v2\/posts\/256156\/revisions"}],"wp:featuredmedia":[{"embeddable":true,"href":"https:\/\/www.europesays.com\/es\/wp-json\/wp\/v2\/media\/256157"}],"wp:attachment":[{"href":"https:\/\/www.europesays.com\/es\/wp-json\/wp\/v2\/media?parent=256156"}],"wp:term":[{"taxonomy":"category","embeddable":true,"href":"https:\/\/www.europesays.com\/es\/wp-json\/wp\/v2\/categories?post=256156"},{"taxonomy":"post_tag","embeddable":true,"href":"https:\/\/www.europesays.com\/es\/wp-json\/wp\/v2\/tags?post=256156"}],"curies":[{"name":"wp","href":"https:\/\/api.w.org\/{rel}","templated":true}]}}