{"id":256164,"date":"2025-11-26T04:15:14","date_gmt":"2025-11-26T04:15:14","guid":{"rendered":"https:\/\/www.europesays.com\/es\/256164\/"},"modified":"2025-11-26T04:15:14","modified_gmt":"2025-11-26T04:15:14","slug":"preocupacion-por-brigitte-bardot-tras-ser-ingresada-en-el-hospital-por-segunda-vez-en-un-mes","status":"publish","type":"post","link":"https:\/\/www.europesays.com\/es\/256164\/","title":{"rendered":"Preocupaci\u00f3n por Brigitte Bardot tras ser ingresada\u00a0en el hospital\u00a0por segunda vez en un mes"},"content":{"rendered":"<p>La actriz e icono sexual de los 60, <strong>Brigitte Bardot,\u00a0de 91 a\u00f1os<\/strong>,\u00a0se encuentra <strong>ingresada desde hace varios d\u00edas<\/strong> en un hospital de Tol\u00f3n, en el sudeste de Francia.\u00a0Una noticia que <strong>ha causado una gran preocupaci\u00f3n<\/strong> por su estado de salud ya que <strong>es el segundo ingreso<\/strong> que sufre\u00a0la actriz\u00a0<strong>en menos de un mes<\/strong>, seg\u00fan ha informado el peri\u00f3dico \u2018Var\u00a0Matin\u2019\u00a0y la radio ICI\u00a0Provence.\u00a0<\/p>\n<p>Por el momento <strong>no se han conocido los motivos<\/strong> del ingreso de\u00a0Brigitte Bardot, actriz\u00a0de pel\u00edculas\u00a0como \u2018Y Dios cre\u00f3 a la mujer\u2019, \u2018El desprecio\u2019 y \u2018La verdad\u2019, entre otras.\u00a0Tambi\u00e9n <strong>se desconoce cu\u00e1ntos d\u00edas lleva hospitalizada<\/strong> en el centro Saint-Jean de Tol\u00f3n.\u00a0<\/p>\n<p><strong>El\u00a0anterior ingreso<\/strong>\u00a0<strong>hospitalario<\/strong> de la actriz francesa\u00a0fue <strong>a mediados del mes de octubre<\/strong>\u00a0en el mismo centro hospitalario.\u00a0Entonces\u00a0trascendi\u00f3 que\u00a0el motivo fue porque Brigitte Bardot\u00a0<strong>padec\u00eda \u201cuna enfermedad grave\u201d,<\/strong> seg\u00fan public\u00f3 el medio franc\u00e9s Var\u00a0Matin.\u00a0Incluso hay quien lleg\u00f3 a publicar que <strong>Brigitte Bardot hab\u00eda muerto, lo que provoc\u00f3\u00a0un gran enfado<\/strong> en la actriz,\u00a0como era de esperar.\u00a0\u00a0<\/p>\n<p>Preocupaci\u00f3n por Brigitte Bardot tras ser ingresada en el hospital por segunda vez<\/p>\n<p>La actriz Brigitte Bardot, <strong>casada con su cuarto marido,\u00a0Bernard\u00a0D&#8217;Ormale,<\/strong>\u00a0desde 1992, se pronunci\u00f3 en sus redes sociales, donde escribi\u00f3:\u00a0<strong>\u201cNo s\u00e9 qui\u00e9n es el imb\u00e9cil que ha difundido<\/strong> <strong>esta noche la noticia falsa de mi desaparici\u00f3n\u201d<\/strong>, se\u00f1al\u00f3 en X, para despu\u00e9s decir: <strong>\u201dSepan\u00a0que estoy bien y no pienso irme.<\/strong> Como consejo\u00bb.\u00a0\u00a0<\/p>\n<p>Horas antes, <strong>el\u00a0influencer\u00a0franc\u00e9s\u00a0Aqabae<\/strong>\u00a0escribi\u00f3\u00a0este mensaje\u00a0en las redes sociales:<strong> \u201cUna leyenda ha muerto, dejando un legado imborrable<\/strong> y una huella eterna en los corazones de los franceses\u201d.\u00a0\u00a0<\/p>\n<p><strong>Los\u00a0representantes\u00a0<\/strong>de la actriz\u00a0francesa, <strong>que tambi\u00e9n es\u00a0activista<\/strong> por los derechos de los animales,\u00a0<strong>se vieron obligados a\u00a0pronunciarse<\/strong>\u00a0a trav\u00e9s\u00a0de de la Fundaci\u00f3n Brigitte Bardot,\u00a0aclararon\u00a0que esta <strong>se encontraba\u00a0\u201cmuy bien\u201d,<\/strong> negando\u00a0as\u00ed\u00a0su muerte.\u00a0\u00a0<\/p>\n<p>Despu\u00e9s se supo que <strong>este primer ingreso<\/strong> de Brigitte Bardot fue para <strong>someterse a una cirug\u00eda menor<\/strong> y que despu\u00e9s regres\u00f3 a su domicilio, donde permaneci\u00f3 \u00abdescansando\u00a0y <strong>recuper\u00e1ndose lentamente\u201d.\u00a0<\/strong><\/p>\n<p>Por el momento, Brigitte Bardot, tambi\u00e9n conocida por sus siglas BB,\u00a0<strong>no\u00a0ha hecho ninguna declaraci\u00f3n p\u00fablica<\/strong>\u00a0explicando el motivo de este nuevo ingreso <strong>ni ning\u00fan portavoz ha dado la \u00faltima hora<\/strong> de su <strong>estado de salud.\u00a0\u00a0<\/strong><\/p>\n<p><strong>En 2023<\/strong>,\u00a0Bardot\u00a0tambi\u00e9n tuvo que\u00a0ser <strong>hospitalizada<\/strong> durante\u00a0varios d\u00edas\u00a0debido a <strong>una insuficiencia respiratoria,<\/strong> pero se recuper\u00f3 y\u00a0despu\u00e9s de esto no hab\u00eda vuelto a tener ning\u00fan susto de salud m\u00e1s hasta el <strong>pasado mes de octubre.\u00a0\u00a0<\/strong><\/p>\n<p><img decoding=\"async\" alt=\"La actriz Brigitte Bardot de joven\" src=\"https:\/\/www.europesays.com\/es\/wp-content\/uploads\/2025\/11\/articulos-2560947.jpg\" style=\"width:20%\"\/>\u00a0La actriz Brigitte Bardot de joven<\/p>\n<p>Brigitte Bardot es una activista por los derechos de los animales tras retirarse del cine<\/p>\n<p><strong>Tras abandonar el cine en los a\u00f1os 70,<\/strong> <strong>Brigitte Bardot vive con su esposo,\u00a0Bernard\u00a0D&#8217;Ormale<\/strong>, en su\u00a0famosa residencia de <strong>La\u00a0Madrague\u00a0en Saint-Tropez<\/strong>\u00a0y\u00a0una segunda casa escondida en la vegetaci\u00f3n, La\u00a0Garrigue, que alberga animales y una capilla privada.<\/p>\n<p>Desde entonces,\u00a0<strong>vive volcada en la defensa de los animales. <\/strong>Desde 1986 <strong>preside la Fundaci\u00f3n Brigitte Bardot,<\/strong> que rescata animales y hace campa\u00f1as contra el abandono, la caza con jaur\u00edas, el maltrato, las granjas de pieles y otras causas.\u00a0<\/p>\n<p><img decoding=\"async\" alt=\"Brigitte Bardot es\u00a0activista por los derechos de los animales\" src=\"https:\/\/www.europesays.com\/es\/wp-content\/uploads\/2025\/11\/articulos-2560946.jpg\" style=\"width:20%\"\/>\u00a0Brigitte Bardot es\u00a0activista por los derechos de los animales<\/p>\n<p>\u00a0<\/p>\n","protected":false},"excerpt":{"rendered":"La actriz e icono sexual de los 60, Brigitte Bardot,\u00a0de 91 a\u00f1os,\u00a0se encuentra ingresada desde hace varios d\u00edas&hellip;\n","protected":false},"author":2,"featured_media":256165,"comment_status":"","ping_status":"","sticky":false,"template":"","format":"standard","meta":{"footnotes":""},"categories":[174],"tags":[255,146,147,25,24,256,23],"class_list":{"0":"post-256164","1":"post","2":"type-post","3":"status-publish","4":"format-standard","5":"has-post-thumbnail","7":"category-famosos","8":"tag-celebrities","9":"tag-entertainment","10":"tag-entretenimiento","11":"tag-es","12":"tag-espana","13":"tag-famosos","14":"tag-spain"},"share_on_mastodon":{"url":"https:\/\/pubeurope.com\/@es\/115614064682404203","error":""},"_links":{"self":[{"href":"https:\/\/www.europesays.com\/es\/wp-json\/wp\/v2\/posts\/256164","targetHints":{"allow":["GET"]}}],"collection":[{"href":"https:\/\/www.europesays.com\/es\/wp-json\/wp\/v2\/posts"}],"about":[{"href":"https:\/\/www.europesays.com\/es\/wp-json\/wp\/v2\/types\/post"}],"author":[{"embeddable":true,"href":"https:\/\/www.europesays.com\/es\/wp-json\/wp\/v2\/users\/2"}],"replies":[{"embeddable":true,"href":"https:\/\/www.europesays.com\/es\/wp-json\/wp\/v2\/comments?post=256164"}],"version-history":[{"count":0,"href":"https:\/\/www.europesays.com\/es\/wp-json\/wp\/v2\/posts\/256164\/revisions"}],"wp:featuredmedia":[{"embeddable":true,"href":"https:\/\/www.europesays.com\/es\/wp-json\/wp\/v2\/media\/256165"}],"wp:attachment":[{"href":"https:\/\/www.europesays.com\/es\/wp-json\/wp\/v2\/media?parent=256164"}],"wp:term":[{"taxonomy":"category","embeddable":true,"href":"https:\/\/www.europesays.com\/es\/wp-json\/wp\/v2\/categories?post=256164"},{"taxonomy":"post_tag","embeddable":true,"href":"https:\/\/www.europesays.com\/es\/wp-json\/wp\/v2\/tags?post=256164"}],"curies":[{"name":"wp","href":"https:\/\/api.w.org\/{rel}","templated":true}]}}