{"id":256180,"date":"2025-11-26T04:28:29","date_gmt":"2025-11-26T04:28:29","guid":{"rendered":"https:\/\/www.europesays.com\/es\/256180\/"},"modified":"2025-11-26T04:28:29","modified_gmt":"2025-11-26T04:28:29","slug":"maruja-torres-saca-una-conclusion-demoledora-tras-ver-lo-del-fiscal-general-del-estado","status":"publish","type":"post","link":"https:\/\/www.europesays.com\/es\/256180\/","title":{"rendered":"Maruja Torres saca una conclusi\u00f3n demoledora tras ver lo del Fiscal General del Estado"},"content":{"rendered":"<p>La escritora Maruja Torres <b>ha sacado una demoledora conclusi\u00f3n <\/b>tras ver <a href=\"https:\/\/www.huffingtonpost.es\/politica\/teresa-peramatoa-sustituta-alvaro-garcia-ortiz-nueva-fiscal-general.html\" rel=\"nofollow noopener\" target=\"_blank\">la condena al Fiscal General del Estado, \u00c1lvaro Garc\u00eda Ort\u00edz.<\/a><\/p>\n<p>La Sala II del Tribunal Supremo <a href=\"https:\/\/www.huffingtonpost.es\/politica\/teresa-peramatoa-sustituta-alvaro-garcia-ortiz-nueva-fiscal-general.html\" rel=\"nofollow noopener\" target=\"_blank\">lo ha condenado a dos a\u00f1os de inhabilitaci\u00f3n<\/a> y a una multa de 7.200 euros por un delito revelaci\u00f3n de secretos contra Alberto Gonz\u00e1lez Amador, pareja de Isabel D\u00edaz Ayuso, quien tambi\u00e9n<b> tendr\u00e1 que ser indemnizado por el FGE con 10.000 euros <\/b>por da\u00f1os morales.<\/p>\n<p><b>\u00abEst\u00e1n probando si tragamos o cu\u00e1nto tragamos\u00bb,<\/b> ha avisado Maruja Torres en un mensaje en la red social Bluesky, en la que tambi\u00e9n ha resumido su postura en dos palabras tras la condena a Garc\u00eda Ortiz: \u00abLa caverna\u00bb.<\/p>\n<p>La sentencia del alto tribunal <b>no se ha producido por unanimidad<\/b>, ya que ha contado con el apoyo de cinco de los siete magistrados que formaron el tribunal que contaba con mayor\u00eda conservadora. Las magistradas progresistas Ana Ferrer y Susana han sido las \u00fanicas disidentes a dicha resoluci\u00f3n.<\/p>\n<p>Mientras, el Consejo de Ministros propondr\u00e1 este martes como nueva fiscal general del Estado a Teresa Peramato Mart\u00edn, en sustituci\u00f3n de \u00c1lvaro Garc\u00eda Ortiz, que present\u00f3 este lunes su renuncia tras haber sido condenado a dos a\u00f1os de inhabilitaci\u00f3n el Tribunal Supremo (TS). <b>Peramato fue presidenta de la Uni\u00f3n Progresista de Fiscales <\/b>(UPF), asociaci\u00f3n de la que provienen sus dos antecesores.<\/p>\n<p>La elecci\u00f3n de Peramato, desde hace un a\u00f1o fiscal de Sala Jefa de la Secci\u00f3n Penal de la Fiscal\u00eda del Tribunal Supremo, adem\u00e1s de fiscal de Sala Delegada para la Protecci\u00f3n y Tutela de las V\u00edctimas en el Proceso Penal, <b>ha sido a propuesta del ministro de Presidencia, Justicia y Relaciones con las Cortes, F\u00e9lix Bola\u00f1os<\/b>, seg\u00fan explican esas mismas fuentes.<\/p>\n<p>Peramato <b>es fiscal de carrera con 35 a\u00f1os de ejercicio<\/b> y tiene el \u00abreconocimiento un\u00e1nime\u00bb de los operadores jur\u00eddicos. Cuenta con una amplia trayectoria especialmente en materia de lucha contra la violencia de g\u00e9nero. De hecho, es considerada \u00abuna de las grandes impulsoras\u00bb de la especializaci\u00f3n judicial en esta materia<\/p>\n","protected":false},"excerpt":{"rendered":"La escritora Maruja Torres ha sacado una demoledora conclusi\u00f3n tras ver la condena al Fiscal General del Estado,&hellip;\n","protected":false},"author":2,"featured_media":256181,"comment_status":"","ping_status":"","sticky":false,"template":"","format":"standard","meta":{"footnotes":""},"categories":[8],"tags":[8577,17,18,25,24,13,14,59956,11,19,20,64425,9,10,15,16,23,12,21,22],"class_list":{"0":"post-256180","1":"post","2":"type-post","3":"status-publish","4":"format-standard","5":"has-post-thumbnail","7":"category-espana","8":"tag-alvaro-garcia-ortiz","9":"tag-breaking-news","10":"tag-breakingnews","11":"tag-es","12":"tag-espana","13":"tag-featured-news","14":"tag-featurednews","15":"tag-fiscal-general-del-estado","16":"tag-headlines","17":"tag-latest-news","18":"tag-latestnews","19":"tag-maruja-torres","20":"tag-news","21":"tag-noticias","22":"tag-noticias-destacadas","23":"tag-noticiasdestacadas","24":"tag-spain","25":"tag-titulares","26":"tag-ultimas-noticias","27":"tag-ultimasnoticias"},"share_on_mastodon":{"url":"https:\/\/pubeurope.com\/@es\/115614115689361098","error":""},"_links":{"self":[{"href":"https:\/\/www.europesays.com\/es\/wp-json\/wp\/v2\/posts\/256180","targetHints":{"allow":["GET"]}}],"collection":[{"href":"https:\/\/www.europesays.com\/es\/wp-json\/wp\/v2\/posts"}],"about":[{"href":"https:\/\/www.europesays.com\/es\/wp-json\/wp\/v2\/types\/post"}],"author":[{"embeddable":true,"href":"https:\/\/www.europesays.com\/es\/wp-json\/wp\/v2\/users\/2"}],"replies":[{"embeddable":true,"href":"https:\/\/www.europesays.com\/es\/wp-json\/wp\/v2\/comments?post=256180"}],"version-history":[{"count":0,"href":"https:\/\/www.europesays.com\/es\/wp-json\/wp\/v2\/posts\/256180\/revisions"}],"wp:featuredmedia":[{"embeddable":true,"href":"https:\/\/www.europesays.com\/es\/wp-json\/wp\/v2\/media\/256181"}],"wp:attachment":[{"href":"https:\/\/www.europesays.com\/es\/wp-json\/wp\/v2\/media?parent=256180"}],"wp:term":[{"taxonomy":"category","embeddable":true,"href":"https:\/\/www.europesays.com\/es\/wp-json\/wp\/v2\/categories?post=256180"},{"taxonomy":"post_tag","embeddable":true,"href":"https:\/\/www.europesays.com\/es\/wp-json\/wp\/v2\/tags?post=256180"}],"curies":[{"name":"wp","href":"https:\/\/api.w.org\/{rel}","templated":true}]}}