{"id":256217,"date":"2025-11-26T05:14:10","date_gmt":"2025-11-26T05:14:10","guid":{"rendered":"https:\/\/www.europesays.com\/es\/256217\/"},"modified":"2025-11-26T05:14:10","modified_gmt":"2025-11-26T05:14:10","slug":"manifiesto-institucional-con-motivo-del-dia-internacional-para-la-eliminacion-de-la-violencia-de-genero","status":"publish","type":"post","link":"https:\/\/www.europesays.com\/es\/256217\/","title":{"rendered":"Manifiesto institucional con motivo del D\u00eda Internacional para la eliminaci\u00f3n de la Violencia de G\u00e9nero"},"content":{"rendered":"<p>Hoy, <strong>25 de noviembre<\/strong>, el <strong>Ayuntamiento de Cari\u00f1ena<\/strong>, junto con las <strong>asociaciones de mujeres del municipio<\/strong>, alza la voz para recordar que la <strong>violencia contra las mujeres<\/strong> sigue siendo una de las <strong>violaciones de derechos humanos m\u00e1s extendidas y persistentes<\/strong> de nuestro tiempo.<\/p>\n<p>La <strong>violencia machista<\/strong> no es un problema aislado ni privado: <strong>es un problema social<\/strong> que afecta a nuestras vecinas, a nuestras familias y a nuestra comunidad.<\/p>\n<p>En <strong>Arag\u00f3n<\/strong>, seg\u00fan los \u00faltimos datos oficiales, <strong>existen 2.562 casos activos de violencia de g\u00e9nero.<\/strong> <strong>En Espa\u00f1a<\/strong>, la cifra supera los <strong>100.000 casos activos<\/strong>. Detr\u00e1s de cada n\u00famero hay una mujer que vive con <strong>miedo, hijas e hijos supervivientes<\/strong>, y familias golpeadas por una violencia que jam\u00e1s debe tener cabida en nuestra sociedad.<\/p>\n<p><strong>Cari\u00f1ena no es ajena a esta realidad.<\/strong> Por eso hoy, m\u00e1s que nunca, <strong>nos reunimos para reafirmar que las mujeres que sufren violencia no est\u00e1n solas.<\/strong> Que aqu\u00ed, en nuestra localidad, cuentan con una <strong>red humana, institucional y asociativa<\/strong> dispuesta a <strong>acompa\u00f1arlas, protegerlas y creerlas.<\/strong><\/p>\n<p>La <strong>violencia de g\u00e9nero es incompatible con una sociedad democr\u00e1tica y justa.<\/strong> Proteger la vida, la seguridad y la dignidad de las mujeres no es una aspiraci\u00f3n: es una<strong> obligaci\u00f3n moral, social y colectiva.<\/strong><\/p>\n<p>Este a\u00f1o se ha renovado el <strong>Pacto de Estado contra la Violencia de G\u00e9nero<\/strong>, que reconoce nuevas formas de violencia como la violencia vicaria, la econ\u00f3mica y la digital. Desde las administraciones m\u00e1s cercanas a la ciudadan\u00eda se trabaja d\u00eda a d\u00eda para que estos recursos se traduzcan en servicios y medidas eficaces.<\/p>\n<p>La violencia contra las mujeres tiene <strong>ra\u00edces profundas<\/strong>. Se combate con recursos, s\u00ed, pero tambi\u00e9n con <strong>educaci\u00f3n en igualdad, con respeto, con empat\u00eda y con compromiso social. <\/strong>Por eso es fundamental la<strong> implicaci\u00f3n de toda la poblaci\u00f3n de Cari\u00f1ena:<\/strong><\/p>\n<ul>\n<li>Para<strong> acompa\u00f1ar a las v\u00edctimas<\/strong>.<\/li>\n<li>Para <strong>no tolerar conductas violentas ni actitudes machistas.<\/strong><\/li>\n<li>Para <strong>educar a las generaciones m\u00e1s j\u00f3venes en el respeto y la igualdad.<\/strong><\/li>\n<li>Para <strong>denunciar, para actuar, para no mirar hacia otro lado.<\/strong><\/li>\n<\/ul>\n<p>La lucha contra la violencia machista no se hace solo desde las instituciones: se hace en los <strong>hogares, en las calles, en los centros educativos, en las pe\u00f1as, en los comercios y en cada rinc\u00f3n de nuestro municipio.<\/strong><\/p>\n<p>Hoy <strong>recordamos a todas las mujeres asesinadas por violencia machista<\/strong>. A las que a\u00fan sufren en silencio. A las que sobrevivieron y siguen reconstruyendo su vida. A las hijas e hijos que tambi\u00e9n son v\u00edctimas. A todas ellas les dedicamos este acto y nuestro compromiso permanente.<\/p>\n<p>Cari\u00f1ena se une as\u00ed a todas las voces que, dentro y fuera de Arag\u00f3n, se levantan para decir basta. <strong>Basta de violencia. Basta de miedo. Basta de desigualdad.<\/strong><\/p>\n<p><strong>Hoy proclamamos:<\/strong><\/p>\n<ul>\n<li>Que<strong> ninguna mujer debe sentirse sola en Cari\u00f1ena.<\/strong><\/li>\n<li>Que <strong>la violencia contra las mujeres nunca ser\u00e1 tolerada.<\/strong><\/li>\n<li>Que <strong>la igualdad es la base de la libertad.<\/strong><\/li>\n<li>Que <strong>esta lucha es diaria, colectiva y urgente.<\/strong><\/li>\n<\/ul>\n<p><strong>Porque una sociedad que permite la violencia machista no es una sociedad plena.<\/strong><\/p>\n<p><strong>Porque sin mujeres libres, no hay futuro libre.<\/strong><\/p>\n<p><strong>Cari\u00f1ena dice alto y claro:<\/strong><\/p>\n<ul>\n<li><strong>Ni una menos. Ni una m\u00e1s. <\/strong><strong>Vivas, libres y seguras. Siempre.<\/strong><\/li>\n<\/ul>\n","protected":false},"excerpt":{"rendered":"Hoy, 25 de noviembre, el Ayuntamiento de Cari\u00f1ena, junto con las asociaciones de mujeres del municipio, alza la&hellip;\n","protected":false},"author":2,"featured_media":256218,"comment_status":"","ping_status":"","sticky":false,"template":"","format":"standard","meta":{"footnotes":""},"categories":[8],"tags":[17,18,25,24,13,14,11,19,20,9,10,15,16,23,12,21,22],"class_list":{"0":"post-256217","1":"post","2":"type-post","3":"status-publish","4":"format-standard","5":"has-post-thumbnail","7":"category-espana","8":"tag-breaking-news","9":"tag-breakingnews","10":"tag-es","11":"tag-espana","12":"tag-featured-news","13":"tag-featurednews","14":"tag-headlines","15":"tag-latest-news","16":"tag-latestnews","17":"tag-news","18":"tag-noticias","19":"tag-noticias-destacadas","20":"tag-noticiasdestacadas","21":"tag-spain","22":"tag-titulares","23":"tag-ultimas-noticias","24":"tag-ultimasnoticias"},"share_on_mastodon":{"url":"https:\/\/pubeurope.com\/@es\/115614296715447679","error":""},"_links":{"self":[{"href":"https:\/\/www.europesays.com\/es\/wp-json\/wp\/v2\/posts\/256217","targetHints":{"allow":["GET"]}}],"collection":[{"href":"https:\/\/www.europesays.com\/es\/wp-json\/wp\/v2\/posts"}],"about":[{"href":"https:\/\/www.europesays.com\/es\/wp-json\/wp\/v2\/types\/post"}],"author":[{"embeddable":true,"href":"https:\/\/www.europesays.com\/es\/wp-json\/wp\/v2\/users\/2"}],"replies":[{"embeddable":true,"href":"https:\/\/www.europesays.com\/es\/wp-json\/wp\/v2\/comments?post=256217"}],"version-history":[{"count":0,"href":"https:\/\/www.europesays.com\/es\/wp-json\/wp\/v2\/posts\/256217\/revisions"}],"wp:featuredmedia":[{"embeddable":true,"href":"https:\/\/www.europesays.com\/es\/wp-json\/wp\/v2\/media\/256218"}],"wp:attachment":[{"href":"https:\/\/www.europesays.com\/es\/wp-json\/wp\/v2\/media?parent=256217"}],"wp:term":[{"taxonomy":"category","embeddable":true,"href":"https:\/\/www.europesays.com\/es\/wp-json\/wp\/v2\/categories?post=256217"},{"taxonomy":"post_tag","embeddable":true,"href":"https:\/\/www.europesays.com\/es\/wp-json\/wp\/v2\/tags?post=256217"}],"curies":[{"name":"wp","href":"https:\/\/api.w.org\/{rel}","templated":true}]}}