{"id":256219,"date":"2025-11-26T05:15:13","date_gmt":"2025-11-26T05:15:13","guid":{"rendered":"https:\/\/www.europesays.com\/es\/256219\/"},"modified":"2025-11-26T05:15:13","modified_gmt":"2025-11-26T05:15:13","slug":"concierto-de-moises-sanchez-en-la-fundacion-bancaja","status":"publish","type":"post","link":"https:\/\/www.europesays.com\/es\/256219\/","title":{"rendered":"Concierto de Mois\u00e9s S\u00e1nchez en la Fundaci\u00f3n Bancaja"},"content":{"rendered":"<p>El\u00a0<strong>28 de noviembre a las 20:00 h<\/strong>\u00a0la Fundaci\u00f3n Bancaja se llena de ritmo con el concierto\u00a0<a class=\"link link--bold\" href=\"https:\/\/www.fundacionbancaja.es\/actividad\/concierto-moises-sanchez-dedication-ii\/\" rel=\"nofollow noopener\" target=\"_blank\">\u00abDedication\u00a0II\u00bb<\/a>, una nueva cita dentro del ciclo \u00abConcerts\u00a0a la\u00a0Fundaci\u00f3\u00bb.\u00a0<\/p>\n<p>El pianista y compositor\u00a0<strong>Mois\u00e9s S\u00e1nchez llega acompa\u00f1ado de un elenco de lujo<\/strong>: To\u00f1o Miguel al contrabajo, Borja Barrueta a la bater\u00eda, Javier\u00a0Vercher\u00a0al saxof\u00f3n tenor y la colaboraci\u00f3n especial de la cantante Cristina Mora, que pondr\u00e1 voz a algunos de los temas del repertorio.\u00a0<\/p>\n<p><strong>Sobre el escenario, revisar\u00e1n los temas de\u00a0\u00abDedication\u00bb<\/strong>, un \u00e1lbum grabado por la misma formaci\u00f3n en 2010.\u00a0<\/p>\n<p>Van a\u00a0actualizarlos\u00a0con una nueva energ\u00eda, mezclando estilos, improvisando sin miedo y experimentando desde una mirada mucho m\u00e1s madura.\u00a0<\/p>\n<p>Como lo oyes, 15\u00a0a\u00f1os despu\u00e9s vuelven a darle una vuelta de tuerca a su propio trabajo\u2026 \u00a1y con\u00a0<strong>entradas a tan solo 6 \u20ac en\u00a0taquilla<\/strong>!\u00a0<\/p>\n<p>M\u00e1s sobre Mois\u00e9s S\u00e1nchez\u00a0<\/p>\n<p>El pianista, nominado a los Grammy Latino y dos veces ganador del Premio MIN de la M\u00fasica Independiente, es\u00a0una de las<strong>\u00a0figuras m\u00e1s reconocidas\u00a0del jazz europeo actual<\/strong>.\u00a0<\/p>\n<p>Y s\u00ed, ha colaborado con otros grandes\u00a0nombres\u00a0como\u00a0Pl\u00e1cido Domingo, Chano Dom\u00ednguez, Ara\u00a0Malikian\u00a0o\u00a0Carmen Par\u00eds.\u00a0<\/p>\n<p>En definitiva, es un m\u00fasico inquieto, virtuoso y con una forma de entender el jazz que va mucho m\u00e1s all\u00e1 del piano.\u00a0<\/p>\n<p>No\u00a0quieres\u00a0perderte esta noche en la Fundaci\u00f3n Bancaja, \u00bfverdad?\u00a0<\/p>\n","protected":false},"excerpt":{"rendered":"El\u00a028 de noviembre a las 20:00 h\u00a0la Fundaci\u00f3n Bancaja se llena de ritmo con el concierto\u00a0\u00abDedication\u00a0II\u00bb, una nueva&hellip;\n","protected":false},"author":2,"featured_media":256220,"comment_status":"","ping_status":"","sticky":false,"template":"","format":"standard","meta":{"footnotes":""},"categories":[5],"tags":[17,18,25,24,13,14,11,19,20,9,10,15,16,23,12,21,22],"class_list":{"0":"post-256219","1":"post","2":"type-post","3":"status-publish","4":"format-standard","5":"has-post-thumbnail","7":"category-titulares","8":"tag-breaking-news","9":"tag-breakingnews","10":"tag-es","11":"tag-espana","12":"tag-featured-news","13":"tag-featurednews","14":"tag-headlines","15":"tag-latest-news","16":"tag-latestnews","17":"tag-news","18":"tag-noticias","19":"tag-noticias-destacadas","20":"tag-noticiasdestacadas","21":"tag-spain","22":"tag-titulares","23":"tag-ultimas-noticias","24":"tag-ultimasnoticias"},"share_on_mastodon":{"url":"https:\/\/pubeurope.com\/@es\/115614300447099287","error":""},"_links":{"self":[{"href":"https:\/\/www.europesays.com\/es\/wp-json\/wp\/v2\/posts\/256219","targetHints":{"allow":["GET"]}}],"collection":[{"href":"https:\/\/www.europesays.com\/es\/wp-json\/wp\/v2\/posts"}],"about":[{"href":"https:\/\/www.europesays.com\/es\/wp-json\/wp\/v2\/types\/post"}],"author":[{"embeddable":true,"href":"https:\/\/www.europesays.com\/es\/wp-json\/wp\/v2\/users\/2"}],"replies":[{"embeddable":true,"href":"https:\/\/www.europesays.com\/es\/wp-json\/wp\/v2\/comments?post=256219"}],"version-history":[{"count":0,"href":"https:\/\/www.europesays.com\/es\/wp-json\/wp\/v2\/posts\/256219\/revisions"}],"wp:featuredmedia":[{"embeddable":true,"href":"https:\/\/www.europesays.com\/es\/wp-json\/wp\/v2\/media\/256220"}],"wp:attachment":[{"href":"https:\/\/www.europesays.com\/es\/wp-json\/wp\/v2\/media?parent=256219"}],"wp:term":[{"taxonomy":"category","embeddable":true,"href":"https:\/\/www.europesays.com\/es\/wp-json\/wp\/v2\/categories?post=256219"},{"taxonomy":"post_tag","embeddable":true,"href":"https:\/\/www.europesays.com\/es\/wp-json\/wp\/v2\/tags?post=256219"}],"curies":[{"name":"wp","href":"https:\/\/api.w.org\/{rel}","templated":true}]}}