{"id":256225,"date":"2025-11-26T05:25:13","date_gmt":"2025-11-26T05:25:13","guid":{"rendered":"https:\/\/www.europesays.com\/es\/256225\/"},"modified":"2025-11-26T05:25:13","modified_gmt":"2025-11-26T05:25:13","slug":"albert-windsor-nieto-del-duque-de-kent-y-soltero-de-oro-que-acompanara-a-la-ahijada-del-rey-juan-carlos-en-su-debut","status":"publish","type":"post","link":"https:\/\/www.europesays.com\/es\/256225\/","title":{"rendered":"Albert Windsor, nieto del duque de Kent y soltero de oro que acompa\u00f1ar\u00e1 a la ahijada del rey Juan Carlos en su debut"},"content":{"rendered":"<p id=\"eVmQOIxf2eQ\" data-wc=\"126\">Par\u00eds es este fin de semana el escenario de una de las citas m\u00e1s esperadas:<strong> el Baile de Debutantes<\/strong>. Tambi\u00e9n conocido como Le Bal y organizado Oph\u00e9lie Renouard, supone la exclusiva presentaci\u00f3n en sociedad de j\u00f3venes de la realeza, aristocracia y de algunas de las familias m\u00e1s influyentes del mundo empresarial y art\u00edstico. <a class=\"hm-link ho-link\" href=\"https:\/\/www.hola.com\/actualidad\/20251117868013\/baile-debutantes-participantes-te-las-presentamos\/\" data-mrf-recirculation=\"article-body-link\" rel=\"nofollow noopener\" target=\"_blank\">Un total de 20 chicas llegadas de todas partes del mundo\u00a0<\/a>disfrutar\u00e1n en el prestigioso hotel Shangri-La de una noche \u00fanica, inspirada en una tradici\u00f3n inglesa del siglo XVII. Como si de una escena de Los Bridgerton se tratara, las protagonistas ir\u00e1n acompa\u00f1adas de sus &#8216;cavaliers&#8217;, entre los que se encuentra un miembro de la Familia Real brit\u00e1nica.<strong> Te presentamos a Albert Windsor, quien acudir\u00e1 del brazo de otra royal vinculada con Espa\u00f1a.<\/strong><\/p>\n<p> <img src=\"https:\/\/www.europesays.com\/es\/wp-content\/uploads\/2025\/11\/91723241bfa9-gettyimages-2236083310.jpg\"   width=\"602\" height=\"1024\" loading=\"lazy\" decoding=\"async\" alt=\"Albert Windsor con su hermano Leopold en el funeral por su abuela, la duquesa de Kent\" fetchpriority=\"auto\" class=\"image ho-image\"\/>\u00a9 Getty ImagesAlbert Windsor con su hermano Leopold en el funeral por su abuela, la duquesa de Kent<\/p>\n<p id=\"eRKKr7Jema\" data-wc=\"125\">Le Bal, cita solidaria que celebra el empoderamiento juvenil y la armon\u00eda entre las naciones, cuenta en esta edici\u00f3n con un nombre muy popular en la alta sociedad. Se trata de Albert Windsor, que con solo 18 a\u00f1os<strong> ya acapara todas las miradas en Reino Unido, donde se refieren a \u00e9l como uno de los solteros de oro. <\/strong>Albert Louis Philip Edward Windsor, como se llama en realidad, \u00a0es tataranieto de Jorge V y nieto del duque de Kent, primo hermano de la recordada Isabel II y una de sus personas de m\u00e1xima confianza. Su abuela era Karine Lucy Mary Worsley,<strong>\u00a0<\/strong><a class=\"hm-link ho-link\" href=\"https:\/\/www.hola.com\/realeza\/casa_inglesa\/20250905853519\/muere-a-los-92-anos-la-duquesa-de-kent-mujer-del-primo-de-isabel-ii\/\" data-mrf-recirculation=\"article-body-link\" rel=\"nofollow noopener\" target=\"_blank\">duquesa de Kent, que falleci\u00f3 el pasado mes septiembre a los 92 a\u00f1os<\/a> tras una larga vida volcada en su servicio a la Corona.<\/p>\n<p> <img src=\"https:\/\/www.europesays.com\/es\/wp-content\/uploads\/2025\/11\/6e8f6b1295bd-gettyimages-2236083321.jpg\"   width=\"1024\" height=\"656\" loading=\"lazy\" decoding=\"async\" alt=\"Albert Windsor, con toda la familia en la Catedral de Westminster\" fetchpriority=\"auto\" class=\"image ho-image\"\/>\u00a9 Getty ImagesAlbert Windsor, con toda la familia en la Catedral de Westminster<\/p>\n<p id=\"eEfRtl7ngi\" data-wc=\"116\">Albert Windsor es el mayor de los tres hijos de Paola Doimi de Lupis y Lord Nicholas Windsor, que fue uno de los pajes de la boda de Carlos III y Diana de Gales y es adem\u00e1s ahijado del monarca. La pareja, recientemente<a class=\"hm-link ho-link\" href=\"https:\/\/www.hola.com\/realeza\/casa_inglesa\/20250918856614\/hijo-del-duque-de-kent-se-separa-de-su-esposa-despues-de-la-muerte-de-su-madre\/\" data-mrf-recirculation=\"article-body-link\" rel=\"nofollow noopener\" target=\"_blank\"> separada tras casi dos d\u00e9cadas de uni\u00f3n<\/a><strong>, se cas\u00f3 en El Vaticano y el novio perdi\u00f3 sus derechos din\u00e1sticos al convertirse al catolicismo, haciendo as\u00ed historia en la Familia Real.<\/strong> El matrimonio se instal\u00f3 en Roma, donde \u00e9l ejerce como director del Instituto Dignitatis Humanae. De la capital italiana, en la que su madre trabaj\u00f3 para el Papa, Albert Windsor ha regresado a Reino Unido para estudiar Teolog\u00eda en la Universidad de Oxford.<\/p>\n<p id=\"eBy2qf3rNy\" data-wc=\"115\">Tras crecer lejos del foco medi\u00e1tico, el nieto del duque de Kent hizo una comentada aparici\u00f3n en sociedad en el funeral de su abuela. Llam\u00f3 mucho la atenci\u00f3n en la misa que se celebr\u00f3 en la catedral de Westminster, en la que tambi\u00e9n estuvieron presentes Carlos III, el pr\u00edncipe Guillermo y Kate Middleton. Hasta entonces solo se le hab\u00eda visto de ni\u00f1o en celebraciones familiares concretas, como la boda de Lady Gabriella y Thomas Kingston, el 60 cumplea\u00f1os de Carlos III, as\u00ed com<strong>o\u00a0<\/strong><a class=\"hm-link ho-link\" href=\"https:\/\/www.hola.com\/realeza\/casa_inglesa\/20190608143585\/trooping-the-colour-familia-real-britanica-reunida\/\" data-mrf-recirculation=\"article-body-link\" rel=\"nofollow noopener\" target=\"_blank\">el Trooping the colour de 2019<\/a><strong>, cuando apareci\u00f3 en el balc\u00f3n de Buckingham con el brazo roto y en cabestrillo<\/strong>. Su transformaci\u00f3n, ya como mayor de edad, ha sido toda una revoluci\u00f3n.<\/p>\n<p> <img src=\"https:\/\/www.europesays.com\/es\/wp-content\/uploads\/2025\/11\/a746707c5fb1-gettyimages-122278867.jpg\"   width=\"661\" height=\"1024\" loading=\"lazy\" decoding=\"async\" alt=\"Lord y Lady Nicholas Windsor con dos de sus tres hijos\" fetchpriority=\"auto\" class=\"image ho-image\"\/>\u00a9 Getty ImagesLord y Lady Nicholas Windsor con dos de sus tres hijos<br \/>\nLa debutante a la que acompa\u00f1a, ahijada del rey Juan Carlos<\/p>\n<p id=\"e_K47_8rQpw\" data-wc=\"154\">La debutante a la que acompa\u00f1a est\u00e1 vinculada con el Reino Unido, ya que estudia Econom\u00eda y Finanzas en St Andrews, la universidad escocesa en la que se enamoraron los Pr\u00edncipes de Gales y en la que tiene como compa\u00f1era a Lady Louise Windsor, hija de los duques de Edimburgo y la sobrina m\u00e1s joven de Carlos III. \u00a0<strong>Hablamos de Eulalia de Orleans &#8211; Borb\u00f3n, hija <a class=\"hm-link ho-link\" href=\"https:\/\/www.hola.com\/realeza\/casa_espanola\/20200303162179\/alvaro-orleans-borbon-quien-es\/\" data-mrf-recirculation=\"article-body-link\" rel=\"nofollow noopener\" target=\"_blank\">del empresario \u00c1lvaro de Orleans- Borb\u00f3n<\/a>, primo lejano del rey Juan Carlos y padrino de la joven.\u00a0<\/strong>Su bisabuelo paterno era adem\u00e1s primo de Pablo I de Grecia, padre de la reina Sof\u00eda. La Princesa de origen espa\u00f1ol, que llevar\u00e1 un vestido de Tony Ward, ha vivido siempre en M\u00f3naco y tiene una estrecha relaci\u00f3n con los Grimaldi, a los que ha acompa\u00f1ado en citas como el Baile de la Rosa. Ahora da un paso al frente para ser ella la protagonista en una noche llena de sorpresas.<\/p>\n","protected":false},"excerpt":{"rendered":"Par\u00eds es este fin de semana el escenario de una de las citas m\u00e1s esperadas: el Baile de&hellip;\n","protected":false},"author":2,"featured_media":256226,"comment_status":"","ping_status":"","sticky":false,"template":"","format":"standard","meta":{"footnotes":""},"categories":[174],"tags":[255,146,147,25,24,256,1027,6856,23],"class_list":{"0":"post-256225","1":"post","2":"type-post","3":"status-publish","4":"format-standard","5":"has-post-thumbnail","7":"category-famosos","8":"tag-celebrities","9":"tag-entertainment","10":"tag-entretenimiento","11":"tag-es","12":"tag-espana","13":"tag-famosos","14":"tag-realeza","15":"tag-realeza-inglesa","16":"tag-spain"},"share_on_mastodon":{"url":"https:\/\/pubeurope.com\/@es\/115614340030152583","error":""},"_links":{"self":[{"href":"https:\/\/www.europesays.com\/es\/wp-json\/wp\/v2\/posts\/256225","targetHints":{"allow":["GET"]}}],"collection":[{"href":"https:\/\/www.europesays.com\/es\/wp-json\/wp\/v2\/posts"}],"about":[{"href":"https:\/\/www.europesays.com\/es\/wp-json\/wp\/v2\/types\/post"}],"author":[{"embeddable":true,"href":"https:\/\/www.europesays.com\/es\/wp-json\/wp\/v2\/users\/2"}],"replies":[{"embeddable":true,"href":"https:\/\/www.europesays.com\/es\/wp-json\/wp\/v2\/comments?post=256225"}],"version-history":[{"count":0,"href":"https:\/\/www.europesays.com\/es\/wp-json\/wp\/v2\/posts\/256225\/revisions"}],"wp:featuredmedia":[{"embeddable":true,"href":"https:\/\/www.europesays.com\/es\/wp-json\/wp\/v2\/media\/256226"}],"wp:attachment":[{"href":"https:\/\/www.europesays.com\/es\/wp-json\/wp\/v2\/media?parent=256225"}],"wp:term":[{"taxonomy":"category","embeddable":true,"href":"https:\/\/www.europesays.com\/es\/wp-json\/wp\/v2\/categories?post=256225"},{"taxonomy":"post_tag","embeddable":true,"href":"https:\/\/www.europesays.com\/es\/wp-json\/wp\/v2\/tags?post=256225"}],"curies":[{"name":"wp","href":"https:\/\/api.w.org\/{rel}","templated":true}]}}