{"id":256238,"date":"2025-11-26T05:36:09","date_gmt":"2025-11-26T05:36:09","guid":{"rendered":"https:\/\/www.europesays.com\/es\/256238\/"},"modified":"2025-11-26T05:36:09","modified_gmt":"2025-11-26T05:36:09","slug":"las-masacres-en-darfur-y-el-avance-rebelde-cuestionan-el-papel-de-emiratos-en-la-guerra-civil-de-sudan-internacional","status":"publish","type":"post","link":"https:\/\/www.europesays.com\/es\/256238\/","title":{"rendered":"Las masacres en Darfur y el avance rebelde cuestionan el papel de Emiratos en la guerra civil de Sud\u00e1n | Internacional"},"content":{"rendered":"<p class=\"\">Cuando el grupo paramilitar sudan\u00e9s Fuerzas de Apoyo R\u00e1pido (RSF, por sus siglas en ingl\u00e9s) <a href=\"https:\/\/elpais.com\/internacional\/2025-10-27\/los-rebeldes-de-sudan-se-atribuyen-la-captura-de-la-ultima-gran-ciudad-de-darfur-fuera-de-su-control.html\" target=\"_self\" rel=\"nofollow noopener\" title=\"https:\/\/elpais.com\/internacional\/2025-10-27\/los-rebeldes-de-sudan-se-atribuyen-la-captura-de-la-ultima-gran-ciudad-de-darfur-fuera-de-su-control.html\">tom\u00f3 a finales de octubre<\/a> la capital del Estado de Darfur Norte, El Fasher, los <a href=\"https:\/\/elpais.com\/internacional\/2025-11-12\/relatos-sobre-la-masacre-de-el-fasher-se-pueden-ver-los-litros-de-sangre-que-han-manchado-la-tierra.html\" target=\"_self\" rel=\"nofollow noopener\" title=\"https:\/\/elpais.com\/internacional\/2025-11-12\/relatos-sobre-la-masacre-de-el-fasher-se-pueden-ver-los-litros-de-sangre-que-han-manchado-la-tierra.html\">testimonios de sus atrocidades<\/a> empezaron a correr como la p\u00f3lvora: ejecuciones, violencia sexual, torturas, humillaciones, secuestros. Las fuerzas rebeldes acababan de someter a la <a href=\"https:\/\/elpais.com\/internacional\/2025-10-31\/darfur-vuelve-a-arder-la-onu-denuncia-las-atrocidades-de-las-milicias-rebeldes-de-sudan-tras-conquistar-el-fasher.html\" target=\"_self\" rel=\"nofollow noopener\" title=\"https:\/\/elpais.com\/internacional\/2025-10-31\/darfur-vuelve-a-arder-la-onu-denuncia-las-atrocidades-de-las-milicias-rebeldes-de-sudan-tras-conquistar-el-fasher.html\">\u00faltima gran ciudad del oeste de Sud\u00e1n<\/a> que segu\u00eda bajo control del ej\u00e9rcito y grupos aliados, cimentando as\u00ed la divisi\u00f3n del pa\u00eds en dos bloques, en una guerra civil que en dos a\u00f1os y medio se ha cobrado de decenas de miles de vidas.<\/p>\n<p class=\"\">La crueldad exhibida en El Fasher y la creciente partici\u00f3n de Sud\u00e1n han vuelto a conmocionar a la comunidad internacional. Pero, adem\u00e1s de esa condena global a las RSF, ha puesto de nuevo el foco en el papel de su principal aliado exterior, Emiratos \u00c1rabes Unidos, que, operando en gran medida desde la sombra, ha proporcionado desde el inicio de la guerra civil de Sud\u00e1n un apoyo militar y pol\u00edtico sin parang\u00f3n al grupo rebelde (aunque oficialmente las autoridades emirat\u00edes niegan esa intervenci\u00f3n).<\/p>\n<p class=\"\">En el \u00e1mbito militar, las autoridades de Abu Dabi han articulado una compleja y din\u00e1mica red regional de l\u00edneas de suministro que es clave para alimentar la maquinaria de guerra rebelde. Al poco de estallar el conflicto, en abril de 2023, Emiratos empez\u00f3 a enviar decenas de aviones de carga militar a Amdjarass, una remota ciudad del este de Chad cercana a Darfur, el feudo de las Fuerzas de Apoyo R\u00e1pido, seg\u00fan observaron rastreadores de vuelos y un panel de expertos de la ONU. A menudo estos aviones hac\u00edan escala en pa\u00edses aliados de Emiratos, principalmente Uganda.<\/p>\n<p class=\"\">Esta pronta rotaci\u00f3n de aviones a Chad, que coincidi\u00f3 con la concesi\u00f3n de un multimillonario pr\u00e9stamo de Abu Dabi al presidente chadiano, Mahamat Idriss D\u00e9by, sucedi\u00f3 en paralelo a la apertura de otras tres rutas de suministros menores, incluida una de combustible, desde Rep\u00fablica Centroafricana, Libia y Sud\u00e1n del Sur, todos lim\u00edtrofes con Darfur, seg\u00fan el panel de la ONU. <\/p>\n<p class=\"\">Aquel temprano env\u00edo de armas, combustible y veh\u00edculos fue clave para que <a href=\"https:\/\/elpais.com\/planeta-futuro\/2024-05-09\/las-evidencias-de-una-nueva-limpieza-etnica-en-sudan-se-ciernen-sobre-darfur.html\" target=\"_self\" rel=\"nofollow noopener\" title=\"https:\/\/elpais.com\/planeta-futuro\/2024-05-09\/las-evidencias-de-una-nueva-limpieza-etnica-en-sudan-se-ciernen-sobre-darfur.html\">los paramilitares sudaneses aplastaran<\/a> las aisladas guarniciones del ej\u00e9rcito en Darfur y se hicieran con todas las grandes ciudades de la regi\u00f3n, excepto El Fasher, en una ofensiva lanzada en verano de 2023. En aquella campa\u00f1a, los rebeldes desplegaron armas que no hab\u00edan usado antes, como drones, y que pronto exhibieron en la capital de Sud\u00e1n, Jartum. <\/p>\n<p class=\"\">Desde hace meses, este puente a\u00e9reo ha cambiado de ruta. La principal pasa actualmente por el remoto aeropuerto de Kufra, en el sureste de Libia, tambi\u00e9n pr\u00f3ximo a Darfur, que est\u00e1 controlado por el Ej\u00e9rcito Nacional Libio (ENL) de la familia Jaftar, otro gran aliado de Abu Dabi. Un grupo armado integrado en el ENL, Subul al Salam, y los rebeldes sudaneses, que cuentan con al menos una base en la regi\u00f3n, se encargan luego de gran parte del transporte por tierra. <\/p>\n<p class=\"\">Algunos de los aviones procedentes de Emiratos que aterrizan en Kufra o en Bengasi, otra ciudad del este de Libia, hacen escala en la ciudad de Bosaso, situada en la regi\u00f3n aut\u00f3noma de Puntlandia, en Somalia, cuyas autoridades mantienen estrechas relaciones con Abu Dabi. <\/p>\n<p class=\"\">Rich Tedd, un analista que monitorea el tr\u00e1fico a\u00e9reo en la regi\u00f3n, estima que la media de vuelos que aterrizan en el este de Libia procedentes de las bases a\u00e9reas militares de Al Reef y Al Ain, en Emiratos, o a trav\u00e9s del aeropuerto de Bosaso, ronda los 60 al mes. Entre junio y octubre, asegura, identific\u00f3 unos 200 vuelos de carga directos de Emiratos al este de Libia. <\/p>\n<p class=\"\">La l\u00ednea de suministros de Libia empez\u00f3 a cobrar importancia despu\u00e9s de que la ruta de Chad se detuviera. Un segundo informe del panel de expertos de la ONU lo atribuy\u00f3 a la presi\u00f3n militar y pol\u00edtica de grupos de etnia zaghawa, presentes tanto en Darfur \u2014donde est\u00e1n aliados con el ej\u00e9rcito sudan\u00e9s\u2014 como en el este de Chad, la regi\u00f3n natal del presidente D\u00e9by. <\/p>\n<p class=\"\">Adem\u00e1s de suministros militares y combustible, Emiratos ha dirigido el <a href=\"https:\/\/elpais.com\/america-colombia\/2025-09-27\/sudan-eleva-el-tono-contra-los-mercenarios-colombianos-al-acusarlos-de-crimenes-de-guerra.html\" target=\"_self\" rel=\"nofollow noopener\" title=\"https:\/\/elpais.com\/america-colombia\/2025-09-27\/sudan-eleva-el-tono-contra-los-mercenarios-colombianos-al-acusarlos-de-crimenes-de-guerra.html\">env\u00edo de mercenarios<\/a> a Darfur para apoyar a las Fuerzas de Apoyo R\u00e1pido, seg\u00fan ha denunciado el Gobierno militar sudan\u00e9s y han documentado m\u00faltiples medios. Cientos de estos mercenarios son colombianos y han sido reclutados por una empresa con sede en Abu Dabi que luego los ha desplegado en el oeste de Sud\u00e1n a trav\u00e9s del este de Libia, en ocasiones tras pasar por Emiratos o por Bosaso. <\/p>\n<p>Fuerzas de choque y oro <\/p>\n<p class=\"\">La estrecha relaci\u00f3n entre la familia Dagalo, que lidera las Fuerzas de Apoyo R\u00e1pido, y los Nahyan, la Casa Real de Abu Dabi, se remonta a hace m\u00e1s de una d\u00e9cada, cuando Emiratos reclut\u00f3 a miles de combatientes paramilitares sudaneses para luchar contra el movimiento rebelde de los hut\u00edes en Yemen encuadrados en una coalici\u00f3n liderada por Arabia Saud\u00ed. <\/p>\n<p class=\"\">Los lazos personales entre ambas familias son igualmente un reflejo de la estrategia del presidente emirat\u00ed, Mohamed bin Zayed, desde las revueltas \u00e1rabes de 2011, basada en apoyar en la regi\u00f3n a aliados, a menudo no estatales, que act\u00faan como fuerzas de choque contra lo que percibe como dos de sus grandes amenazadas: movimientos democr\u00e1ticos e islamistas. <\/p>\n<p class=\"\">Al mismo tiempo, la familia Dagalo ha aprovechado su control sobre las RSF para <a href=\"https:\/\/elpais.com\/internacional\/2023-04-17\/que-esta-pasando-en-sudan-el-conflicto-en-10-claves.html\" target=\"_self\" rel=\"nofollow noopener\" title=\"https:\/\/elpais.com\/internacional\/2023-04-17\/que-esta-pasando-en-sudan-el-conflicto-en-10-claves.html\">construir un imperio comercial<\/a> que antes de la guerra estaba activo en m\u00faltiples sectores econ\u00f3micos y que desde entonces le ha servido para financiar su esfuerzo b\u00e9lico con sede en Dub\u00e1i. Abu Dabi tambi\u00e9n tiene importantes intereses log\u00edsticos y agr\u00edcolas en Sud\u00e1n. <\/p>\n<p class=\"\">Desde el inicio de la guerra, adem\u00e1s, los ingresos de las Fuerzas de Apoyo R\u00e1pido dependen cada vez m\u00e1s de <a href=\"https:\/\/elpais.com\/economia\/negocios\/2025-04-29\/el-oro-que-alimenta-la-guerra-civil-de-sudan.html\" target=\"_self\" rel=\"nofollow noopener\" title=\"https:\/\/elpais.com\/economia\/negocios\/2025-04-29\/el-oro-que-alimenta-la-guerra-civil-de-sudan.html\">la explotaci\u00f3n de oro<\/a>, que luego se exporta principalmente a Dub\u00e1i a trav\u00e9s de rutas de contrabando, seg\u00fan la ONG suiza Swissaid. El Gobierno militar de Sud\u00e1n, sin embargo, controla las principales zonas aur\u00edferas del pa\u00eds y el 98% del oro que export\u00f3 por canales oficiales en 2024 tambi\u00e9n acab\u00f3 en Emiratos, seg\u00fan datos del Banco Central. <\/p>\n<p class=\"\">Preguntado por EL PA\u00cdS, un funcionario de Emiratos rechaz\u00f3 \u201cde forma categ\u00f3rica\u201d haber prestado apoyo \u201cde cualquier tipo a cualquiera de las partes beligerantes desde el inicio de la guerra civil\u201d y conden\u00f3 \u201clas atrocidades cometidas por ambas\u201d. Tambi\u00e9n declar\u00f3 que Abu Dabi ha apoyado \u201clos esfuerzos regionales e internacionales para lograr un alto el fuego\u201d. El funcionario eludi\u00f3 aclarar, sin embargo, la naturaleza del tr\u00e1fico a\u00e9reo emirat\u00ed en la regi\u00f3n. <\/p>\n","protected":false},"excerpt":{"rendered":"Cuando el grupo paramilitar sudan\u00e9s Fuerzas de Apoyo R\u00e1pido (RSF, por sus siglas en ingl\u00e9s) tom\u00f3 a finales&hellip;\n","protected":false},"author":2,"featured_media":256239,"comment_status":"","ping_status":"","sticky":false,"template":"","format":"standard","meta":{"footnotes":""},"categories":[42],"tags":[5404,4136,17,18,70,71,22053,5284,6805,13,14,2589,3618,11,61,62,63,64,19,20,56518,9,10,15,16,16262,12,21,22,65,66,67],"class_list":{"0":"post-256238","1":"post","2":"type-post","3":"status-publish","4":"format-standard","5":"has-post-thumbnail","7":"category-internacional","8":"tag-africa","9":"tag-arabia-saudi","10":"tag-breaking-news","11":"tag-breakingnews","12":"tag-conflictos","13":"tag-conflictos-armados","14":"tag-darfur","15":"tag-egipto","16":"tag-emiratos-arabes-unidos","17":"tag-featured-news","18":"tag-featurednews","19":"tag-fuerzas-armadas","20":"tag-guerra-civil","21":"tag-headlines","22":"tag-internacional","23":"tag-international","24":"tag-international-news","25":"tag-internationalnews","26":"tag-latest-news","27":"tag-latestnews","28":"tag-matanza-civiles","29":"tag-news","30":"tag-noticias","31":"tag-noticias-destacadas","32":"tag-noticiasdestacadas","33":"tag-sudan","34":"tag-titulares","35":"tag-ultimas-noticias","36":"tag-ultimasnoticias","37":"tag-world","38":"tag-world-news","39":"tag-worldnews"},"share_on_mastodon":{"url":"","error":"Validation failed: Text character limit of 500 exceeded"},"_links":{"self":[{"href":"https:\/\/www.europesays.com\/es\/wp-json\/wp\/v2\/posts\/256238","targetHints":{"allow":["GET"]}}],"collection":[{"href":"https:\/\/www.europesays.com\/es\/wp-json\/wp\/v2\/posts"}],"about":[{"href":"https:\/\/www.europesays.com\/es\/wp-json\/wp\/v2\/types\/post"}],"author":[{"embeddable":true,"href":"https:\/\/www.europesays.com\/es\/wp-json\/wp\/v2\/users\/2"}],"replies":[{"embeddable":true,"href":"https:\/\/www.europesays.com\/es\/wp-json\/wp\/v2\/comments?post=256238"}],"version-history":[{"count":0,"href":"https:\/\/www.europesays.com\/es\/wp-json\/wp\/v2\/posts\/256238\/revisions"}],"wp:featuredmedia":[{"embeddable":true,"href":"https:\/\/www.europesays.com\/es\/wp-json\/wp\/v2\/media\/256239"}],"wp:attachment":[{"href":"https:\/\/www.europesays.com\/es\/wp-json\/wp\/v2\/media?parent=256238"}],"wp:term":[{"taxonomy":"category","embeddable":true,"href":"https:\/\/www.europesays.com\/es\/wp-json\/wp\/v2\/categories?post=256238"},{"taxonomy":"post_tag","embeddable":true,"href":"https:\/\/www.europesays.com\/es\/wp-json\/wp\/v2\/tags?post=256238"}],"curies":[{"name":"wp","href":"https:\/\/api.w.org\/{rel}","templated":true}]}}