{"id":256287,"date":"2025-11-26T06:24:29","date_gmt":"2025-11-26T06:24:29","guid":{"rendered":"https:\/\/www.europesays.com\/es\/256287\/"},"modified":"2025-11-26T06:24:29","modified_gmt":"2025-11-26T06:24:29","slug":"salud-celebra-en-jaen-las-iii-jornadas-provinciales-sobre-violencia-de-genero","status":"publish","type":"post","link":"https:\/\/www.europesays.com\/es\/256287\/","title":{"rendered":"Salud celebra en Ja\u00e9n las III Jornadas Provinciales sobre Violencia de G\u00e9nero"},"content":{"rendered":"<p><strong>Elena Gonz\u00e1lez destaca la importancia de la formaci\u00f3n y el trabajo conjunto entre administraciones.<\/strong><\/p>\n<p>Expertas en universidades, servicios sanitarios y recursos sociales abordan los avances cient\u00edficos y los retos en la atenci\u00f3n a las v\u00edctimas<\/p>\n<p>La Delegaci\u00f3n Territorial de Salud y Consumo en Ja\u00e9n ha celebrado hoy las III Jornadas Provinciales sobre Violencia de G\u00e9nero, un encuentro celebrado en el Auditorio del Museo \u00cdbero que ha reunido a profesionales del Sistema Sanitario P\u00fablico de Andaluc\u00eda (SSPA), agentes sociales y representantes de distintas administraciones.<\/p>\n<p>Durante la bienvenida institucional, la delegada territorial de Salud y Consumo, Elena \u00a0 Gonz\u00e1lez, ha subrayado el compromiso de la Consejer\u00eda con la mejora constante de la atenci\u00f3n a las v\u00edctimas: \u201cEstas jornadas son un espacio imprescindible para compartir conocimiento, actualizar protocolos y seguir avanzando en una respuesta p\u00fablica eficaz frente a la violencia de g\u00e9nero\u201d, ha afirmado. Asimismo, ha destacado la necesidad de que todos los dispositivos implicados trabajen alineados: \u201cLa coordinaci\u00f3n entre los servicios sanitarios, sociales, educativos, judiciales y de seguridad es clave para que ninguna mujer se sienta sola en el proceso de pedir ayuda y recuperarse\u201d, ha a\u00f1adido.<\/p>\n<p>La jornada ha comenzado con una mesa inaugural dedicada a los \u00faltimos avances en la comprensi\u00f3n de las secuelas que sufren las v\u00edctimas. Expertas como Natalia Hidalgo Ruzzante, investigadora de la Universidad de Granada, y Esther L\u00f3pez Zafra, catedr\u00e1tica de la Universidad de Ja\u00e9n, han presentado trabajos sobre neuropsicolog\u00eda, resiliencia e inteligencia emocional en mujeres v\u00edctimas de violencia de g\u00e9nero. Posteriormente, una mesa redonda ha abordado la detecci\u00f3n precoz, destacando iniciativas como el Protocolo de detecci\u00f3n temprana del SSPA, presentado por profesionales del 061 y de los centros de crisis 24 horas, quienes han coincidido en la necesidad de evitar la revictimizaci\u00f3n y favorecer la recuperaci\u00f3n integral.<\/p>\n<p>El programa ha continuado con una segunda mesa centrada en la invisibilidad de la violencia en entornos vulnerables, analizando realidades que afectan a mujeres gitanas, mujeres de \u00e1reas rurales o v\u00edctimas de explotaci\u00f3n sexual y trata. Representantes de diversos servicios sanitarios y sociales han compartido experiencias que ponen de relieve la complejidad y diversidad de estas situaciones.<\/p>\n<p>Las jornadas persiguen facilitar un espacio de reflexi\u00f3n com\u00fan, actualizar conocimientos sobre actuaci\u00f3n sanitaria y fortalecer la coordinaci\u00f3n interinstitucional, un aspecto que la delegada ha querido resaltar en su intervenci\u00f3n final: \u201cSolo desde una red s\u00f3lida y bien conectada podremos ofrecer una respuesta integral y digna a cada mujer que sufre violencia de g\u00e9nero\u201d, ha concluido. La actividad ha contado con la participaci\u00f3n de profesionales del SSPA, comit\u00e9s territoriales, comisiones locales de seguimiento y entidades vinculadas a \u00e1mbitos como igualdad, educaci\u00f3n, justicia o juventud, evidenciando el amplio compromiso de la sociedad jiennense con la erradicaci\u00f3n de la violencia de g\u00e9nero.<\/p>\n<p><strong>Violencia de G\u00e9nero<\/strong><\/p>\n<p>Estas jornadas se enmarcan en las actividades organizadas en Andaluc\u00eda con motivo del 25 de noviembre, D\u00eda Internacional de la Eliminaci\u00f3n de la Violencia contra las Mujeres, y forman parte de la estrategia de la Consejer\u00eda para reforzar la formaci\u00f3n, la sensibilizaci\u00f3n y la coordinaci\u00f3n profesional en el \u00e1mbito sanitario.<\/p>\n<p>La Consejer\u00eda de Sanidad, Presidencia y Emergencias mantiene una apuesta firme por la formaci\u00f3n continua de los profesionales del SSPA en materia de violencia de g\u00e9nero. Cada a\u00f1o, cerca de 4.000 profesionales participan en actividades formativas espec\u00edficas que abarcan desde la sensibilizaci\u00f3n y la atenci\u00f3n en urgencias hasta la aplicaci\u00f3n pr\u00e1ctica de los protocolos de actuaci\u00f3n y detecci\u00f3n temprana. En 2025, adem\u00e1s, se ha puesto en marcha por primera vez una formaci\u00f3n virtual especializada en el uso del nuevo Protocolo de Detecci\u00f3n Temprana, elaborada en colaboraci\u00f3n con la EASP y el Servicio Andaluz de Salud (SAS), junto con nuevas acciones presenciales dirigidas a los Equipos de Atenci\u00f3n a la Mujer.<\/p>\n<p>Con esta nueva iniciativa, Andaluc\u00eda reafirma su compromiso con la prevenci\u00f3n y erradicaci\u00f3n de la violencia de g\u00e9nero, fortaleciendo la respuesta sanitaria y promoviendo un trabajo conjunto entre instituciones, profesionales y ciudadan\u00eda para avanzar hacia una sociedad m\u00e1s segura, igualitaria y libre de violencia.<\/p>\n","protected":false},"excerpt":{"rendered":"Elena Gonz\u00e1lez destaca la importancia de la formaci\u00f3n y el trabajo conjunto entre administraciones. Expertas en universidades, servicios&hellip;\n","protected":false},"author":2,"featured_media":10253,"comment_status":"","ping_status":"","sticky":false,"template":"","format":"standard","meta":{"footnotes":""},"categories":[5],"tags":[17,18,25,24,13,14,11,19,20,9,10,15,16,23,12,21,22],"class_list":{"0":"post-256287","1":"post","2":"type-post","3":"status-publish","4":"format-standard","5":"has-post-thumbnail","7":"category-titulares","8":"tag-breaking-news","9":"tag-breakingnews","10":"tag-es","11":"tag-espana","12":"tag-featured-news","13":"tag-featurednews","14":"tag-headlines","15":"tag-latest-news","16":"tag-latestnews","17":"tag-news","18":"tag-noticias","19":"tag-noticias-destacadas","20":"tag-noticiasdestacadas","21":"tag-spain","22":"tag-titulares","23":"tag-ultimas-noticias","24":"tag-ultimasnoticias"},"share_on_mastodon":{"url":"https:\/\/pubeurope.com\/@es\/115614571762621530","error":""},"_links":{"self":[{"href":"https:\/\/www.europesays.com\/es\/wp-json\/wp\/v2\/posts\/256287","targetHints":{"allow":["GET"]}}],"collection":[{"href":"https:\/\/www.europesays.com\/es\/wp-json\/wp\/v2\/posts"}],"about":[{"href":"https:\/\/www.europesays.com\/es\/wp-json\/wp\/v2\/types\/post"}],"author":[{"embeddable":true,"href":"https:\/\/www.europesays.com\/es\/wp-json\/wp\/v2\/users\/2"}],"replies":[{"embeddable":true,"href":"https:\/\/www.europesays.com\/es\/wp-json\/wp\/v2\/comments?post=256287"}],"version-history":[{"count":0,"href":"https:\/\/www.europesays.com\/es\/wp-json\/wp\/v2\/posts\/256287\/revisions"}],"wp:featuredmedia":[{"embeddable":true,"href":"https:\/\/www.europesays.com\/es\/wp-json\/wp\/v2\/media\/10253"}],"wp:attachment":[{"href":"https:\/\/www.europesays.com\/es\/wp-json\/wp\/v2\/media?parent=256287"}],"wp:term":[{"taxonomy":"category","embeddable":true,"href":"https:\/\/www.europesays.com\/es\/wp-json\/wp\/v2\/categories?post=256287"},{"taxonomy":"post_tag","embeddable":true,"href":"https:\/\/www.europesays.com\/es\/wp-json\/wp\/v2\/tags?post=256287"}],"curies":[{"name":"wp","href":"https:\/\/api.w.org\/{rel}","templated":true}]}}