{"id":256315,"date":"2025-11-26T06:53:06","date_gmt":"2025-11-26T06:53:06","guid":{"rendered":"https:\/\/www.europesays.com\/es\/256315\/"},"modified":"2025-11-26T06:53:06","modified_gmt":"2025-11-26T06:53:06","slug":"el-ciclista-menorquin-joan-mir-ficha-por-el-equipo-kazajoz","status":"publish","type":"post","link":"https:\/\/www.europesays.com\/es\/256315\/","title":{"rendered":"El ciclista menorqu\u00edn Joan Mir ficha por el equipo Kazajoz"},"content":{"rendered":"<p>\u00abEs para nosotros una alegr\u00eda y un honor contar con uno de los <strong>mayores talentos del XCO espa\u00f1ol de la \u00faltima d\u00e9cada<\/strong>\u00bb, exclamaban ayer en las redes sociales del primer equipo profesional extreme\u00f1o de MTB en la modalidad ol\u00edmpica de XCO, el <strong>Extremadura\u2013PetroGold\u2013Fernando Torres Probikes<\/strong>, tras anunciar el fichaje del joven de Ciutadella, <a href=\"https:\/\/www.menorca.info\/etiqueta\/Joan+Mir.html?utm_source=Inline-tag&amp;utm_medium=internal\" rel=\"nofollow noopener\" target=\"_blank\">Joan Mir<\/a>. Cajalmendralejo acogi\u00f3 la presentaci\u00f3n del <strong>proyecto m\u00e1s ambicioso del Kazajoz<\/strong>, esta escuadra compuesta por seis ciclistas de proyecci\u00f3n internacional y en la que militar\u00e1 para seguir con su inmaculada proyecci\u00f3n el ciclista insular. Corredor con amplia experiencia internacional\u2013 Copas del Mundo, Europeos y Mundiales\u2013, Mir afronta su tercer a\u00f1o sub23, \u00abcon la ambici\u00f3n de volver a situarse entre los mejores del mundo en su categor\u00eda\u00bb, se\u00f1alan desde la entidad extreme\u00f1a, a\u00f1adiendo que \u00absu palmar\u00e9s habla por s\u00ed solo, pero ahora es tiempo de luchar por ampliarlo. Vamos a por un a\u00f1o lleno de objetivos e ilusiones\u00bb, le dedican.<\/p>\n<p>Despedida del Viviana Team<\/p>\n<p><strong>\u00abMe despido de mi actual equipo el Viviana Team.<\/strong> Posiblemente no pueda transmitir todo mi agradecimiento a Juan A. Viana, quien confi\u00f3 en m\u00ed para que pudiera seguir en la pelea un a\u00f1o m\u00e1s junto a su equipo. Hemos aprendido mucho este a\u00f1o pero sobre todo hemos disfrutado un mont\u00f3n juntos\u00bb, escribi\u00f3 Mir, cerrando que la pr\u00f3xima temporada, <strong>\u00abno seguiremos juntos pero estoy seguro de que siempre ser\u00e9is mi familia.<\/strong> Gracias \u2018staff\u2019, compa\u00f1eros y patrocinadores por hacerlo posible\u00bb.<\/p>\n<p>Y es que la progresi\u00f3n de Joan Mir con la bicicleta y hasta llegar de cara a esta pr\u00f3xima temporada 2026 al Extremadura\u2013PetroGold\u2013Fernando Torres Probikes ha sido mete\u00f3rica, <strong>acumulando ya el menorqu\u00edn cinco victorias UCI<\/strong>, siendo flamante campe\u00f3n de Espa\u00f1a J\u00fanior y Top 15 Europeo J\u00fanior, adem\u00e1s de podios en el UCI Junior Series y el absoluto de Copa de Espa\u00f1a, adem\u00e1s de ganar la Shimano SuperCup en Cadete, J\u00fanior y Sub23.<\/p>\n","protected":false},"excerpt":{"rendered":"\u00abEs para nosotros una alegr\u00eda y un honor contar con uno de los mayores talentos del XCO espa\u00f1ol&hellip;\n","protected":false},"author":2,"featured_media":256316,"comment_status":"","ping_status":"","sticky":false,"template":"","format":"standard","meta":{"footnotes":""},"categories":[273],"tags":[313,312,168,25,24,64444,23,167],"class_list":{"0":"post-256315","1":"post","2":"type-post","3":"status-publish","4":"format-standard","5":"has-post-thumbnail","7":"category-ciclismo","8":"tag-ciclismo","9":"tag-cycling","10":"tag-deportes","11":"tag-es","12":"tag-espana","13":"tag-joan-mir","14":"tag-spain","15":"tag-sports"},"share_on_mastodon":{"url":"https:\/\/pubeurope.com\/@es\/115614685831607919","error":""},"_links":{"self":[{"href":"https:\/\/www.europesays.com\/es\/wp-json\/wp\/v2\/posts\/256315","targetHints":{"allow":["GET"]}}],"collection":[{"href":"https:\/\/www.europesays.com\/es\/wp-json\/wp\/v2\/posts"}],"about":[{"href":"https:\/\/www.europesays.com\/es\/wp-json\/wp\/v2\/types\/post"}],"author":[{"embeddable":true,"href":"https:\/\/www.europesays.com\/es\/wp-json\/wp\/v2\/users\/2"}],"replies":[{"embeddable":true,"href":"https:\/\/www.europesays.com\/es\/wp-json\/wp\/v2\/comments?post=256315"}],"version-history":[{"count":0,"href":"https:\/\/www.europesays.com\/es\/wp-json\/wp\/v2\/posts\/256315\/revisions"}],"wp:featuredmedia":[{"embeddable":true,"href":"https:\/\/www.europesays.com\/es\/wp-json\/wp\/v2\/media\/256316"}],"wp:attachment":[{"href":"https:\/\/www.europesays.com\/es\/wp-json\/wp\/v2\/media?parent=256315"}],"wp:term":[{"taxonomy":"category","embeddable":true,"href":"https:\/\/www.europesays.com\/es\/wp-json\/wp\/v2\/categories?post=256315"},{"taxonomy":"post_tag","embeddable":true,"href":"https:\/\/www.europesays.com\/es\/wp-json\/wp\/v2\/tags?post=256315"}],"curies":[{"name":"wp","href":"https:\/\/api.w.org\/{rel}","templated":true}]}}