{"id":256321,"date":"2025-11-26T06:57:13","date_gmt":"2025-11-26T06:57:13","guid":{"rendered":"https:\/\/www.europesays.com\/es\/256321\/"},"modified":"2025-11-26T06:57:13","modified_gmt":"2025-11-26T06:57:13","slug":"esta-podrido-hasta-la-medula","status":"publish","type":"post","link":"https:\/\/www.europesays.com\/es\/256321\/","title":{"rendered":"Est\u00e1 podrido hasta la m\u00e9dula"},"content":{"rendered":"<p data-mrf-recirculation=\"Links P\u00e1rrafos\" class=\"ue-c-article__paragraph paragraph xai-icon-container ue-c-article--first-letter-highlighted\">James Cameron est\u00e1 enfocado en lanzar la tercera entrega de \u2018Avatar\u2019, que llegar\u00e1 a los cines el pr\u00f3ximo 17 de diciembre. La pel\u00edcula, a pesar de ser de la propiedad intelectual del director, pertenece a Disney despu\u00e9s de la adquisici\u00f3n en 2019. En <strong>los \u00faltimos a\u00f1os, las plataformas de streaming han aumentado su producci\u00f3n de pel\u00edculas y series originales, intent\u00e1ndose hacer un hueco en la gala de premios.<\/strong><\/p>\n<p data-mrf-recirculation=\"Links P\u00e1rrafos\" class=\"ue-c-article__paragraph paragraph xai-icon-container\">Durante las \u00faltimas semanas, <strong>se ha discutido la posible compra de Warner. Bros por parte de Netflix, adem\u00e1s de prometer mantener el estreno en salas<\/strong>, algo a lo que <strong>James Cameron<\/strong> se ha pronunciado para el programa \u2018The Town\u2019, de Matt Belloni. \u201c<strong>Es un cebo para los incautos. Estrenaremos la pel\u00edcula durante una semana o diez d\u00edas. Nos clasificaremos para los Oscar&#8217;. Ver\u00e1s, creo que eso est\u00e1 fundamentalmente podrido hasta la m\u00e9dula<\/strong>\u201d, confes\u00f3 el director.<\/p>\n<p data-mrf-recirculation=\"Links P\u00e1rrafos\" class=\"ue-c-article__paragraph paragraph xai-icon-container\">Son muchos los que no ven con buenos ojos la absorci\u00f3n del gigante rojo y el enfoque que est\u00e1n teniendo muchas plataformas, que estrenan pel\u00edculas s\u00f3lo en su plataforma, de tal manera que no se puede ver en el cine. Para James Cameron, <strong>Paramount ser\u00eda una mejor opci\u00f3n. \u201cNetflix ser\u00eda un desastre. Lo siento Ted<\/strong>\u201d.\u00a0<\/p>\n<p>James Cameron: \u201cLos premios de la Academia no valen nada para m\u00ed si no significan cine\u201d<\/p>\n<p data-mrf-recirculation=\"Links P\u00e1rrafos\" class=\"ue-c-article__paragraph paragraph xai-icon-container\">Ted Sarandos, CEO de Netflix, detall\u00f3 hace unos d\u00edas c\u00f3mo la compa\u00f1\u00eda \u2018estaba salvando Hollywood\u2019 de una experiencia, como es el cine, que ya ha perdido adeptos y ha pasado de moda, seg\u00fan sus palabras. James Cameron reaccion\u00f3 tajante a estas palabras: \u201c<strong>Una pel\u00edcula debe hacerse como una pel\u00edcula para el cine. Los premios de la Academia no valen nada para m\u00ed si no significan cine. Creo que es horrible<\/strong>\u201d<\/p>\n<p><img decoding=\"async\" width=\"1014\" height=\"978\" class=\"ue-c-article__image lazyload\" alt=\"James Cameron\" loading=\"lazy\" src=\"https:\/\/www.europesays.com\/es\/wp-content\/uploads\/2025\/11\/69208386cb938.jpeg\"\/><\/p>\n<p>James Cameron<\/p>\n<p data-mrf-recirculation=\"Links P\u00e1rrafos\" class=\"ue-c-article__paragraph paragraph xai-icon-container\">Por \u00faltimo, el presentador le pregunt\u00f3 al director de \u2018Titanic\u2019 y \u2018Avatar\u2019 si Netflix deber\u00eda competir por la estatuilla. \u201c<strong>Se les deber\u00eda permitir si hacen un estreno significativo de la pel\u00edcula, en 2000 salas de cine durante un mes<\/strong>\u201d. Una dura cr\u00edtica al modelo de negocio de Netflix donde <strong>prima la cantidad a la calidad y en el que Cameron<\/strong><strong>ha querido dejar clara su defensa por las salas y el cine tradicional.\u00a0<\/strong><\/p>\n","protected":false},"excerpt":{"rendered":"James Cameron est\u00e1 enfocado en lanzar la tercera entrega de \u2018Avatar\u2019, que llegar\u00e1 a los cines el pr\u00f3ximo&hellip;\n","protected":false},"author":2,"featured_media":256322,"comment_status":"","ping_status":"","sticky":false,"template":"","format":"standard","meta":{"footnotes":""},"categories":[174],"tags":[255,146,147,25,24,256,23],"class_list":{"0":"post-256321","1":"post","2":"type-post","3":"status-publish","4":"format-standard","5":"has-post-thumbnail","7":"category-famosos","8":"tag-celebrities","9":"tag-entertainment","10":"tag-entretenimiento","11":"tag-es","12":"tag-espana","13":"tag-famosos","14":"tag-spain"},"share_on_mastodon":{"url":"https:\/\/pubeurope.com\/@es\/115614701755258343","error":""},"_links":{"self":[{"href":"https:\/\/www.europesays.com\/es\/wp-json\/wp\/v2\/posts\/256321","targetHints":{"allow":["GET"]}}],"collection":[{"href":"https:\/\/www.europesays.com\/es\/wp-json\/wp\/v2\/posts"}],"about":[{"href":"https:\/\/www.europesays.com\/es\/wp-json\/wp\/v2\/types\/post"}],"author":[{"embeddable":true,"href":"https:\/\/www.europesays.com\/es\/wp-json\/wp\/v2\/users\/2"}],"replies":[{"embeddable":true,"href":"https:\/\/www.europesays.com\/es\/wp-json\/wp\/v2\/comments?post=256321"}],"version-history":[{"count":0,"href":"https:\/\/www.europesays.com\/es\/wp-json\/wp\/v2\/posts\/256321\/revisions"}],"wp:featuredmedia":[{"embeddable":true,"href":"https:\/\/www.europesays.com\/es\/wp-json\/wp\/v2\/media\/256322"}],"wp:attachment":[{"href":"https:\/\/www.europesays.com\/es\/wp-json\/wp\/v2\/media?parent=256321"}],"wp:term":[{"taxonomy":"category","embeddable":true,"href":"https:\/\/www.europesays.com\/es\/wp-json\/wp\/v2\/categories?post=256321"},{"taxonomy":"post_tag","embeddable":true,"href":"https:\/\/www.europesays.com\/es\/wp-json\/wp\/v2\/tags?post=256321"}],"curies":[{"name":"wp","href":"https:\/\/api.w.org\/{rel}","templated":true}]}}