{"id":256329,"date":"2025-11-26T07:05:18","date_gmt":"2025-11-26T07:05:18","guid":{"rendered":"https:\/\/www.europesays.com\/es\/256329\/"},"modified":"2025-11-26T07:05:18","modified_gmt":"2025-11-26T07:05:18","slug":"brigitte-bardot-ingresada-por-segunda-vez-en-el-ultimo-mes-gente","status":"publish","type":"post","link":"https:\/\/www.europesays.com\/es\/256329\/","title":{"rendered":"Brigitte Bardot, ingresada por segunda vez en el \u00faltimo mes | Gente"},"content":{"rendered":"<p class=\"\">La <a href=\"https:\/\/elpais.com\/gente\/2025-10-23\/brigitte-bardot-sobre-los-rumores-de-su-muerte-no-se-quien-es-el-imbecil-que-ha-difundido-la-noticia-falsa.html\" target=\"_blank\" rel=\"noreferrer nofollow noopener\" title=\"https:\/\/elpais.com\/gente\/2025-10-23\/brigitte-bardot-sobre-los-rumores-de-su-muerte-no-se-quien-es-el-imbecil-que-ha-difundido-la-noticia-falsa.html\">actriz y activista por los derechos de los animales Brigitte Bardot<\/a> (Par\u00eds, 91 a\u00f1os), uno de los s\u00edmbolos del cine franc\u00e9s de los a\u00f1os sesenta, est\u00e1 hospitalizada de nuevo en Tol\u00f3n, en el sudeste de Francia, desde hace varios d\u00edas, seg\u00fan han informado este martes 25 de noviembre medios regionales.<a href=\"https:\/\/elpais.com\/gente\/2025-10-17\/brigitte-bardot-esta-hospitalizada-por-una-enfermedad-grave-segun-la-prensa-francesa.html\" target=\"_blank\" rel=\"noreferrer nofollow noopener\" title=\"https:\/\/elpais.com\/gente\/2025-10-17\/brigitte-bardot-esta-hospitalizada-por-una-enfermedad-grave-segun-la-prensa-francesa.html\"> Este ingreso es el segundo de la int\u00e9rprete en el \u00faltimo mes<\/a>, confirmando su delicado estado de salud. <\/p>\n<p class=\"\">Bardot lleva \u201cvarios d\u00edas\u201d en el mismo centro en el que ingres\u00f3 el pasado mes de octubre, el hospital privado Saint-Jean, aunque ning\u00fan medio local ha precisado ni los motivos de su nueva hospitalizaci\u00f3n ni cu\u00e1nto tiempo lleva ingresada. En su momento, no trascendieron los motivos de su primera hospitalizaci\u00f3n, y ahora <a href=\"https:\/\/www.lefigaro.fr\/culture\/brigitte-bardot-de-nouveau-hospitalisee-a-toulon-20251125\" target=\"_blank\" rel=\"noreferrer nofollow noopener\" title=\"https:\/\/www.lefigaro.fr\/culture\/brigitte-bardot-de-nouveau-hospitalisee-a-toulon-20251125\">Le Figaro<\/a> informa que entonces se someti\u00f3 a una operaci\u00f3n por una \u201cenfermedad grave\u201d, pero pudo regresar a su domicilio dos semanas despu\u00e9s de recibir el tratamiento correspondiente. Seg\u00fan varias fuentes cercanas a la int\u00e9rprete, \u201cse encontraba descansando y recuper\u00e1ndose lentamente\u201d. <\/p>\n<p>M\u00e1s informaci\u00f3n<\/p>\n<p class=\"\">La Fundaci\u00f3n Brigitte Bardot confirm\u00f3 entonces al medio regional ICI Provence que la cirug\u00eda hab\u00eda salido \u201cmuy bien\u201d. Pero d\u00edas despu\u00e9s, la c\u00e9lebre actriz tuvo que romper su silencio habitual y desmentir en sus redes sociales los rumores que llegaron a circular sobre su muerte. \u201cEstoy bien y no s\u00e9 qu\u00e9 idiota empez\u00f3 esta noticia falsa sobre mi fallecimiento. No tengo intenci\u00f3n de despedirme. Quien tenga o\u00eddos, que oiga\u201d, <a href=\"https:\/\/elpais.com\/gente\/2025-10-23\/brigitte-bardot-sobre-los-rumores-de-su-muerte-no-se-quien-es-el-imbecil-que-ha-difundido-la-noticia-falsa.html\" target=\"_blank\" rel=\"noreferrer nofollow noopener\" title=\"https:\/\/elpais.com\/gente\/2025-10-23\/brigitte-bardot-sobre-los-rumores-de-su-muerte-no-se-quien-es-el-imbecil-que-ha-difundido-la-noticia-falsa.html\">escribi\u00f3 el 22 de octubre en su perfil de X<\/a>. Una respuesta que lleg\u00f3 despu\u00e9s de que la influencer francesa Aqababe anunciase el supuesto fallecimiento de la actriz: \u201cUna leyenda ha muerto, dejando un legado imborrable\u201d, escribi\u00f3. Desde su desmentido, Bardot no ha vuelto a pronunciarse; solo ha compartido un v\u00eddeo publicado por la fundaci\u00f3n que lleva su nombre respecto a un documental sobre su carrera. <\/p>\n<p class=\"\">Bardot, tambi\u00e9n conocida por sus siglas BB, abandon\u00f3 el cine en la d\u00e9cada de los setenta para dedicarse a defender los derechos de los animales. En su retiro elegido de la vida p\u00fablica, son pocas las noticias que se saben de ella. Al menos hasta ahora, cuando su estado de salud ha ocupado los titulares de medios de todo el mundo \u2014en enero de 2023 tambi\u00e9n tuvo que ser hospitalizada a causa de una insuficiencia respiratoria\u2014.<\/p>\n<p class=\"\">En septiembre de este a\u00f1o, public\u00f3 Mon BBc\u00e9daire un libro escrito a mano entre los a\u00f1os 2020 y 2025 que su editorial, Fayard, present\u00f3 como \u201cuna inmersi\u00f3n en la personalidad de una mujer que marc\u00f3 su \u00e9poca por su independencia, su compromiso y su audacia\u201d. En el libro, del que no hizo promoci\u00f3n, reivindica \u201cla libertad de ser una misma, incluso cuando eso molesta\u201d.<\/p>\n<blockquote class=\"twitter-tweet\">\n<p lang=\"fr\" dir=\"ltr\">Je ne sais pas quel est l\u2019imb\u00e9cile qui a  lanc\u00e9 ce soir cette fake news sur ma disparition mais sachez que je vais bien et que je n\u2019ai pas l\u2019intention de tirer ma r\u00e9v\u00e9rence. \u00c0 bon entendeur<\/p>\n<p>\u2014 Brigitte Bardot (@brigitte_bardot) <a href=\"https:\/\/twitter.com\/brigitte_bardot\/status\/1981096210451878354?ref_src=twsrc%5Etfw\" rel=\"nofollow noopener\" target=\"_blank\">October 22, 2025<\/a><\/p><\/blockquote>\n<p class=\"\">Antes, en mayo de 2025 y durante la que fue <a href=\"https:\/\/www.youtube.com\/watch?v=W2ji5h3EkRQ\" rel=\"nofollow noopener\" title=\"https:\/\/www.youtube.com\/watch?v=W2ji5h3EkRQ\" target=\"_blank\">su primera aparici\u00f3n en los medios en 11 a\u00f1os,<\/a> Bardot revel\u00f3 que ya no viv\u00eda en su casa La Madrague en Saint-Tropez, cerca del mar y escenario de muchas fiestas, y que prefer\u00eda la tranquilidad de La Garrigue, la casa que posee en las colinas y que alberga animales y una capilla privada.<\/p>\n<p class=\"\">Desde 1986 preside la Fundaci\u00f3n Brigitte Bardot, que rescata animales y hace campa\u00f1as contra el abandono, la caza con jaur\u00edas, el maltrato, las granjas de pieles, etc\u00e9tera. Aunque ella no suele aparecer en los actos que organiza dicha instituci\u00f3n, sigue marcando cada paso y concede pocas entrevistas, normalmente desde su casa y por tel\u00e9fono. <\/p>\n<p class=\"\">Bardot se hizo mundialmente famosa en las d\u00e9cadas de los cincuenta y los sesenta por sus actuaciones desenfadadas y su magnetismo sexual en \u00e9xitos de taquilla, aunque no tuvieran siempre el respaldo de la cr\u00edtica. Como cantante, tambi\u00e9n lanz\u00f3 varios discos durante ese per\u00edodo. Sum\u00f3 un total de 45 pel\u00edculas y m\u00e1s de 70 canciones a lo largo de 21 a\u00f1os de carrera. Su estilo, inmortalizado con <a href=\"https:\/\/elpais.com\/smoda\/moda\/2024-03-07\/la-obsesion-por-la-cinta-negra-de-pelo-que-rosalia-no-se-quita-y-que-antes-llevaron-linda-evangelista-y-brigitte-bardot.html\" rel=\"nofollow noopener\" title=\"https:\/\/elpais.com\/smoda\/moda\/2024-03-07\/la-obsesion-por-la-cinta-negra-de-pelo-que-rosalia-no-se-quita-y-que-antes-llevaron-linda-evangelista-y-brigitte-bardot.html\" target=\"_blank\">pa\u00f1uelos en la cabeza<\/a> y pantalones de cuadros vichy, hizo de ella una figura de referencia en la moda.<\/p>\n<p><script async src=\"https:\/\/platform.twitter.com\/widgets.js\" charset=\"utf-8\"><\/script><\/p>\n","protected":false},"excerpt":{"rendered":"La actriz y activista por los derechos de los animales Brigitte Bardot (Par\u00eds, 91 a\u00f1os), uno de los&hellip;\n","protected":false},"author":2,"featured_media":256330,"comment_status":"","ping_status":"","sticky":false,"template":"","format":"standard","meta":{"footnotes":""},"categories":[91],"tags":[1015,16276,177,1293,146,147,25,24,256,317,260,1922,23],"class_list":{"0":"post-256329","1":"post","2":"type-post","3":"status-publish","4":"format-standard","5":"has-post-thumbnail","7":"category-entretenimiento","8":"tag-actrices","9":"tag-brigitte-bardot","10":"tag-cine","11":"tag-enfermedades","12":"tag-entertainment","13":"tag-entretenimiento","14":"tag-es","15":"tag-espana","16":"tag-famosos","17":"tag-francia","18":"tag-gente","19":"tag-redes-sociales","20":"tag-spain"},"share_on_mastodon":{"url":"https:\/\/pubeurope.com\/@es\/115614732995910252","error":""},"_links":{"self":[{"href":"https:\/\/www.europesays.com\/es\/wp-json\/wp\/v2\/posts\/256329","targetHints":{"allow":["GET"]}}],"collection":[{"href":"https:\/\/www.europesays.com\/es\/wp-json\/wp\/v2\/posts"}],"about":[{"href":"https:\/\/www.europesays.com\/es\/wp-json\/wp\/v2\/types\/post"}],"author":[{"embeddable":true,"href":"https:\/\/www.europesays.com\/es\/wp-json\/wp\/v2\/users\/2"}],"replies":[{"embeddable":true,"href":"https:\/\/www.europesays.com\/es\/wp-json\/wp\/v2\/comments?post=256329"}],"version-history":[{"count":0,"href":"https:\/\/www.europesays.com\/es\/wp-json\/wp\/v2\/posts\/256329\/revisions"}],"wp:featuredmedia":[{"embeddable":true,"href":"https:\/\/www.europesays.com\/es\/wp-json\/wp\/v2\/media\/256330"}],"wp:attachment":[{"href":"https:\/\/www.europesays.com\/es\/wp-json\/wp\/v2\/media?parent=256329"}],"wp:term":[{"taxonomy":"category","embeddable":true,"href":"https:\/\/www.europesays.com\/es\/wp-json\/wp\/v2\/categories?post=256329"},{"taxonomy":"post_tag","embeddable":true,"href":"https:\/\/www.europesays.com\/es\/wp-json\/wp\/v2\/tags?post=256329"}],"curies":[{"name":"wp","href":"https:\/\/api.w.org\/{rel}","templated":true}]}}