{"id":256354,"date":"2025-11-26T07:27:21","date_gmt":"2025-11-26T07:27:21","guid":{"rendered":"https:\/\/www.europesays.com\/es\/256354\/"},"modified":"2025-11-26T07:27:21","modified_gmt":"2025-11-26T07:27:21","slug":"en-personas-con-enfermedades-mentales-graves-el-cafe-actua-como-un-escudo-contra-el-envejecimiento-celular-acelerado","status":"publish","type":"post","link":"https:\/\/www.europesays.com\/es\/256354\/","title":{"rendered":"En personas con enfermedades mentales graves, el caf\u00e9 act\u00faa como un escudo contra el envejecimiento celular acelerado"},"content":{"rendered":"<p><img id=\"fotoPrincipalNoticia\" src=\"https:\/\/www.europesays.com\/es\/wp-content\/uploads\/2025\/11\/fotonoticia_20251126070547_690.jpg\" loading=\"eager\" decoding=\"async\" style=\"view-transition-name: fechor_20251126070547;\" border=\"0\" alt=\"Archivo - Taza de caf\u00e9.\" fetchpriority=\"high\" title=\"En personas con enfermedades mentales graves, el caf\u00e9 act\u00faa como un escudo contra el envejecimiento celular acelerado\" width=\"690\" height=\"418\" itemprop=\"image\"\/><\/p>\n<p>Archivo &#8211; Taza de caf\u00e9. &#8211; PEOPLEIMAGES\/ISTOCK &#8211; Archivo<\/p>\n<p>\u00a0\u00a0\u00a0MADRID, 26 Nov. (EUROPA PRESS) &#8211;  <\/p>\n<p>\u00a0\u00a0\u00a0Beber un m\u00e1ximo de <a title=\"3 a 4 tazas de caf\u00e9\" href=\"https:\/\/www.infosalus.com\/salud-investigacion\/noticia-beber-cafe-diario-ayuda-envejecer-fuertes-cuantas-tazas-dia-20250503081448.html\" target=\"_blank\" rel=\"nofollow noopener\">3 a 4 tazas de caf\u00e9 <\/a>al d\u00eda puede retardar el envejecimiento \u00abbiol\u00f3gico\u00bb de las personas con enfermedades mentales graves, al alargar sus tel\u00f3meros (indicadores del envejecimiento celular) y darles el equivalente a 5 a\u00f1os biol\u00f3gicos adicionales, en comparaci\u00f3n con los que no beben caf\u00e9, seg\u00fan una investigaci\u00f3n del King&#8217;s College London de Reino Unido. Los datos se describen en <a title=\"&#039;BMJ Mental Health&#039;\" href=\"http:\/\/10.1136\/bmjment-2025-301700\" target=\"_blank\" rel=\"nofollow\">&#8216;BMJ Mental Health&#8217;<\/a>.<\/p>\n<p>\u00a0\u00a0\u00a0Seg\u00fan el trabajo, m\u00e1s all\u00e1 de esta cuota, que es la ingesta diaria m\u00e1xima recomendada por varias autoridades sanitarias internacionales, incluidas el NHS y la Administraci\u00f3n de Alimentos y Medicamentos de Estados Unidos, no se observaron efectos similares<\/p>\n<p>\u00a0\u00a0\u00a0Cabe recordar que los <a title=\"tel\u00f3meros\" href=\"https:\/\/www.infosalus.com\/salud-investigacion\/noticia-telomeros-mas-cortos-asocian-mayor-riesgo-enfermedades-cerebrales-relacionadas-edad-20250612070245.html\" target=\"_blank\" rel=\"nofollow noopener\">tel\u00f3meros<\/a> se ubican en los extremos de los cromosomas y desempe\u00f1an una funci\u00f3n similar a la de las puntas de pl\u00e1stico de los cordones de los zapatos. Si bien el acortamiento de los tel\u00f3meros es una parte natural del proceso de envejecimiento, parece acelerarse en personas con trastornos psiqui\u00e1tricos graves, como la psicosis, la esquizofrenia y el trastorno bipolar, se\u00f1alan los investigadores.<\/p>\n<p>\u00a0\u00a0\u00a0Asimismo, los tel\u00f3meros son sensibles a factores ambientales, incluyendo, posiblemente, la dieta. Y el caf\u00e9, consumido con moderaci\u00f3n, se ha asociado con diversos beneficios para la salud, lo que <strong>ha llevado a los investigadores a explorar si podr\u00eda influir en la velocidad<\/strong> a la que se acortan los tel\u00f3meros en personas con problemas de salud mental graves.<\/p>\n<p>\u00a0\u00a0\u00a0Se incluyeron 436 participantes adultos del estudio noruego sobre psicosis organizada tem\u00e1ticamente (TOP), reclutados entre 2007 y 2018: <strong>259 ten\u00edan esquizofrenia; el resto (177) ten\u00edan trastornos afectivos<\/strong>, incluido el trastorno bipolar y el trastorno depresivo mayor con psicosis. Asimismo, se pregunt\u00f3 a los participantes cu\u00e1nto caf\u00e9 beb\u00edan al d\u00eda y se les agrup\u00f3 en cuatro categor\u00edas: cero (44); 1-2 tazas; 3-4 tazas (110); y 5 o m\u00e1s tazas. Tambi\u00e9n se les pregunt\u00f3 si fumaban y, de ser as\u00ed, durante cu\u00e1nto tiempo lo hab\u00edan hecho.<\/p>\n<p><strong>CU\u00c1NDO Y CU\u00c1NTO FUNCIONA<\/strong><\/p>\n<p>\u00a0\u00a0\u00a0Los participantes que beb\u00edan m\u00e1s de 5 tazas al d\u00eda eran significativamente mayores que quienes no beb\u00edan nada o solo 1 o 2 tazas al d\u00eda. Y quienes padec\u00edan esquizofrenia beb\u00edan significativamente m\u00e1s caf\u00e9 que quienes padec\u00edan un trastorno afectivo.<\/p>\n<p>\u00a0\u00a0\u00a0Fumar se asocia con un metabolismo m\u00e1s r\u00e1pido de la cafe\u00edna. Aproximadamente tres cuartas partes de los participantes (77%; 337) fumaban, y lo hab\u00edan hecho, en promedio, durante 9 a\u00f1os. Y quienes beb\u00edan m\u00e1s de 5 tazas al d\u00eda hab\u00edan fumado durante mucho m\u00e1s tiempo que cualquiera de los otros grupos.<\/p>\n<p>\u00a0\u00a0\u00a0La longitud de los tel\u00f3meros se midi\u00f3 a partir de gl\u00f3bulos blancos (leucocitos) extra\u00eddos de muestras de sangre, y esto revel\u00f3 una diferencia significativa entre los 4 grupos, formando una curva en forma de J. En comparaci\u00f3n con los que no beb\u00edan caf\u00e9, beber hasta 3 o 4 tazas al d\u00eda se asoci\u00f3 con tel\u00f3meros m\u00e1s largos, pero no en aquellos participantes que beb\u00edan 5 o m\u00e1s tazas cada d\u00eda.<\/p>\n<p>\u00a0\u00a0\u00a0Los participantes que consum\u00edan una dosis diaria de cuatro tazas de cafe\u00edna ten\u00edan longitudes de tel\u00f3meros comparables a una edad biol\u00f3gica cinco a\u00f1os menor que la de los no bebedores de caf\u00e9, despu\u00e9s de ajustar por edad, sexo, origen \u00e9tnico, consumo de tabaco, tipo de problema de salud mental y tratamiento farmacol\u00f3gico.<\/p>\n<p>\u00a0\u00a0\u00a0Este es un estudio observacional y, por lo tanto, no se pueden extraer conclusiones definitivas sobre la relaci\u00f3n causa-efecto. Los investigadores reconocen que no contaban con informaci\u00f3n sobre factores potencialmente influyentes, como el tipo y el momento del consumo de caf\u00e9, los niveles reales de cafe\u00edna u otras fuentes de bebidas con cafe\u00edna.<\/p>\n<p>    Pero sugieren que <strong>existen explicaciones biol\u00f3gicas<\/strong> plausibles para sus hallazgos, entre ellas los potentes compuestos antioxidantes y antiinflamatorios presentes en el caf\u00e9.<\/p>\n<p>\u00a0\u00a0\u00a0\u00ab<strong>Los tel\u00f3meros son muy sensibles tanto al estr\u00e9s oxidativo como a la inflamaci\u00f3n,<\/strong> lo que resalta a\u00fan m\u00e1s c\u00f3mo el consumo de caf\u00e9 podr\u00eda ayudar a preservar el envejecimiento celular en una poblaci\u00f3n cuya fisiopatolog\u00eda puede predisponerlos a un ritmo acelerado de envejecimiento\u00bb, explican los investigadores.<\/p>\n<p>\u00a0\u00a0\u00a0 El caf\u00e9 es popular en todo el mundo: se estima que se consumieron 10.560 millones de kilos en todo el mundo solo en 2021\/22, se\u00f1alan. Pero a pesar de sus beneficios potenciales, \u00abconsumir m\u00e1s de la cantidad diaria recomendada de caf\u00e9 tambi\u00e9n puede causar da\u00f1o celular y acortamiento [de los tel\u00f3meros] a trav\u00e9s de la formaci\u00f3n de especies reactivas de ox\u00edgeno\u00bb, advierten los investigadores, enfatizando que las autoridades sanitarias internacionales recomiendan limitar la ingesta de cafe\u00edna a un m\u00e1ximo de 400 mg\/d\u00eda (4 tazas de caf\u00e9).<\/p>\n","protected":false},"excerpt":{"rendered":"Archivo &#8211; Taza de caf\u00e9. &#8211; PEOPLEIMAGES\/ISTOCK &#8211; Archivo \u00a0\u00a0\u00a0MADRID, 26 Nov. (EUROPA PRESS) &#8211; \u00a0\u00a0\u00a0Beber un m\u00e1ximo&hellip;\n","protected":false},"author":2,"featured_media":256355,"comment_status":"","ping_status":"","sticky":false,"template":"","format":"standard","meta":{"footnotes":""},"categories":[92],"tags":[25,24,165,166,23],"class_list":{"0":"post-256354","1":"post","2":"type-post","3":"status-publish","4":"format-standard","5":"has-post-thumbnail","7":"category-salud","8":"tag-es","9":"tag-espana","10":"tag-health","11":"tag-salud","12":"tag-spain"},"share_on_mastodon":{"url":"https:\/\/pubeurope.com\/@es\/115614820059486771","error":""},"_links":{"self":[{"href":"https:\/\/www.europesays.com\/es\/wp-json\/wp\/v2\/posts\/256354","targetHints":{"allow":["GET"]}}],"collection":[{"href":"https:\/\/www.europesays.com\/es\/wp-json\/wp\/v2\/posts"}],"about":[{"href":"https:\/\/www.europesays.com\/es\/wp-json\/wp\/v2\/types\/post"}],"author":[{"embeddable":true,"href":"https:\/\/www.europesays.com\/es\/wp-json\/wp\/v2\/users\/2"}],"replies":[{"embeddable":true,"href":"https:\/\/www.europesays.com\/es\/wp-json\/wp\/v2\/comments?post=256354"}],"version-history":[{"count":0,"href":"https:\/\/www.europesays.com\/es\/wp-json\/wp\/v2\/posts\/256354\/revisions"}],"wp:featuredmedia":[{"embeddable":true,"href":"https:\/\/www.europesays.com\/es\/wp-json\/wp\/v2\/media\/256355"}],"wp:attachment":[{"href":"https:\/\/www.europesays.com\/es\/wp-json\/wp\/v2\/media?parent=256354"}],"wp:term":[{"taxonomy":"category","embeddable":true,"href":"https:\/\/www.europesays.com\/es\/wp-json\/wp\/v2\/categories?post=256354"},{"taxonomy":"post_tag","embeddable":true,"href":"https:\/\/www.europesays.com\/es\/wp-json\/wp\/v2\/tags?post=256354"}],"curies":[{"name":"wp","href":"https:\/\/api.w.org\/{rel}","templated":true}]}}