{"id":256373,"date":"2025-11-26T07:46:09","date_gmt":"2025-11-26T07:46:09","guid":{"rendered":"https:\/\/www.europesays.com\/es\/256373\/"},"modified":"2025-11-26T07:46:09","modified_gmt":"2025-11-26T07:46:09","slug":"tenemos-que-estar-en-ambos-lados","status":"publish","type":"post","link":"https:\/\/www.europesays.com\/es\/256373\/","title":{"rendered":"Tenemos que estar en ambos lados"},"content":{"rendered":"\n<ul class=\"bodyList bodyList--unordered\">\n<li class=\"bodyList__item\"><a href=\"https:\/\/www.elconfidencial.com\/television\/programas-tv\/2025-11-26\/chef-jose-andres-pablo-motos-el-hormiguero-politica-espanola-tragedia-dana_4254805\/\" target=\"_self\" rel=\"nofollow noopener\">El chef Jos\u00e9 Andr\u00e9s y Pablo Motos sonrojan a la pol\u00edtica espa\u00f1ola en &#8216;El hormiguero&#8217; ante la tragedia de la dana<\/a><\/li>\n<li class=\"bodyList__item\"><a href=\"https:\/\/www.elconfidencial.com\/television\/programas-tv\/2025-11-26\/juan-del-val-el-hormiguero-valoraciones-gobierno-dimision-fiscal-general-atentar-democracia_4254820\/\" target=\"_self\" rel=\"nofollow noopener\">\u00abEs atentar contra la democracia\u00bb: Juan del Val, muy cr\u00edtico con las valoraciones del Gobierno a la dimisi\u00f3n del fiscal general<\/a><\/li>\n<\/ul>\n<p> El chef <strong>Jos\u00e9 Andr\u00e9s<\/strong> irrumpi\u00f3 este martes <a href=\"https:\/\/www.elconfidencial.com\/television\/programas-tv\/2025-11-26\/juan-del-val-el-hormiguero-valoraciones-gobierno-dimision-fiscal-general-atentar-democracia_4254820\/\" target=\"_self\" rel=\"nofollow noopener\">en el plat\u00f3 de <\/a> con su mezcla habitual de <strong>creatividad, espontaneidad y coraz\u00f3n. <\/strong>Entre bromas con Pablo Motos y la complicidad del p\u00fablico, fue poco a poco soltando an\u00e9cdotas tanto de su recorrido profesional como de su vida personal. Sin embargo, el programa tambi\u00e9n se detuvo en la labor de la organizaci\u00f3n del chef durante la DANA. Motos le dio las gracias por el trabajo realizado y record\u00f3 <strong>c\u00f3mo gestion\u00f3 la ayuda en plena tragedia de Valencia.<\/strong>  <\/p>\n<p> Pero la DANA no fue el \u00fanico tema peliagudo que se trat\u00f3 durante la visita.<strong> Pablo Motos <\/strong>no dud\u00f3 en preguntar al cocinero por el asesinato de siete de sus voluntarios como consecuencia de <strong>un ataque de Israel <\/strong>mientras ayudaban en Gaza. Jos\u00e9 Andr\u00e9s se sincer\u00f3 y asegur\u00f3 que el episodio marc\u00f3 un antes y un despu\u00e9s en su vida. Adem\u00e1s, habl\u00f3 alto y claro sobre el conflicto entre Israel y Ham\u00e1s y aport\u00f3 una importante reflexi\u00f3n sobre <strong>por qu\u00e9 ha trabajado ayudando en ambos lados de la guerra. <\/strong> <\/p>\n<blockquote class=\"twitter-tweet\">\n<p lang=\"es\" dir=\"ltr\">.<a href=\"https:\/\/twitter.com\/chefjoseandres?ref_src=twsrc%5Etfw\" rel=\"nofollow noopener\" target=\"_blank\">@chefjoseandres<\/a> y la guerra en Gaza <a href=\"https:\/\/twitter.com\/hashtag\/Jos%C3%A9Andr%C3%A9sEH?src=hash&amp;ref_src=twsrc%5Etfw\" rel=\"nofollow noopener\" target=\"_blank\">#Jos\u00e9Andr\u00e9sEH<\/a> <a href=\"https:\/\/t.co\/xQ7NLyuwps\" rel=\"nofollow\">pic.twitter.com\/xQ7NLyuwps<\/a><\/p>\n<p>\u2014 El Hormiguero (@El_Hormiguero) <a href=\"https:\/\/twitter.com\/El_Hormiguero\/status\/1993433134193688586?ref_src=twsrc%5Etfw\" rel=\"nofollow noopener\" target=\"_blank\">November 25, 2025<\/a><\/p><\/blockquote>\n<p> Situ\u00f3 el punto de partida en el 7 de octubre, d\u00eda del ataque de Ham\u00e1s sobre Israel. Habl\u00f3 de los kibutz asaltados y del impacto que le produjo lo sucedido. <strong>\u00abEl ataque de Ham\u00e1s a esos pueblos fue realmente horrendo\u00bb, <\/strong>asegur\u00f3 el chef. Y explic\u00f3, adem\u00e1s, que apenas un d\u00eda despu\u00e9s, su equipo ya estaba <strong>\u201cdando de comer en Israel\u201d <\/strong>porque \u201cten\u00edamos que estar ah\u00ed\u201d. <\/p>\n<p> Sin embargo, lo llamativo para muchos, seg\u00fan cont\u00f3 el chef, es que la ONG actu\u00f3 tambi\u00e9n en Gaza cuando Israel inici\u00f3 su ofensiva. \u201cAl d\u00eda siguiente, cuando Israel empez\u00f3 ya a atacar Gaza, tambi\u00e9n est\u00e1bamos all\u00ed\u201d, se\u00f1al\u00f3. Ese doble despliegue no siempre se entiende. \u00ab<strong>Hay gente que me ha dicho: \u2018\u00bfY por qu\u00e9 estabas en Israel?\u2019\u2026 <\/strong>y amigos que me dec\u00edan: \u2018\u00bfY por qu\u00e9 est\u00e1s en Gaza?\u2019\u00bb. Su respuesta es la misma para todos: \u00abPorque tenemos que estar en ambos lados, porque nosotros estamos del lado de la humanidad\u00bb. asegur\u00f3.  <\/p>\n<p> El chef aprovech\u00f3 ese punto para lanzar su idea central: la culpa no se puede repartir a granel. <strong>\u201cLos hechos y acciones de unos pocos no pueden responsabilizar a la mayor\u00eda\u201d, <\/strong>defendi\u00f3. Y, adem\u00e1s, conden\u00f3 el terrorismo de Ham\u00e1s, aunque pidi\u00f3 no convertirlo en una etiqueta colectiva.<strong> \u201cSi un peque\u00f1o grupo terrorista hizo ese ataque, no hace a todos los palestinos ni a todos los musulmanes terroristas ni culpables\u201d, <\/strong>afirm\u00f3. <\/p>\n<p>              <img decoding=\"async\" class=\"inTextNews__img\" alt=\"Foto: luz-casal-la-revuelta-reaccion-marquesa-felipe-vi-letizia\" src=\"https:\/\/www.europesays.com\/es\/wp-content\/uploads\/2025\/11\/f.elconfidencial.com\/original\/771\/172\/915\/7711729159755f31fae6c5290c054453.jpg\"  \/>     <\/p>\n<p>TE PUEDE INTERESAR<\/p>\n<p>      <a class=\"inTextNews__title\" href=\"https:\/\/www.elconfidencial.com\/television\/programas-tv\/2025-11-26\/luz-casal-la-revuelta-reaccion-marquesa-felipe-vi-letizia_4254822\/\" onclick=\"window.ECCO.emit(&#039;amplitude&#039;, { dataEventName: &#039;click_related_article_module&#039;, data: { related_article_url: &#039;https:\/\/www.elconfidencial.com\/television\/programas-tv\/2025-11-26\/luz-casal-la-revuelta-reaccion-marquesa-felipe-vi-letizia_4254822\/&#039;, related_article_author: &#039;Paco Mart\u00edn-V\u00e1zquez Car\u00edas&#039;, related_article_section: &#039;programas-tv&#039; } })\" rel=\"nofollow noopener\" target=\"_blank\"> La inesperada reacci\u00f3n de Luz Casal (&#8216;La revuelta&#8217;) al convertirse en marquesa por decisi\u00f3n de Felipe VI y Letizia <\/a>   <\/p>\n<p>    Paco Mart\u00edn-V\u00e1zquez   <\/p>\n<p> Tambi\u00e9n critic\u00f3 con dureza la reacci\u00f3n israel\u00ed sobre Gaza, pero volvi\u00f3 a distinguir entre dirigentes y ciudadanos. Si la respuesta ha \u201crebasado los l\u00edmites de la humanidad\u201d, dijo, <strong>la responsabilidad no es de todos los israel\u00edes<\/strong> ni de todos los jud\u00edos. <strong>\u201cLa tiene ese presidente y ese Netanyahu\u201d, <\/strong>remarc\u00f3, insistiendo en que las decisiones pol\u00edticas no deben convertirse en condenas colectivas. <\/p>\n<p> Jos\u00e9 Andr\u00e9s tambi\u00e9n puso voz a la pregunta que le hacen con frecuencia: a favor de qui\u00e9n est\u00e1. Y ah\u00ed se sali\u00f3 del guion habitual de las entrevistas televisivas.<strong> \u201cYo estoy a favor de los palestinos y a favor de Israel. Estoy a favor de la gente de bien\u201d, <\/strong>respondi\u00f3. Y es que, a su juicio, obligar a elegir bando solo alimenta el enfrentamiento. \u201cEstoy cansado de tener que estar tomando siempre lados en las contiendas\u201d, admiti\u00f3. <\/p>\n<p> En este sentido, explic\u00f3 que est\u00e1 junto a quien sufre las consecuencias de decisiones tomadas desde el odio. \u201cHab\u00eda que estar al lado de la gente que sufri\u00f3 las consecuencias de unos pocos decidiendo hacer el mal\u201d, asegur\u00f3. Y remat\u00f3 con una reflexi\u00f3n muy clara. \u201cLa humanidad es la que tiene que ganar y vencer cada d\u00eda. <strong>Y eso lo conseguimos a trav\u00e9s de la comida\u201d, <\/strong>sentenci\u00f3.  <\/p>\n<p>         <script async src=\"https:\/\/platform.twitter.com\/widgets.js\" charset=\"utf-8\"><\/script><\/p>\n","protected":false},"excerpt":{"rendered":"El chef Jos\u00e9 Andr\u00e9s y Pablo Motos sonrojan a la pol\u00edtica espa\u00f1ola en &#8216;El hormiguero&#8217; ante la tragedia&hellip;\n","protected":false},"author":2,"featured_media":256374,"comment_status":"","ping_status":"","sticky":false,"template":"","format":"standard","meta":{"footnotes":""},"categories":[171],"tags":[146,147,25,24,23,214],"class_list":{"0":"post-256373","1":"post","2":"type-post","3":"status-publish","4":"format-standard","5":"has-post-thumbnail","7":"category-tv","8":"tag-entertainment","9":"tag-entretenimiento","10":"tag-es","11":"tag-espana","12":"tag-spain","13":"tag-tv"},"share_on_mastodon":{"url":"https:\/\/pubeurope.com\/@es\/115614894505281223","error":""},"_links":{"self":[{"href":"https:\/\/www.europesays.com\/es\/wp-json\/wp\/v2\/posts\/256373","targetHints":{"allow":["GET"]}}],"collection":[{"href":"https:\/\/www.europesays.com\/es\/wp-json\/wp\/v2\/posts"}],"about":[{"href":"https:\/\/www.europesays.com\/es\/wp-json\/wp\/v2\/types\/post"}],"author":[{"embeddable":true,"href":"https:\/\/www.europesays.com\/es\/wp-json\/wp\/v2\/users\/2"}],"replies":[{"embeddable":true,"href":"https:\/\/www.europesays.com\/es\/wp-json\/wp\/v2\/comments?post=256373"}],"version-history":[{"count":0,"href":"https:\/\/www.europesays.com\/es\/wp-json\/wp\/v2\/posts\/256373\/revisions"}],"wp:featuredmedia":[{"embeddable":true,"href":"https:\/\/www.europesays.com\/es\/wp-json\/wp\/v2\/media\/256374"}],"wp:attachment":[{"href":"https:\/\/www.europesays.com\/es\/wp-json\/wp\/v2\/media?parent=256373"}],"wp:term":[{"taxonomy":"category","embeddable":true,"href":"https:\/\/www.europesays.com\/es\/wp-json\/wp\/v2\/categories?post=256373"},{"taxonomy":"post_tag","embeddable":true,"href":"https:\/\/www.europesays.com\/es\/wp-json\/wp\/v2\/tags?post=256373"}],"curies":[{"name":"wp","href":"https:\/\/api.w.org\/{rel}","templated":true}]}}