{"id":256375,"date":"2025-11-26T07:49:07","date_gmt":"2025-11-26T07:49:07","guid":{"rendered":"https:\/\/www.europesays.com\/es\/256375\/"},"modified":"2025-11-26T07:49:07","modified_gmt":"2025-11-26T07:49:07","slug":"hoy-un-dialogo-de-servimedia-analiza-la-inclusion-en-el-deporte-gracias-a-laliga-genuine-moeve-lider-en-informacion-social","status":"publish","type":"post","link":"https:\/\/www.europesays.com\/es\/256375\/","title":{"rendered":"Hoy un di\u00e1logo de Servimedia analiza la inclusi\u00f3n en el deporte gracias a LaLiga Genuine Moeve | L\u00edder en Informaci\u00f3n Social"},"content":{"rendered":"<p>\n      La agencia de noticias Servimedia celebrar\u00e1 este mi\u00e9rcoles a las 11.00 horas un di\u00e1logo sobre &#8216;F\u00fatbol Inclusivo&#8217; para profundizar en el modelo deportivo para personas con discapacidad que ofrece LaLiga Genuine Moeve.\n    <\/p>\n<p>Esta iniciativa pionera en el mundo arranc\u00f3 en la temporada 2017\/18 con un total de diecisiete equipos gracias al impulso de la Fundaci\u00f3n LaLiga. Desde entonces se han incorporado nuevos como equipos, como los de Real Madrid y FC Barcelona para promover el deporte inclusivo. Adem\u00e1s, cuenta con el patrocinio de Moeve.<\/p>\n<p>El director general de Servimedia, Jos\u00e9 Manuel Gonz\u00e1lez Huesa, moderar\u00e1 la conversaci\u00f3n con la Head of Brand &amp; Sponsorship de Moeve, Teresa Flores; la directora de la Fundaci\u00f3n LALIGA, <\/p>\n<p>Olga de la Fuente; el director general del Comit\u00e9 Paral\u00edmpico Espa\u00f1ol, Paco Bot\u00eda; y el futbolista de la selecci\u00f3n espa\u00f1ola de f\u00fatbol para ciegos Alvaro G\u00f3mez-Cambronero.<\/p>\n<p>Este acto tendr\u00e1 lugar de manera presencial en el estudio de televisi\u00f3n de Servimedia y podr\u00e1 verse en directo a trav\u00e9s de Servimedia TV en el canal de YouTube de esta agencia de noticias.<\/p>\n<p>Las personas interesadas en verlo en directo deben inscribirse a trav\u00e9s del formulario de la web &#8216;<a href=\"https:\/\/www.servimedia.es\/dialogos\/futbol-inclusivo\" rel=\"nofollow noopener\" target=\"_blank\">https:\/\/www.servimedia.es\/dialogos\/futbol-inclusivo<\/a>&#8216; para recibir el enlace a la emisi\u00f3n.<\/p>\n","protected":false},"excerpt":{"rendered":"La agencia de noticias Servimedia celebrar\u00e1 este mi\u00e9rcoles a las 11.00 horas un di\u00e1logo sobre &#8216;F\u00fatbol Inclusivo&#8217; para&hellip;\n","protected":false},"author":2,"featured_media":256376,"comment_status":"","ping_status":"","sticky":false,"template":"","format":"standard","meta":{"footnotes":""},"categories":[93],"tags":[168,9521,2379,25,14858,24,492,23,167],"class_list":{"0":"post-256375","1":"post","2":"type-post","3":"status-publish","4":"format-standard","5":"has-post-thumbnail","7":"category-deportes","8":"tag-deportes","9":"tag-discamedia","10":"tag-discapacidad","11":"tag-es","12":"tag-esg-rsc","13":"tag-espana","14":"tag-sociedad","15":"tag-spain","16":"tag-sports"},"share_on_mastodon":{"url":"https:\/\/pubeurope.com\/@es\/115614906057125958","error":""},"_links":{"self":[{"href":"https:\/\/www.europesays.com\/es\/wp-json\/wp\/v2\/posts\/256375","targetHints":{"allow":["GET"]}}],"collection":[{"href":"https:\/\/www.europesays.com\/es\/wp-json\/wp\/v2\/posts"}],"about":[{"href":"https:\/\/www.europesays.com\/es\/wp-json\/wp\/v2\/types\/post"}],"author":[{"embeddable":true,"href":"https:\/\/www.europesays.com\/es\/wp-json\/wp\/v2\/users\/2"}],"replies":[{"embeddable":true,"href":"https:\/\/www.europesays.com\/es\/wp-json\/wp\/v2\/comments?post=256375"}],"version-history":[{"count":0,"href":"https:\/\/www.europesays.com\/es\/wp-json\/wp\/v2\/posts\/256375\/revisions"}],"wp:featuredmedia":[{"embeddable":true,"href":"https:\/\/www.europesays.com\/es\/wp-json\/wp\/v2\/media\/256376"}],"wp:attachment":[{"href":"https:\/\/www.europesays.com\/es\/wp-json\/wp\/v2\/media?parent=256375"}],"wp:term":[{"taxonomy":"category","embeddable":true,"href":"https:\/\/www.europesays.com\/es\/wp-json\/wp\/v2\/categories?post=256375"},{"taxonomy":"post_tag","embeddable":true,"href":"https:\/\/www.europesays.com\/es\/wp-json\/wp\/v2\/tags?post=256375"}],"curies":[{"name":"wp","href":"https:\/\/api.w.org\/{rel}","templated":true}]}}