{"id":256410,"date":"2025-11-26T08:18:12","date_gmt":"2025-11-26T08:18:12","guid":{"rendered":"https:\/\/www.europesays.com\/es\/256410\/"},"modified":"2025-11-26T08:18:12","modified_gmt":"2025-11-26T08:18:12","slug":"exteriores-insiste-en-su-recomendacion-de-no-viajar-a-venezuela-y-defiende-que-protegera-a-las-aerolineas-tras-la-amenaza-de-maduro","status":"publish","type":"post","link":"https:\/\/www.europesays.com\/es\/256410\/","title":{"rendered":"Exteriores insiste en su recomendaci\u00f3n de no viajar a Venezuela y defiende que proteger\u00e1 a las aerol\u00edneas tras la amenaza de Maduro"},"content":{"rendered":"<p class=\"c-paragraph\">El Ministerio de Asuntos Exteriores ha vuelto a recomendar este martes a los ciudadanos espa\u00f1oles no viajar a <a href=\"https:\/\/www.20minutos.es\/tags\/lugares\/venezuela.html\" title=\"Venezuela\" rel=\"nofollow noopener\" target=\"_blank\">Venezuela <\/a><b>salvo que sea necesario<\/b>. La sugerencia se ha producido despu\u00e9s de que el Instituto Nacional de Aeron\u00e1utica Civil (INAC) del pa\u00eds sudamericano<a href=\"https:\/\/www.20minutos.es\/internacional\/venezuela-exige-iberia-air-europa-plus-ultra-que-retomen-sus-vuelos-caracas-48-horas-perderan-sus-derechos-trafico_6902433_0.html\" title=\"Maduro amenaza a Iberia, Air Europa y Plus Ultra con perder sus derechos de tr\u00e1fico si no retoman sus vuelos a Caracas en 48 horas\" rel=\"nofollow noopener\" target=\"_blank\"> amenazara a las aerol\u00edneas<\/a> que han suspendido sus vuelos entre Caracas y Madrid con retirarles sus derechos de tr\u00e1fico<b> si no retomaban sus viajes en 48 horas<\/b>. Ante esta situaci\u00f3n, el ministro de Exteriores,<a href=\"https:\/\/www.20minutos.es\/tags\/personas\/jose-manuel-albares.html\" title=\"Jos\u00e9 Manuel Albares\" rel=\"nofollow noopener\" target=\"_blank\"> Jos\u00e9 Manuel Albares<\/a>, ha asegurado que el Gobierno proteger\u00e1 a las aerol\u00edneas espa\u00f1olas.<\/p>\n<p class=\"c-paragraph\">Exteriores ha actualizado sus recomendaciones para viajar a <a href=\"https:\/\/www.20minutos.es\/tags\/lugares\/venezuela.html\" title=\"Venezuela\" rel=\"nofollow noopener\" target=\"_blank\">Venezuela\u00a0<\/a>al a\u00f1adir la <b>\u00abincertidumbre\u00bb <\/b>que ha generado la suspensi\u00f3n temporal de vuelos con destino o procedentes de este pa\u00eds, recomendando a los viajeros mantenerse debidamente informados sobre posibles actualizaciones. Y al no haber variado la situaci\u00f3n de tensi\u00f3n pol\u00edtica y social que atraviesa Venezuela tras las elecciones presidenciales del 28 de julio de 2024, la cartera que dirige <a href=\"https:\/\/www.20minutos.es\/tags\/personas\/jose-manuel-albares.html\" title=\"Jos\u00e9 Manuel Albares\" rel=\"nofollow noopener\" target=\"_blank\">Jos\u00e9 Manuel Albares<\/a> ha reiterado su sugerencia de <b>no viajar a este pa\u00eds<\/b>.<\/p>\n<p class=\"c-paragraph\">Albares ha asegurado\u00a0que todas las empresas espa\u00f1olas van a tener siempre la <b>protecci\u00f3n del Gobierno<\/b>. En declaraciones a los medios en el Senado, el titular de Exteriores ha aludido a la situaci\u00f3n de cancelaci\u00f3n de vuelos de compa\u00f1\u00edas a\u00e9reas espa\u00f1olas y de otros pa\u00edses despu\u00e9s de la alerta emitida el pasado viernes por las autoridades estadounidenses, que instaron a <b>\u00abextremar la precauci\u00f3n\u00bb<\/b> al sobrevolar Venezuela y el sur del mar Caribe ante lo que considera \u00abuna situaci\u00f3n potencialmente peligrosa en la regi\u00f3n. Este aviso se ha producido\u00a0en medio del <b>despliegue militar<\/b> que EEUU mantiene en el mar Caribe para luchar contra el narcotr\u00e1fico.<\/p>\n<p class=\"c-paragraph\"><b>Enaire<\/b>, por su parte, ha publicado a petici\u00f3n de la Agencia Estatal de Seguridad A\u00e9rea (AESA) que, <b>hasta el pr\u00f3ximo 1 de diciembre<\/b>, se recomienda fuertemente a los operadores a\u00e9reos civiles espa\u00f1oles\u00a0<b><b>no realizar ning\u00fan vuelo<\/b><\/b>\u00a0en el espacio a\u00e9reo dentro del Fir Maiquet\u00eda (SVZM), que abarca el territorio venezolano y se extiende hasta el Caribe. Esta recomendaci\u00f3n se debe al potencial riesgo para la aviaci\u00f3n civil por aumento de actividad militar,\u00a0<b><b>armas antia\u00e9reas<\/b><\/b>\u00a0capaces a todas las altitudes y falta de coordinaci\u00f3n entre las partes del conflicto, seg\u00fan el texto al que ha tenido acceso Efe.<\/p>\n<p class=\"c-paragraph\">Tras los avisos emitidos por las autoridades aeron\u00e1uticas, una decena de aerol\u00edneas nacionales e internacionales tomaron la decisi\u00f3n de suspender sus vuelos con Venezuela. Iberia, que operaba con una frecuencia de cinco vuelos semanales entre Caracas y Madrid, fue la primera en anunciarlo el s\u00e1bado y este lunes confirm\u00f3 que la suspensi\u00f3n se mantendr\u00e1 hasta al menos el 1 de diciembre. A la principal aerol\u00ednea espa\u00f1ola le siguieron la portuguesa <b>TAP<\/b>,\u00a0la colombiana <b>Avianca<\/b>, la chilena <b>Latam,\u00a0<\/b>la turca <b>Turkish Airlines<\/b> y la brasile\u00f1a GOL. Esta \u00faltima mantendr\u00e1 la suspensi\u00f3n de los vuelos por lo menos hasta el pr\u00f3ximo viernes 28 de noviembre.<\/p>\n<p class=\"c-paragraph\">Este lunes se sumaron las espa\u00f1olas <b>Air Europa y Plus Ultra<\/b>. Fuentes de la aerol\u00ednea de Globalia, que ofrece cinco frecuencias semanales al pa\u00eds latinoamericano, explicaron que reanudar\u00e1n los vuelos entre Madrid y Caracas\u00a0<b><b>\u00abcuando las condiciones sean adecuadas\u00bb<\/b><\/b>. Por su parte, fuentes de Plus Ultra, que opera entre Madrid y Caracas con tres frecuencias semanales, se\u00f1alaron que suspender\u00e1n los vuelos hasta el 1 de diciembre. Las aerol\u00edneas venezolanas\u00a0<b><b>Estelar y Laser<\/b><\/b>\u00a0tambi\u00e9n han cancelado los vuelos hasta la misma fecha.\u00a0Por el momento, mantienen sus operaciones en Venezuela Copa, Wingo, Boliviana de Aviaci\u00f3n y Satena, as\u00ed como la estatal venezolana Conviasa. Hasta ahora, unos <b>33 vuelos internacionales<\/b> se han cancelado entre el s\u00e1bado y este martes.<\/p>\n","protected":false},"excerpt":{"rendered":"El Ministerio de Asuntos Exteriores ha vuelto a recomendar este martes a los ciudadanos espa\u00f1oles no viajar a&hellip;\n","protected":false},"author":2,"featured_media":256411,"comment_status":"","ping_status":"","sticky":false,"template":"","format":"standard","meta":{"footnotes":""},"categories":[42],"tags":[17,18,13,14,582,11,715,61,62,63,64,19,20,9,689,10,15,16,30010,3271,12,21,22,65,66,67],"class_list":{"0":"post-256410","1":"post","2":"type-post","3":"status-publish","4":"format-standard","5":"has-post-thumbnail","7":"category-internacional","8":"tag-breaking-news","9":"tag-breakingnews","10":"tag-featured-news","11":"tag-featurednews","12":"tag-gobierno","13":"tag-headlines","14":"tag-insiste","15":"tag-internacional","16":"tag-international","17":"tag-international-news","18":"tag-internationalnews","19":"tag-latest-news","20":"tag-latestnews","21":"tag-news","22":"tag-no","23":"tag-noticias","24":"tag-noticias-destacadas","25":"tag-noticiasdestacadas","26":"tag-recomendacion","27":"tag-su","28":"tag-titulares","29":"tag-ultimas-noticias","30":"tag-ultimasnoticias","31":"tag-world","32":"tag-world-news","33":"tag-worldnews"},"share_on_mastodon":{"url":"","error":""},"_links":{"self":[{"href":"https:\/\/www.europesays.com\/es\/wp-json\/wp\/v2\/posts\/256410","targetHints":{"allow":["GET"]}}],"collection":[{"href":"https:\/\/www.europesays.com\/es\/wp-json\/wp\/v2\/posts"}],"about":[{"href":"https:\/\/www.europesays.com\/es\/wp-json\/wp\/v2\/types\/post"}],"author":[{"embeddable":true,"href":"https:\/\/www.europesays.com\/es\/wp-json\/wp\/v2\/users\/2"}],"replies":[{"embeddable":true,"href":"https:\/\/www.europesays.com\/es\/wp-json\/wp\/v2\/comments?post=256410"}],"version-history":[{"count":0,"href":"https:\/\/www.europesays.com\/es\/wp-json\/wp\/v2\/posts\/256410\/revisions"}],"wp:featuredmedia":[{"embeddable":true,"href":"https:\/\/www.europesays.com\/es\/wp-json\/wp\/v2\/media\/256411"}],"wp:attachment":[{"href":"https:\/\/www.europesays.com\/es\/wp-json\/wp\/v2\/media?parent=256410"}],"wp:term":[{"taxonomy":"category","embeddable":true,"href":"https:\/\/www.europesays.com\/es\/wp-json\/wp\/v2\/categories?post=256410"},{"taxonomy":"post_tag","embeddable":true,"href":"https:\/\/www.europesays.com\/es\/wp-json\/wp\/v2\/tags?post=256410"}],"curies":[{"name":"wp","href":"https:\/\/api.w.org\/{rel}","templated":true}]}}