{"id":256414,"date":"2025-11-26T08:20:56","date_gmt":"2025-11-26T08:20:56","guid":{"rendered":"https:\/\/www.europesays.com\/es\/256414\/"},"modified":"2025-11-26T08:20:56","modified_gmt":"2025-11-26T08:20:56","slug":"noviembre-mes-decisivo-para-ucrania","status":"publish","type":"post","link":"https:\/\/www.europesays.com\/es\/256414\/","title":{"rendered":"noviembre, mes decisivo para Ucrania"},"content":{"rendered":"<p class=\"c-paragraph\">Ucrania se juega su futuro y el presidente Volodimir Zelenski quiere cerrar con Donald Trump el acuerdo de paz. El secretario del Consejo de Seguridad Nacional y Defensa de Ucrania, Rustem Umerov,<b> ha apuntado este martes que se est\u00e1 trabajando para celebrar \u00ablo antes posible\u00bb una nueva reuni\u00f3n entre ambos <\/b>en la Casa Blanca. La idea es que el pacto llegue antes de que acabe este mes, despu\u00e9s de que en las negociaciones de los \u00faltimos d\u00edas en Ginebra el documento inicial de 28 puntos haya quedado reducido a 19 con aportaciones de todas las partes, tambi\u00e9n europeas. Es m\u00e1s, este martes el Gobierno Trump habl\u00f3 de \u00abdetalles delicados, pero no insuperables\u00bb para alcanzar el acuerdo, aunque reconocen que \u00abhar\u00e1n falta m\u00e1s conversaciones\u00bb.<\/p>\n<p class=\"c-paragraph\">Eso s\u00ed, los puntos de fricci\u00f3n siguen siendo grandes, sobre todo en lo relativo a la cesi\u00f3n de territorios y a la reducci\u00f3n dr\u00e1stica del ej\u00e9rcito ucraniano. Esos dos elementos ser\u00e1n, de hecho, los que tengan que tratar cara a cara Zelenski y Trump. <b>\u00abUcrania nunca ser\u00e1 un obst\u00e1culo para la paz\u00bb<\/b>, asegur\u00f3 el l\u00edder ucraniano. Ahora desde su equipo aseguran que el objetivo es \u00abcompletar los \u00faltimos pasos\u00bb junto a Washington para despu\u00e9s esperar la posici\u00f3n de Mosc\u00fa.<\/p>\n<p class=\"c-paragraph\">Desde la UE, por su parte, celebran los avances en las negociaciones, pero insisten en que queda mucho camino por recorrer y retiraron que la UE tiene que estar en la mesa. \u00abLas cuestiones que conciernen directamente a la Uni\u00f3n Europea, como<b><b><b><b>\u00a0las sanciones, el abastecimiento con ayudas o los asuntos pendientes, requieren la completa implicaci\u00f3n y decisi\u00f3n de la Uni\u00f3n Europea<\/b><\/b><\/b><\/b>\u00ab, sostuvo el presidente del Consejo Europeo, Antonio Costa. La presidenta de la Comisi\u00f3n, Ursula von der Leyen, por su parte, incidi\u00f3 en que las fronteras no se pueden mover por la fuerza y que la cesi\u00f3n de territorios de Ucrania a Rusia no puede estar sobre la mesa.<\/p>\n<p class=\"c-paragraph\">\u00abLo que importa ahora es que avancemos como socios, unidos por nuestro objetivo compartido: detener esta guerra, detener el asesinato de la gente y detener esta agresi\u00f3n contra Ucrania y asegurar una paz justa y sostenible para la gente de Ucrania.\u00a0<b><b><b><b>La Uni\u00f3n Europea est\u00e1 comprometida a continuar proporcionando todo el apoyo que necesita<\/b><\/b><\/b><\/b>\u00a0el presidente Zelenski: apoyo diplom\u00e1tico, apoyo militar y apoyo econ\u00f3mico\u00bb, concluy\u00f3 Costa.<\/p>\n<p class=\"c-paragraph\">El Kremlin, por su parte, no acepta el plan alternativo de Europa, pero s\u00ed ve bien que aporte a la soluci\u00f3n definitiva: ahora se trabaja con un plan reducido respecto al inicial de 28 puntos y este mi\u00e9rcoles<b> los ministros de Exteriores de la UE se reunir\u00e1n por videoconferenci<\/b>a para analizar la situaci\u00f3n. Lo que quiere Europa y el resto de los aliados de Kiev es que sea Ucrania quien tenga la \u00faltima palabra, pero en Bruselas asumen que necesitan tener voz porque la seguridad ucraniana es al mismo tiempo seguridad europea.<\/p>\n<p class=\"c-paragraph\">Asimismo, el ministro de Exteriores ruso, Sergei Lavrov, ha acusado a la diplomacia estadounidense de \u00abfalta de profesionalidad\u00bb y pide recibir oficialmente el plan de paz. \u00ab<b>Nuestra diplomacia est\u00e1 acostumbrada a trabajar con profesionalidad <\/b>y la diplomacia profesional consiste, como ya mencione, en no filtrar ni revelar informaci\u00f3n hasta que se alcance un acuerdo final\u00bb, expuso en una rueda de prensa, en la que a\u00f1adi\u00f3 que espera que lo que hay ahora sobre la mesa sea \u00abun borrador provisional\u00bb.<\/p>\n<p class=\"c-paragraph\">En ese contexto, el Parlamento Europeo ha defendido este martes potenciar la industria de la defensa europea con m\u00e1s fondos y compras conjuntas para desmarcar a la UE tanto de Trump como de Putin, y el comisario europeo de Defensa, Andrius Kubilius, ha celebrado los pasos que va dando Bruselas en este sentido. Sobre todo con el plan EDIP de 150.000 millones de euros, que supone <b>\u00abuna revoluci\u00f3n en la pol\u00edtica industrial de defensa\u00bb<\/b>, dijo.<\/p>\n<p class=\"c-paragraph\">\u00abEsto <b>nos har\u00e1 m\u00e1s fuertes, m\u00e1s competitivos y generar\u00e1 empleo. Mucho nuevo empleo<\/b>. Necesitamos EDIP para aplicar nuestros planes y propuestas presentados este a\u00f1o: los pr\u00e9stamos SAFE, la hoja de ruta de preparaci\u00f3n para la defensa\u00bb, sentenci\u00f3 el dirigente lituano, que pide que ahora \u00abes el momento de cumplir\u00bb.<\/p>\n<p class=\"c-paragraph\">Pese a los avances que se van dando en el marco diplom\u00e1tico el conflicto sigue vivo y al menos seis personas murieron y otras catorce resultaron heridas en la madrugada de este martes tras una nueva oleada de ataques rusos contra la regi\u00f3n de Kiev, que provoc\u00f3 incendios y graves da\u00f1os en edificios e infraestructuras. <b>El propio Zelenski se\u00f1al\u00f3 que la zona de Kiev, incluida la capital, fue el epicentro <\/b>de los bombardeos nocturnos registrados en todo el pa\u00eds. Tambi\u00e9n denunci\u00f3 impactos en Odesa, donde quedaron afectados puertos, instalaciones y dep\u00f3sitos de alimentos \u201csin ning\u00fan objetivo militar\u201d, as\u00ed como en las regiones de Dnipropetrovsk, J\u00e1rkov, Chern\u00edgov y Cherkasi. Asimismo, Rusia ha anunciado la toma de la localidad de Ivanopol, en Donetsk.<\/p>\n","protected":false},"excerpt":{"rendered":"Ucrania se juega su futuro y el presidente Volodimir Zelenski quiere cerrar con Donald Trump el acuerdo de&hellip;\n","protected":false},"author":2,"featured_media":256415,"comment_status":"","ping_status":"","sticky":false,"template":"","format":"standard","meta":{"footnotes":""},"categories":[5],"tags":[945,17,18,5417,25,24,13,14,11,19,20,9,10,15,16,2615,23,12,21,22,3352,2318],"class_list":{"0":"post-256414","1":"post","2":"type-post","3":"status-publish","4":"format-standard","5":"has-post-thumbnail","7":"category-titulares","8":"tag-acuerdo","9":"tag-breaking-news","10":"tag-breakingnews","11":"tag-cerrar","12":"tag-es","13":"tag-espana","14":"tag-featured-news","15":"tag-featurednews","16":"tag-headlines","17":"tag-latest-news","18":"tag-latestnews","19":"tag-news","20":"tag-noticias","21":"tag-noticias-destacadas","22":"tag-noticiasdestacadas","23":"tag-quiere","24":"tag-spain","25":"tag-titulares","26":"tag-ultimas-noticias","27":"tag-ultimasnoticias","28":"tag-ya","29":"tag-zelenski"},"share_on_mastodon":{"url":"https:\/\/pubeurope.com\/@es\/115615031812139190","error":""},"_links":{"self":[{"href":"https:\/\/www.europesays.com\/es\/wp-json\/wp\/v2\/posts\/256414","targetHints":{"allow":["GET"]}}],"collection":[{"href":"https:\/\/www.europesays.com\/es\/wp-json\/wp\/v2\/posts"}],"about":[{"href":"https:\/\/www.europesays.com\/es\/wp-json\/wp\/v2\/types\/post"}],"author":[{"embeddable":true,"href":"https:\/\/www.europesays.com\/es\/wp-json\/wp\/v2\/users\/2"}],"replies":[{"embeddable":true,"href":"https:\/\/www.europesays.com\/es\/wp-json\/wp\/v2\/comments?post=256414"}],"version-history":[{"count":0,"href":"https:\/\/www.europesays.com\/es\/wp-json\/wp\/v2\/posts\/256414\/revisions"}],"wp:featuredmedia":[{"embeddable":true,"href":"https:\/\/www.europesays.com\/es\/wp-json\/wp\/v2\/media\/256415"}],"wp:attachment":[{"href":"https:\/\/www.europesays.com\/es\/wp-json\/wp\/v2\/media?parent=256414"}],"wp:term":[{"taxonomy":"category","embeddable":true,"href":"https:\/\/www.europesays.com\/es\/wp-json\/wp\/v2\/categories?post=256414"},{"taxonomy":"post_tag","embeddable":true,"href":"https:\/\/www.europesays.com\/es\/wp-json\/wp\/v2\/tags?post=256414"}],"curies":[{"name":"wp","href":"https:\/\/api.w.org\/{rel}","templated":true}]}}