{"id":256416,"date":"2025-11-26T08:26:09","date_gmt":"2025-11-26T08:26:09","guid":{"rendered":"https:\/\/www.europesays.com\/es\/256416\/"},"modified":"2025-11-26T08:26:09","modified_gmt":"2025-11-26T08:26:09","slug":"creo-que-va-a-dejarse-la-piel","status":"publish","type":"post","link":"https:\/\/www.europesays.com\/es\/256416\/","title":{"rendered":"Creo que va a dejarse la piel&#8230;"},"content":{"rendered":"<p class=\"L6-news-detail__text\"><b><a title=\"Carlos Alcaraz\" href=\"https:\/\/www.lasexta.com\/noticias\/deportes\/tenis\/carlos-alcaraz-copia-golpe-maestro-federer-tenia-don-hacer-esas-cosas_2025112569257ec26c137a69877bcd8f.html\" target=\"_blank\" rel=\"nofollow noopener\">Carlos Alcaraz<\/a><\/b> y<b><a title=\" Jannik Sinner\" href=\"https:\/\/www.lasexta.com\/noticias\/deportes\/tenis\/icono-tenis-senala-curiosa-diferencia-alcaraz-sinner-carlos-hace-muy-menudo-jannik_202511256925d86fdf41134465e8f711.html\" target=\"_blank\" rel=\"nofollow noopener\"> Jannik Sinner<\/a><\/b> se han repartido los ocho \u00faltimos Grand Slam. Cuatro para cada tenista en una rivalidad feroz. Sin embargo, el \u00faltimo ganador antes del duopolio fue<b> Novak Djokovic<\/b>. El serbio se llev\u00f3 el US Open en 2023 para sumar su vig\u00e9simo cuarto &#8216;Major&#8217;.<\/p>\n<p class=\"L6-news-detail__text\">En este contexto, <b>Rennae Stubbs<\/b>, cuatro veces campeona de Grand Slam en la categor\u00eda de dobles, analiza la situaci\u00f3n de cara al<b> Open de Australia<\/b>: \u00abEs dif\u00edcil imaginar a alguien, salvo que alguno de los dos sufra alguna lesi\u00f3n grave o sufran una serie de sorpresas, capaz de ganar un gran torneo. Pero<b> creo que Novak tiene la mira puesta en \u00e9l<\/b>\u00ab.<\/p>\n<p class=\"L6-news-detail__text\">Este abierto es el favorito del balc\u00e1nico. De hecho, suma <b>diez campeonatos<\/b>. Un r\u00e9cord que le convierte en el segundo tenista del circuito masculino que m\u00e1s veces ha ganado un mismo Grand Slam (\u00fanicamente por detr\u00e1s de los catorce Roland Garros de <b>Rafa Nadal<\/b>).<\/p>\n<p class=\"L6-news-detail__text\">Por todo, el pr\u00f3ximo <b>Open de Australia<\/b> es la<b> oportunidad de oro de Novak Djokovic<\/b>, como apunta Stubbs en declaraciones recogidas por &#8216;Tennis365&#8217;: \u00abCreo que va a dedicar todo su tiempo y esfuerzo a dejarse la piel una \u00faltima vez para ganar en Australia. Es el \u00fanico que puede encontrar la victoria contra Jannik y Carlos. Carlos nunca ha llegado a la final all\u00ed y Novak lo aplast\u00f3 el a\u00f1o pasado\u00bb.<\/p>\n<p class=\"L6-news-detail__text\">La ineficacia del murciano en tierras australianas abre m\u00e1s la puerta al sue\u00f1o de &#8216;Nole&#8217;. Aunque sigue habiendo un gran obst\u00e1culo, <b>Jannik Sinner<\/b>. El de <b>San C\u00e1ndido<\/b> fue campe\u00f3n en un 2025 donde solo cedi\u00f3 dos sets en todo el torneo, ninguno de ellos a partir de cuartos de final. En 2024, alz\u00f3 el t\u00edtulo despu\u00e9s de llegar a semifinales sin ceder ning\u00fan parcial.<\/p>\n<p class=\"L6-news-detail__text\">En el previo a la final, precisamente <b>Djokovic le ara\u00f1\u00f3 un set<\/b> en el tie-break y, ya en la final, el italiano remont\u00f3 un 2-0 abajo para hacerse con su segundo Open de Australia consecutivo.<\/p>\n<p class=\"L6-news-detail__text\">\u00abNo creo que pueda vencer a alguien como Jannik en esa pista. Jannik ya es demasiado bueno en ella, pero podr\u00eda<b> ser el \u00fanico lugar donde Novak pueda ganar<\/b>. Tambi\u00e9n hay lesiones, es decir, un jugador puede lesionarse, y ha habido un par de jugadores que se han colado y han ganado un Grand Slam porque los mejores jugadores se lesionaron\u00bb, sentenciaba la extenista australiana.<\/p>\n<p class=\"L6-support-news-video__title\">&#8216;El Cafelito&#8217;<\/p>\n<p>            <a href=\"https:\/\/www.lasexta.com\/noticias\/deportes\/futbol\/garay-cafelito-ojala-vaya-peter-lim-bien-valencia_20251120691f2844360d0840bcece604.html\" class=\"L6-news__link\" rel=\"nofollow noopener\" target=\"_blank\"><br \/>\n                Garay, en &#8216;El Cafelito&#8217;: \u00abOjal\u00e1 se vaya Peter Lim por el bien del Valencia\u00bb<\/p>\n<p class=\"recirculation-video-desc\">El exjugador del Valencia dice que \u00abpor el bien del club\u00bb, Peter Lim deber\u00eda salir cuanto antes: \u00abA las pruebas me remito&#8230;\u00bb.<\/p>\n<p>            <\/a><\/p>\n","protected":false},"excerpt":{"rendered":"Carlos Alcaraz y Jannik Sinner se han repartido los ocho \u00faltimos Grand Slam. Cuatro para cada tenista en&hellip;\n","protected":false},"author":2,"featured_media":67008,"comment_status":"","ping_status":"","sticky":false,"template":"","format":"standard","meta":{"footnotes":""},"categories":[274],"tags":[168,25,24,23,167,327,326],"class_list":{"0":"post-256416","1":"post","2":"type-post","3":"status-publish","4":"format-standard","5":"has-post-thumbnail","7":"category-tenis","8":"tag-deportes","9":"tag-es","10":"tag-espana","11":"tag-spain","12":"tag-sports","13":"tag-tenis","14":"tag-tennis"},"share_on_mastodon":{"url":"https:\/\/pubeurope.com\/@es\/115615051473683013","error":""},"_links":{"self":[{"href":"https:\/\/www.europesays.com\/es\/wp-json\/wp\/v2\/posts\/256416","targetHints":{"allow":["GET"]}}],"collection":[{"href":"https:\/\/www.europesays.com\/es\/wp-json\/wp\/v2\/posts"}],"about":[{"href":"https:\/\/www.europesays.com\/es\/wp-json\/wp\/v2\/types\/post"}],"author":[{"embeddable":true,"href":"https:\/\/www.europesays.com\/es\/wp-json\/wp\/v2\/users\/2"}],"replies":[{"embeddable":true,"href":"https:\/\/www.europesays.com\/es\/wp-json\/wp\/v2\/comments?post=256416"}],"version-history":[{"count":0,"href":"https:\/\/www.europesays.com\/es\/wp-json\/wp\/v2\/posts\/256416\/revisions"}],"wp:featuredmedia":[{"embeddable":true,"href":"https:\/\/www.europesays.com\/es\/wp-json\/wp\/v2\/media\/67008"}],"wp:attachment":[{"href":"https:\/\/www.europesays.com\/es\/wp-json\/wp\/v2\/media?parent=256416"}],"wp:term":[{"taxonomy":"category","embeddable":true,"href":"https:\/\/www.europesays.com\/es\/wp-json\/wp\/v2\/categories?post=256416"},{"taxonomy":"post_tag","embeddable":true,"href":"https:\/\/www.europesays.com\/es\/wp-json\/wp\/v2\/tags?post=256416"}],"curies":[{"name":"wp","href":"https:\/\/api.w.org\/{rel}","templated":true}]}}