{"id":256417,"date":"2025-11-26T08:29:11","date_gmt":"2025-11-26T08:29:11","guid":{"rendered":"https:\/\/www.europesays.com\/es\/256417\/"},"modified":"2025-11-26T08:29:11","modified_gmt":"2025-11-26T08:29:11","slug":"ruben-dominguez-el-tirador-espanol-mvp-enamora-en-la-ncaa-junto-a-aday-mara-y-el-principito","status":"publish","type":"post","link":"https:\/\/www.europesays.com\/es\/256417\/","title":{"rendered":"Rub\u00e9n Dom\u00ednguez, el tirador espa\u00f1ol MVP, enamora en la NCAA junto a Aday Mara y &#8216;El Principito&#8217;"},"content":{"rendered":"<p data-mrf-recirculation=\"Links P\u00e1rrafos\" class=\"ue-c-article__paragraph paragraph ue-c-article--first-letter-highlighted\">Rub\u00e9n Dom\u00ednguez, escolta espa\u00f1ol que fue el <strong>MVP del Europeo U16 de 2019<\/strong>, volvi\u00f3 a despuntar con la Universidad de <strong>Texa A&amp;M <\/strong>tras <a href=\"https:\/\/www.marca.com\/baloncesto\/2025\/11\/22\/ex-acb-ruben-dominguez-logra-marca-historica-ncaa.html\" rel=\"nofollow noopener\" target=\"_blank\"><strong>anotar 10 hist\u00f3ricos triples en el partido anterior<\/strong><\/a>.<\/p>\n<p data-mrf-recirculation=\"Links P\u00e1rrafos\" class=\"ue-c-article__paragraph paragraph\">El jugador gaditano fue el segundo m\u00e1ximo anotador de los &#8216;Aggies&#8217; en su contundente triunfo por <strong>120-84<\/strong> ante <strong>Mississippi Valley State<\/strong>.<\/p>\n<p data-mrf-recirculation=\"Links P\u00e1rrafos\" class=\"ue-c-article__paragraph paragraph\">El prometedor tirador espa\u00f1ol de <strong>1,99 m. y 22 a\u00f1os<\/strong> firm\u00f3 <strong>15 puntos f(3 de 8 en triples y 6 de 6 tiros libres), 4 rebotes y 1 robo en 23 minutos<\/strong>.<\/p>\n<p data-mrf-recirculation=\"Links P\u00e1rrafos\" class=\"ue-c-article__paragraph paragraph\">Rub\u00e9n Dom\u00ednguez, que en su corta pero intensa carrera ha jugado para Unicaja, Torrelodones, Estudiantes, TAU Castell\u00f3 y Bilbao Basket, tiene unos promedios en su primera temporada en la NCAA de <strong>14,8 puntos, 2,7 rebotes y 1,8 asistencias<\/strong>.<\/p>\n<p>Mario Saint-Sup\u00e9ry se infla a asistencias en su duelo espa\u00f1ol contra\u00a0Guillermo del Pino<\/p>\n<p data-mrf-recirculation=\"Links P\u00e1rrafos\" class=\"ue-c-article__paragraph paragraph\">En el <strong>Players Era Festival<\/strong> de la NCAA hubo duelo espa\u00f1ol entre <strong>Mario Saint-Sup\u00e9ry<\/strong> y <strong>Guillermo del Pino<\/strong>, el MVP del Europeo Sub-16 de 2023 y h\u00e9roe del Europeo Sub-18 de 2025 (anot\u00f3 un triple clave).<\/p>\n<p><img decoding=\"async\" width=\"1333\" height=\"2000\" class=\"ue-c-article__image lazyload\" alt=\"Mario Saint-Sup\u00e9ry se infla a asistencias en su duelo espa\u00f1ol contra Guillermo del Pino\" loading=\"lazy\" src=\"https:\/\/www.europesays.com\/es\/wp-content\/uploads\/2025\/11\/6926968b99bad.jpeg\"\/><\/p>\n<p>Mario Saint-Sup\u00e9ry se infla a asistencias en su duelo espa\u00f1ol contra Guillermo del PinoGonzaga<\/p>\n<p data-mrf-recirculation=\"Links P\u00e1rrafos\" class=\"ue-c-article__paragraph paragraph\">Gonzaga se impuso 100-61 a Maryland con <strong>5 puntos (1 de 1 en tiros de 2 y 1 de 5 en triples), 3 rebotes, 9 asistencias en 22 minutos<\/strong> del titular Mario &#8216;El Principito&#8217; Saint-Sup\u00e9ry.<\/p>\n<p data-mrf-recirculation=\"Links P\u00e1rrafos\" class=\"ue-c-article__paragraph paragraph\">Guillermo del Pino, que sali\u00f3 desde el banquillo de los &#8216;Terrapins&#8217;, logr\u00f3 sumar <strong>3 puntos y 1 rebote en 12 minutos.<\/strong><\/p>\n<p>Aday Mara explota sus minutos como titular en Michigan: 5+8+1+2<\/p>\n<p data-mrf-recirculation=\"Links P\u00e1rrafos\" class=\"ue-c-article__paragraph paragraph\">Por su parte <strong>Aday Mara (20 a\u00f1os y 2,21 m.)<\/strong>, asentado en la titularidad de los Wolverines, firm\u00f3 <strong>5 puntos, 8 rebotes, 1 asistencia y 2 tapones en 16 minutos<\/strong> en el triunfo 102-72 de Michigan ante Auburn.<\/p>\n","protected":false},"excerpt":{"rendered":"Rub\u00e9n Dom\u00ednguez, escolta espa\u00f1ol que fue el MVP del Europeo U16 de 2019, volvi\u00f3 a despuntar con la&hellip;\n","protected":false},"author":2,"featured_media":256418,"comment_status":"","ping_status":"","sticky":false,"template":"","format":"standard","meta":{"footnotes":""},"categories":[269],"tags":[299,298,168,25,24,23,167],"class_list":{"0":"post-256417","1":"post","2":"type-post","3":"status-publish","4":"format-standard","5":"has-post-thumbnail","7":"category-baloncesto","8":"tag-baloncesto","9":"tag-basketball","10":"tag-deportes","11":"tag-es","12":"tag-espana","13":"tag-spain","14":"tag-sports"},"share_on_mastodon":{"url":"https:\/\/pubeurope.com\/@es\/115615063646278891","error":""},"_links":{"self":[{"href":"https:\/\/www.europesays.com\/es\/wp-json\/wp\/v2\/posts\/256417","targetHints":{"allow":["GET"]}}],"collection":[{"href":"https:\/\/www.europesays.com\/es\/wp-json\/wp\/v2\/posts"}],"about":[{"href":"https:\/\/www.europesays.com\/es\/wp-json\/wp\/v2\/types\/post"}],"author":[{"embeddable":true,"href":"https:\/\/www.europesays.com\/es\/wp-json\/wp\/v2\/users\/2"}],"replies":[{"embeddable":true,"href":"https:\/\/www.europesays.com\/es\/wp-json\/wp\/v2\/comments?post=256417"}],"version-history":[{"count":0,"href":"https:\/\/www.europesays.com\/es\/wp-json\/wp\/v2\/posts\/256417\/revisions"}],"wp:featuredmedia":[{"embeddable":true,"href":"https:\/\/www.europesays.com\/es\/wp-json\/wp\/v2\/media\/256418"}],"wp:attachment":[{"href":"https:\/\/www.europesays.com\/es\/wp-json\/wp\/v2\/media?parent=256417"}],"wp:term":[{"taxonomy":"category","embeddable":true,"href":"https:\/\/www.europesays.com\/es\/wp-json\/wp\/v2\/categories?post=256417"},{"taxonomy":"post_tag","embeddable":true,"href":"https:\/\/www.europesays.com\/es\/wp-json\/wp\/v2\/tags?post=256417"}],"curies":[{"name":"wp","href":"https:\/\/api.w.org\/{rel}","templated":true}]}}