{"id":256421,"date":"2025-11-26T08:31:16","date_gmt":"2025-11-26T08:31:16","guid":{"rendered":"https:\/\/www.europesays.com\/es\/256421\/"},"modified":"2025-11-26T08:31:16","modified_gmt":"2025-11-26T08:31:16","slug":"la-rebelde-puesta-de-largo-de-eugenia-martinez-de-irujo-que-le-valio-el-enfado-de-su-madre","status":"publish","type":"post","link":"https:\/\/www.europesays.com\/es\/256421\/","title":{"rendered":"la rebelde puesta de largo de Eugenia Mart\u00ednez de Irujo, que le vali\u00f3 el enfado de su madre"},"content":{"rendered":"<p>\u201cL<strong>o acabamos de ba\u00f1ar y perfumar<\/strong>\u201d. A continuaci\u00f3n, los amigos m\u00e1s gamberros de Eugenia Mart\u00ednez de Irujo le pon\u00edan un peque\u00f1o cerdito en los brazos y este se revolv\u00eda, inc\u00f3modo, al verse tratado como un beb\u00e9. El cochinillo, vestido con ropa de reci\u00e9n nacido, hab\u00eda sido el original regalo que<a href=\"https:\/\/www.lecturas.com\/actualidad\/cayetana-fitz-james-stuart-a-tana-rivera-quien-es-quien-arbol-genealogico-alba_182136\" rel=\"nofollow noopener\" target=\"_blank\"> la hija de la duquesa de Alba<\/a> hab\u00eda recibido por su 18 cumplea\u00f1os en una at\u00edpica puesta de largo, como siempre lo fue ella.\u00a0<\/p>\n<p><img loading=\"lazy\" decoding=\"async\"   src=\"https:\/\/www.europesays.com\/es\/wp-content\/uploads\/2025\/11\/eugenia_b7a94ad3_251125113730_1200x1390.webp.webp\" alt=\"eugenia\" class=\"lazyload\" width=\"1200\" height=\"1390\" data-aspectratio=\"1200\/1390\"\/><\/p>\n<p>Por su puesta de largo, Eugenia recibi\u00f3 un cerdito beb\u00e9 al que sus amigos hab\u00edan perfumado y vestido con ropa<\/p>\n<p>&#13;Archivo Lecturas<br \/>\nEl ansiado deseo de la duquesa<\/p>\n<p>Eugenia, la peque\u00f1a de los hermanos Mart\u00ednez de Irujo Fitz James-Stuart. <strong>La ni\u00f1a ansiada<\/strong>. Cuando naci\u00f3 aquel 26 de noviembre de 1968, su madre hab\u00eda perdido toda esperanza de acunar a una chica. Despu\u00e9s de cinco varones, le parec\u00eda mentira poder abrazar su peque\u00f1o cuerpo rollizo. Con ella hizo realidad uno de sus grandes sue\u00f1os de maternidad.<\/p>\n<p><img loading=\"lazy\" decoding=\"async\"   src=\"https:\/\/www.europesays.com\/es\/wp-content\/uploads\/2025\/11\/eugenia_0cc1414c_251125114654_1200x1807.webp.webp\" alt=\"eugenia\" class=\"lazyload\" width=\"1200\" height=\"1807\" data-aspectratio=\"1200\/1807\"\/><\/p>\n<p>Con Eugenia a la sexta fue la vencida. Cayetana ansiaba tener una hija y no lo consigui\u00f3 hasta su sexto embarazo<\/p>\n<p>&#13;Archivo Lecturas<\/p>\n<p>Creci\u00f3 mimada y protegida por sus hermanos mayores, que se volvieron casi unos padres para ella <strong>cuando falt\u00f3 Luis Mart\u00ednez de Irujo<\/strong>. Eugenia solo ten\u00eda 3 a\u00f1os en el momento en el que falleci\u00f3 su progenitor y; quiz\u00e1s por eso, todos se volcaron con la benjamina del hogar de los Alba. Tambi\u00e9n su madre, aunque sin perder una marcada rectitud que sus hijos siempre han rememorado.\u00a0<\/p>\n<p><img loading=\"lazy\" decoding=\"async\"   src=\"https:\/\/www.europesays.com\/es\/wp-content\/uploads\/2025\/11\/eugenia_4712a6fd_251125114756_1200x675.webp.webp\" alt=\"eugenia\" class=\"lazyload\" width=\"1200\" height=\"675\" data-aspectratio=\"1200\/675\"\/><\/p>\n<p>Tanto Eugenia como sus hermanos recuerdan la rectitud de su madre, pero, a pesar de ello, ella creci\u00f3 extremadamente querida y mimada<\/p>\n<p>&#13;Archivo Lecturas<\/p>\n<p>\u201c<strong>Cuando mi madre se enfadaba, temblaban las columnas del palacio y tembl\u00e1bamos todos<\/strong>\u201d, confes\u00f3 Eugenia a la revista Vanity Fair. Donde record\u00f3 una de sus travesuras que, precisamente, hicieron tambalear los cimientos de Due\u00f1as, el lugar en el que se llev\u00f3 a cabo su puesta de largo.\u00a0<\/p>\n<p>Invitaciones falsas para colar a sus amigos<\/p>\n<p>Aquel 1987, la \u2018duquesita\u2019 entraba en la <strong>mayor\u00eda de edad<\/strong>, por lo que de ella se esperaba una fiesta por todo lo alto. Y no decepcion\u00f3. Su madre se lo tom\u00f3 muy en serio y congreg\u00f3 nada menos que a 1000 invitados para el gran d\u00eda de su hija. Entre ellos, personalidades pertenecientes a grandes empresas, pero tambi\u00e9n del toreo, la cultura y al flamenco. <strong>Todo aquel que era alguien en la Espa\u00f1a de los a\u00f1os 80 recibi\u00f3 su invitaci\u00f3n<\/strong> para acudir a Due\u00f1as, en Sevilla, a celebrar los 18 de Eugenia. Bueno, todos no. Faltaban los aut\u00e9nticos amigos de la homenajeada. Pero ella puso remedio\u2026<\/p>\n<p><img loading=\"lazy\" decoding=\"async\"   src=\"https:\/\/www.europesays.com\/es\/wp-content\/uploads\/2025\/11\/eugenia_8121cd63_251125115123_1200x986.webp.webp\" alt=\"eugenia \" class=\"lazyload\" width=\"1200\" height=\"986\" data-aspectratio=\"1200\/986\"\/><\/p>\n<p>Eugenia fabric\u00f3 50 invitaciones para colar a sus amigos de Madrid, que no hab\u00edan sido invitados por su madre<\/p>\n<p>&#13;Archivo Lecturas<\/p>\n<p>\u201cMi puesta de largo parec\u00eda m\u00e1s la de mi madre que la m\u00eda\u201d, ha contado en una entrevista al medio citado. \u201cYo viv\u00eda en Madrid y casi todas mis amistades, salvo cuatro o cinco, tambi\u00e9n. Pues resulta que no invit\u00f3 a nadie de Madrid. As\u00ed que <strong>falsifiqu\u00e9 50 invitaciones. Las buenas eran preciosas, y las m\u00edas imag\u00ednate: una cartulina blanca<\/strong>. Mi madre se enter\u00f3 por el administrador de Due\u00f1as y me cay\u00f3 una que no te puedes imaginar. Pero lo consegu\u00ed\u201d.<\/p>\n<p>No hay nada de lo que no sea capaz el ingenio de una adolescente ansiosa por conseguir lo que desea. Era su gran cumplea\u00f1os y qu\u00e9 menos que poder decidir qui\u00e9n acud\u00eda a \u00e9l. Finalmente, y gracias a esa obstinaci\u00f3n suya tan perseverante, logr\u00f3 su objetivo. Y, de este modo, sus amigos madrile\u00f1os la vieron acunar a su cerdito de regalo.\u00a0<\/p>\n<p>Su futura suegra entre los invitados<\/p>\n<p>Dice su hija que aquella fiesta parec\u00eda una m\u00e1s pensada para la duquesa que para ella misma. Y no le falta raz\u00f3n. Entre los invitados, algunas de las grandes amistades de Cayetana, con <strong>Mar\u00eda Jim\u00e9nez a la cabeza<\/strong>. El mundo del flamenco estuvo ampliamente representado, pero, tambi\u00e9n hubo personalidades relacionadas con otra de sus artes favoritas: el toreo. Y ah\u00ed, de una manera casi providencial, estaba Carmina.\u00a0<\/p>\n<p><img loading=\"lazy\" decoding=\"async\"   src=\"https:\/\/www.europesays.com\/es\/wp-content\/uploads\/2025\/11\/cayetana_ee6982e9_251125115401_1200x1734.webp.webp\" alt=\"cayetana\" class=\"lazyload\" width=\"1200\" height=\"1734\" data-aspectratio=\"1200\/1734\"\/><\/p>\n<p>Fue una fiesta a la que estuvieron invitados desde gente del mundo de la m\u00fasica, como Mar\u00eda Jim\u00e9nez, como del toreo, como Carmina Ord\u00f3\u00f1ez<\/p>\n<p>&#13;Gtres<\/p>\n<p><a href=\"https:\/\/www.lecturas.com\/actualidad\/a-mi-plin-soy-ordonez-dominguin-historia-carmina-toda-su-familia-como-nunca-te-han-contado_183605\" rel=\"nofollow noopener\" target=\"_blank\">Carmen Ord\u00f3\u00f1ez<\/a> estuvo presente en la puesta de largo de Eugenia. La Divina, acompa\u00f1ada por su entonces marido, Juli\u00e1n Contreras, no se perdi\u00f3 la gran fiesta de aquel oto\u00f1o; sin imaginar siquiera que<a href=\"https:\/\/www.lecturas.com\/epoca-dorada\/fotos-dia-gran-boda-eugenia-martinez-irujo-fran-rivera-intento-huida-desplante-escandaloso-corona-emperatriz_183152\" rel=\"nofollow noopener\" target=\"_blank\"> la cumplea\u00f1era acabar\u00eda casada con su hijo mayor, Fran Rivera<\/a>. Futuras suegra y nuera que no se imaginaban que solo una d\u00e9cada m\u00e1s tarde estar\u00edan de nuevo vestidas de largo, pero una como madrina y otra como novia.<\/p>\n<p><img decoding=\"async\" src=\"https:\/\/www.europesays.com\/es\/wp-content\/uploads\/2025\/11\/tono-sanchis_0be8b973_251125130511_800x800.webp.webp\" alt=\"To\u00f1o Sanch\u00eds\" class=\"image lazyload\"\/><img loading=\"lazy\" decoding=\"async\" src=\"https:\/\/www.europesays.com\/es\/wp-content\/uploads\/2025\/11\/tono-sanchis_0be8b973_251125130515_1280x720.webp.webp\" alt=\"To\u00f1o Sanch\u00eds y Lorena Romero, un matrimonio que hizo aguas cuando sali\u00f3 a la luz la traici\u00f3n a Bel\u00e9n Esteban\" class=\"image lazyload\" width=\"1280\" height=\"720\" data-aspectratio=\"1280\/720\"\/>De negro rompiendo el protocolo\u00a0<\/p>\n<p>\u00a1Ah, el vestido! El vestido tambi\u00e9n fue motivo de disgusto entre madre e hija. Eugenia escogi\u00f3 para la ocasi\u00f3n <strong>un color poco asociado a las debutantes: el negro<\/strong>. Cuando su madre se enter\u00f3 de su elecci\u00f3n, puso el grito en el cielo. \u201cMe cay\u00f3 una bronca\u2026 los gritos se o\u00edan\u2026 No te puedo explicar\u201d. La tonalidad por la que se decant\u00f3 era de todo menos alegre, y, aunque estaba plagado de gui\u00f1os flamencos, como era el gusto de su progenitora, el negro de manga larga estaba romp\u00eda con la tradici\u00f3n impuesta hasta entonces en las puestas de largo. Pero, de nuevo, la ni\u00f1a de se sali\u00f3 con la suya.<\/p>\n<p><img loading=\"lazy\" decoding=\"async\"   src=\"https:\/\/www.europesays.com\/es\/wp-content\/uploads\/2025\/11\/eugenia_bac208a4_251125115455_1200x1990.webp.webp\" alt=\"eugenia\" class=\"lazyload\" width=\"1200\" height=\"1990\" data-aspectratio=\"1200\/1990\"\/><\/p>\n<p>Eugenia rompi\u00f3 el protocolo de las debutantes cambiando el blanco por el negro en su vestuario<\/p>\n<p>&#13;Archivo Lecturas<\/p>\n<p>Se trataba de <strong>una pieza de corte flamenco<\/strong> de la tienda \u201cGodelia, de Madrid y fabricado en seda negra con fruncido en el pecho\u201d, tal y como publico la revista Lecturas entonces. Adem\u00e1s, el vestido contaba con unas mangas abullonadas XL, muy del gusto de la \u00e9poca, y volantes en la parte baja. Lo acompa\u00f1\u00f3 con un chal de gasa blanco con lunares negros.\u00a0<\/p>\n<p>Un caballo y fiesta hasta la madrugada<\/p>\n<p>El cerdito no fue el \u00fanico animal que Eugenia recibi\u00f3 como obsequio. <strong>Su madre le hizo entrega de Garbancero, un potrillo de 17 meses, <\/strong>para que esta lo pudiera montar. La afinidad de la duquesa de Montoro por los seres vivos de cuatro patas siempre ha sido una constante. Creci\u00f3 rodeada de las mascotas de su madre, hasta que pudo encargarse de cuidar de las suyas propias y, en esto, ha encontrado una de las grandes satisfacciones de su vida. Desde entonces, ha tenido no solo perros, tambi\u00e9n gatos, burros y s\u00ed, <a href=\"https:\/\/www.lecturas.com\/actualidad\/cerdito-eugenia-martinez-irujo-hecho-grande_21794\" rel=\"nofollow noopener\" target=\"_blank\">tambi\u00e9n m\u00e1s cerdos<\/a>, aquel cochinillo beb\u00e9 abri\u00f3 la veda.\u00a0<\/p>\n<p><img loading=\"lazy\" decoding=\"async\"   src=\"https:\/\/www.europesays.com\/es\/wp-content\/uploads\/2025\/11\/eugenia_1fa5f4c3_251125115544_1200x1154.webp.webp\" alt=\"eugenia\" class=\"lazyload\" width=\"1200\" height=\"1154\" data-aspectratio=\"1200\/1154\"\/><\/p>\n<p>Otro de los regalos que recibi\u00f3 la homenajeada fue un potro de 17 meses, Garbancero<\/p>\n<p>&#13;Archivo Lecturas<\/p>\n<p>La fiesta se alarg\u00f3 hasta la madrugada. El baile no empez\u00f3 hasta pasadas las dos, cuando la homenajeada lo abri\u00f3 del brazo de su padrastro Jes\u00fas Aguirre, con quien nunca se entendi\u00f3 y a quien, con los a\u00f1os, tach\u00f3 de persona cruel. Pero, con 18 a\u00f1os, y sin su padre al lado, atendi\u00f3 al protocolo y accedi\u00f3 a que su primer vals fuera con el marido de su madre; para, inmediatamente a continuaci\u00f3n, pasar al baile flamenco junto a su hermano Cayetano; quien ejerci\u00f3 de padrino en el d\u00eda de su boda. Aunque esa es otra historia.\u00a0<\/p>\n","protected":false},"excerpt":{"rendered":"\u201cLo acabamos de ba\u00f1ar y perfumar\u201d. A continuaci\u00f3n, los amigos m\u00e1s gamberros de Eugenia Mart\u00ednez de Irujo le&hellip;\n","protected":false},"author":2,"featured_media":256422,"comment_status":"","ping_status":"","sticky":false,"template":"","format":"standard","meta":{"footnotes":""},"categories":[174],"tags":[255,146,147,25,24,256,23],"class_list":{"0":"post-256421","1":"post","2":"type-post","3":"status-publish","4":"format-standard","5":"has-post-thumbnail","7":"category-famosos","8":"tag-celebrities","9":"tag-entertainment","10":"tag-entretenimiento","11":"tag-es","12":"tag-espana","13":"tag-famosos","14":"tag-spain"},"share_on_mastodon":{"url":"https:\/\/pubeurope.com\/@es\/115615071730471127","error":""},"_links":{"self":[{"href":"https:\/\/www.europesays.com\/es\/wp-json\/wp\/v2\/posts\/256421","targetHints":{"allow":["GET"]}}],"collection":[{"href":"https:\/\/www.europesays.com\/es\/wp-json\/wp\/v2\/posts"}],"about":[{"href":"https:\/\/www.europesays.com\/es\/wp-json\/wp\/v2\/types\/post"}],"author":[{"embeddable":true,"href":"https:\/\/www.europesays.com\/es\/wp-json\/wp\/v2\/users\/2"}],"replies":[{"embeddable":true,"href":"https:\/\/www.europesays.com\/es\/wp-json\/wp\/v2\/comments?post=256421"}],"version-history":[{"count":0,"href":"https:\/\/www.europesays.com\/es\/wp-json\/wp\/v2\/posts\/256421\/revisions"}],"wp:featuredmedia":[{"embeddable":true,"href":"https:\/\/www.europesays.com\/es\/wp-json\/wp\/v2\/media\/256422"}],"wp:attachment":[{"href":"https:\/\/www.europesays.com\/es\/wp-json\/wp\/v2\/media?parent=256421"}],"wp:term":[{"taxonomy":"category","embeddable":true,"href":"https:\/\/www.europesays.com\/es\/wp-json\/wp\/v2\/categories?post=256421"},{"taxonomy":"post_tag","embeddable":true,"href":"https:\/\/www.europesays.com\/es\/wp-json\/wp\/v2\/tags?post=256421"}],"curies":[{"name":"wp","href":"https:\/\/api.w.org\/{rel}","templated":true}]}}