{"id":256430,"date":"2025-11-26T08:39:04","date_gmt":"2025-11-26T08:39:04","guid":{"rendered":"https:\/\/www.europesays.com\/es\/256430\/"},"modified":"2025-11-26T08:39:04","modified_gmt":"2025-11-26T08:39:04","slug":"si-alguien-lo-ve-se-desmaya","status":"publish","type":"post","link":"https:\/\/www.europesays.com\/es\/256430\/","title":{"rendered":"\u201cSi alguien lo ve, se desmaya\u201d"},"content":{"rendered":"<p data-gtm-element-container=\"modulo-texto-link\" class=\"paragraph\"><a href=\"https:\/\/www.lavanguardia.com\/topics\/emilio-aragon\" target=\"_blank\" rel=\"nofollow noopener\">Emilio Arag\u00f3n <\/a>regres\u00f3 temporalmente a la peque\u00f1a pantalla, aunque en esta ocasi\u00f3n como invitado de Marc Gir\u00f3 en su Late Xou. El humorista comparti\u00f3 algunos minutos con el comunicador a prop\u00f3sito de la presentaci\u00f3n de su nuevo libro, la \u00faltima entrega de Telmo Lobo: la leyenda del pirata, su homenaje particular al cl\u00e1sico La isla del tesoro de Robert L. Stevenson.<\/p>\n<p data-gtm-element-container=\"modulo-texto-link\" class=\"paragraph\">El querido m\u00fasico, actor, escritor e hijo del ic\u00f3nico payaso Miliki, concedi\u00f3 una entrevista al programa de Televisi\u00f3n Espa\u00f1ola, donde revel\u00f3 algunas an\u00e9cdotas de la siempre recordada familia Arag\u00f3n entre pregunta y pregunta. Entre otras, tradiciones y peculiares supersticiones, que a\u00fan mantienen a d\u00eda de hoy.<\/p>\n<p>                <img loading=\"lazy\" decoding=\"async\" data-full-src=\"https:\/\/www.lavanguardia.com\/uploads\/2025\/11\/26\/6926b58edd0df.png\" alt=\"Emilio Arag\u00f3n, en el 'Late Xou' con Marc Gir\u00f3.\" width=\"449\" height=\"244\" src=\"https:\/\/www.europesays.com\/es\/wp-content\/uploads\/2025\/11\/6926b58edd0df.png\" class=\"lazy\"\/><\/p>\n<p data-gtm-element-container=\"modulo-texto-link\" class=\"paragraph\">Para empezar, quiso hablar de algunos de los rituales que se siguen en el mundo de la m\u00fasica. \u201cSi se cae una partitura, tienes que sentarte encima, y ya no te vuelves a levantar\u201d, compart\u00eda.<\/p>\n<p data-gtm-element-container=\"modulo-texto-link\" class=\"paragraph\">Sin embargo, el presentador catal\u00e1n introdujo sutilmente el tema de una de las supersticiones m\u00e1s peculiares de la famosa familia.  \u201cTengo este reloj amarillo y me han dicho que si alguien lo ve, se desmaya\u201d. Emilio Arag\u00f3n, entre risas, afirm\u00f3 que es un color con el que su familia no juega: \u201cEl amarillo nada, eso me la peg\u00f3 mi padre. La tenemos toda la familia\u201d.<\/p>\n<p data-gtm-element-container=\"modulo-texto-link\" class=\"paragraph\">Es tal la aversi\u00f3n, que el actor y m\u00fasico record\u00f3 c\u00f3mo le afect\u00f3 en sus inicios, con una figura legendaria como fue Chicho Ib\u00e1\u00f1ez Serrador. \u201cMe met\u00ed en la unidad m\u00f3vil con \u00e9l y, de repente, entr\u00f3 alguien vestido de amarillo. Fue impresionante\u201d. Por suerte, parece que esta tradici\u00f3n va a terminarse, pues uno de sus nietos es un \u201capasionado\u201d de este color. \u201cPor suerte\u201d, como dice su abuelo.<\/p>\n<p data-gtm-element-container=\"modulo-texto-link\" class=\"paragraph\">El veterano actor tambi\u00e9n asegur\u00f3 que ha conseguido \u201colvidar\u201d alguna de estas supersticiones que los Arag\u00f3n arrastran de generaci\u00f3n en generaci\u00f3n. Por ejemplo, sus obsesiones con cosas como los interruptores y las luces.  \u201cEso me lo he quitado de encima, afortunadamente\u201d.<\/p>\n<p>\u00bfVolver\u00e1 \u2018M\u00e9dico de familia&#8217;?<\/p>\n<p>                <img loading=\"lazy\" decoding=\"async\" data-full-src=\"https:\/\/www.lavanguardia.com\/uploads\/2017\/09\/14\/5fa3d995cbaa0.jpeg\" alt=\"Horizontal\" width=\"449\" height=\"253\" src=\"https:\/\/www.europesays.com\/es\/wp-content\/uploads\/2025\/11\/5fa3d995cbaa0.jpeg\" class=\"lazy\"\/><\/p>\n<p class=\"caption-title \">Los protagonistas de M\u00e9dico de Familia.<\/p>\n<p>                    Otras Fuentes<\/p>\n<p data-gtm-element-container=\"modulo-texto-link\" class=\"paragraph\">El presentador catal\u00e1n no pudo evitar sacar el tema de la serie que consigui\u00f3 unir a toda Espa\u00f1a, M\u00e9dico de familia. No es para menos, pues la ficci\u00f3n de Globomedia dej\u00f3 datos para la historia de la televisi\u00f3n: tras <a href=\"https:\/\/www.lavanguardia.com\/television\/programacion-tv\/cuatro\" target=\"_blank\" rel=\"noopener noreferrer nofollow\">cuatro<\/a> a\u00f1os, 119 episodios y con un 43% de promedio de cuota de pantalla, el cap\u00edtulo final, el de la boda de Nacho (Emilio Arag\u00f3n) y Alicia (Lydia Bosch), lo vieron en Espa\u00f1a 13.337.000 espectadores.\u00a0<\/p>\n<p data-gtm-element-container=\"modulo-texto-link\" class=\"paragraph\">\u201cPara que se hagan una idea, este programa no llega al mill\u00f3n y ya nos parece un \u00e9xito\u201d, contextualiz\u00f3 Gir\u00f3 a los espectadores.<\/p>\n<p>                <img loading=\"lazy\" decoding=\"async\" data-full-src=\"https:\/\/www.lavanguardia.com\/uploads\/2018\/03\/01\/5fa4369779000.jpeg\" alt=\"Vertical\" width=\"449\" height=\"511\" src=\"https:\/\/www.europesays.com\/es\/wp-content\/uploads\/2025\/11\/5fa4369779000.jpeg\" class=\"lazy\"\/><\/p>\n<p class=\"caption-title \">La boda de Nacho (Emilio Arag\u00f3n) y Alicia (Lydia Bosch), lo vieron en Espa\u00f1a 13.337.000 personas.<\/p>\n<p>                    Otros<\/p>\n<p data-gtm-element-container=\"modulo-texto-link\" class=\"paragraph\">Con tal \u00e9xito y acogida, el catal\u00e1n quiso preguntar a su invitado si habr\u00eda alguna posibilidad de vuelta de la querida serie a la peque\u00f1a pantalla. Arag\u00f3n, que intent\u00f3 esquivar el tema como pudo, s\u00ed afirm\u00f3 que estar\u00eda dispuesto. Eso s\u00ed, aclar\u00f3 que no hay nada sobre la mesa, adem\u00e1s que ser\u00eda muy dif\u00edcil reunir a sus protagonistas y hacerse con los derechos de la serie.<\/p>\n","protected":false},"excerpt":{"rendered":"Emilio Arag\u00f3n regres\u00f3 temporalmente a la peque\u00f1a pantalla, aunque en esta ocasi\u00f3n como invitado de Marc Gir\u00f3 en&hellip;\n","protected":false},"author":2,"featured_media":256431,"comment_status":"","ping_status":"","sticky":false,"template":"","format":"standard","meta":{"footnotes":""},"categories":[91],"tags":[146,147,25,24,23],"class_list":{"0":"post-256430","1":"post","2":"type-post","3":"status-publish","4":"format-standard","5":"has-post-thumbnail","7":"category-entretenimiento","8":"tag-entertainment","9":"tag-entretenimiento","10":"tag-es","11":"tag-espana","12":"tag-spain"},"share_on_mastodon":{"url":"https:\/\/pubeurope.com\/@es\/115615102741776941","error":""},"_links":{"self":[{"href":"https:\/\/www.europesays.com\/es\/wp-json\/wp\/v2\/posts\/256430","targetHints":{"allow":["GET"]}}],"collection":[{"href":"https:\/\/www.europesays.com\/es\/wp-json\/wp\/v2\/posts"}],"about":[{"href":"https:\/\/www.europesays.com\/es\/wp-json\/wp\/v2\/types\/post"}],"author":[{"embeddable":true,"href":"https:\/\/www.europesays.com\/es\/wp-json\/wp\/v2\/users\/2"}],"replies":[{"embeddable":true,"href":"https:\/\/www.europesays.com\/es\/wp-json\/wp\/v2\/comments?post=256430"}],"version-history":[{"count":0,"href":"https:\/\/www.europesays.com\/es\/wp-json\/wp\/v2\/posts\/256430\/revisions"}],"wp:featuredmedia":[{"embeddable":true,"href":"https:\/\/www.europesays.com\/es\/wp-json\/wp\/v2\/media\/256431"}],"wp:attachment":[{"href":"https:\/\/www.europesays.com\/es\/wp-json\/wp\/v2\/media?parent=256430"}],"wp:term":[{"taxonomy":"category","embeddable":true,"href":"https:\/\/www.europesays.com\/es\/wp-json\/wp\/v2\/categories?post=256430"},{"taxonomy":"post_tag","embeddable":true,"href":"https:\/\/www.europesays.com\/es\/wp-json\/wp\/v2\/tags?post=256430"}],"curies":[{"name":"wp","href":"https:\/\/api.w.org\/{rel}","templated":true}]}}