{"id":256433,"date":"2025-11-26T08:41:09","date_gmt":"2025-11-26T08:41:09","guid":{"rendered":"https:\/\/www.europesays.com\/es\/256433\/"},"modified":"2025-11-26T08:41:09","modified_gmt":"2025-11-26T08:41:09","slug":"el-ibex-35-quiere-dar-continuidad-a-las-subidas-de-ayer-los-futuros-disparados","status":"publish","type":"post","link":"https:\/\/www.europesays.com\/es\/256433\/","title":{"rendered":"El Ibex 35 quiere dar continuidad a las subidas de ayer; los futuros, disparados"},"content":{"rendered":"<p>    <img fetchpriority=\"high\" decoding=\"async\" src=\"data:image\/gif;base64,R0lGODlhAQABAIAAAAAAAP\/\/\/ywAAAAAAQABAAACAUwAOw==\" alt=\"El Ibex 35 quiere dar continuidad a las subidas de ayer; los futuros, disparados\" loading=\"eager\" height=\"540\" width=\"960\" class=\"yf-1gfnohs loader\"\/> El Ibex 35 quiere dar continuidad a las subidas de ayer; los futuros, disparados      <\/p>\n<p class=\"yf-1090901\"><strong>MERCADOS FINANCIEROS<\/strong><\/p>\n<p class=\"yf-1090901\">Las bolsas asi\u00e1ticas avanzan, siguiendo las ganancias de Wall Street, mientras los datos econ\u00f3micos, m\u00e1s d\u00e9biles de lo esperado, alimentan las expectativas de que la Reserva Federal recortar\u00e1 los tipos de inter\u00e9s en su reuni\u00f3n de pol\u00edtica monetaria del pr\u00f3ximo mes.<\/p>\n<p class=\"yf-1090901\">Los precios del petr\u00f3leo suben, tras caer a su m\u00ednimo mensual en la sesi\u00f3n anterior, aunque el exceso de oferta esperado y un posible acuerdo de paz entre Rusia y Ucrania limitan los avances.<\/p>\n<p class=\"yf-1090901\"><strong>DATOS MACROECON\u00d3MICOS<\/strong><\/p>\n<p class=\"yf-1090901\">Hoy las principales referencias vendr\u00e1n de Estados Unidos, donde tendremos:<\/p>\n<p class=\"yf-1090901\">&#8211; PIB, tipo hipotecario y solicitudes de hipoteca, pedidos de bienes duraderos, solicitudes de subsidio por desempleo y PCE (gasto de consumo personal)<\/p>\n<p class=\"yf-1090901\"><strong>EMPRESAS<\/strong><\/p>\n<p class=\"yf-1090901\">Telef\u00f3nica propone reducir plantilla en 6.088 empleados, seg\u00fan UGT (Reuters)<\/p>\n<p class=\"yf-1090901\">Ferrovial anuncia un dividendo adicional de 55,6 millones de euros (Reuters)<\/p>\n<p class=\"yf-1090901\">eDreams confirma su previsi\u00f3n de lograr un crecimiento del 29\u00e2\u0080\u00af% en el ebitda ajustado en el ejercicio fiscal 2026 (Reuters)<\/p>\n<p class=\"yf-1090901\">Indra, Hyperion y Nazca comprometen 1.500 millones para invertir en defensa (Expansi\u00f3n)<\/p>\n<p class=\"yf-1090901\">Unicaja planea repartir todo el beneficio de 2026 y 2027 en dividendos (El Confidencial)<\/p>\n<p class=\"yf-1090901\">Cl\u00ednica Baviera obtiene un beneficio neto de 28,3 millones de euros en el tercer trimestre (Reuters)<\/p>\n<p class=\"yf-1090901\">Miquel y Costas pagar\u00e1 un dividendo bruto de 0,11 euros por acci\u00f3n el 17 de diciembre y pondr\u00e1 en marcha su s\u00e9ptimo programa de recompra (Reuters)<\/p>\n<p class=\"yf-1090901\">La empresa china CATL inicia la construcci\u00f3n de una gran planta de bater\u00edas en Espa\u00f1a, a la que llevar\u00e1 a sus propios trabajadores (Reuters)<\/p>\n<p class=\"yf-1090901\"><strong>ECONOM\u00cdA Y POL\u00cdTICA<\/strong><\/p>\n<p class=\"yf-1090901\">Es probable que la ministra de Finanzas brit\u00e1nica, Rachel Reeves, anuncie este mi\u00e9rcoles nuevas subidas de impuestos por valor de decenas de miles de millones de libras en un presupuesto que pone en juego su credibilidad tanto ante los inversores en bonos como ante los legisladores que exigen m\u00e1s gasto social (Reuters)<\/p>\n<p class=\"yf-1090901\">El presidente de Estados Unidos, Donald Trump, se retract\u00f3 el martes de la fecha l\u00edmite del jueves para que Ucrania aceptara un plan de paz respaldado por Estados Unidos y rest\u00f3 importancia a un informe seg\u00fan el cual el negociador estadounidense Steve Witkoff hab\u00eda asesorado a los rusos sobre c\u00f3mo plantearle el tema (Reuters)<\/p>\n<p class=\"yf-1090901\">El secretario del Tesoro de Estados Unidos, Scott Bessent, dijo el martes que el sistema de gesti\u00f3n de los tipos de inter\u00e9s de la Reserva Federal est\u00e1 en dificultades y debe simplificarse (Reuters)<\/p>\n","protected":false},"excerpt":{"rendered":"El Ibex 35 quiere dar continuidad a las subidas de ayer; los futuros, disparados MERCADOS FINANCIEROS Las bolsas&hellip;\n","protected":false},"author":2,"featured_media":31129,"comment_status":"","ping_status":"","sticky":false,"template":"","format":"standard","meta":{"footnotes":""},"categories":[80],"tags":[55388,82,95,94,16394,25,24,629,24935,96,14588,23,6407],"class_list":{"0":"post-256433","1":"post","2":"type-post","3":"status-publish","4":"format-standard","5":"has-post-thumbnail","7":"category-economia","8":"tag-acuerdo-de-paz","9":"tag-business","10":"tag-economia","11":"tag-economy","12":"tag-el-confidencial","13":"tag-es","14":"tag-espana","15":"tag-estados-unidos","16":"tag-miles-de-millones","17":"tag-millones-de-euros","18":"tag-precios-del-petroleo","19":"tag-spain","20":"tag-tipos-de-interes"},"share_on_mastodon":{"url":"https:\/\/pubeurope.com\/@es\/115615110474874767","error":""},"_links":{"self":[{"href":"https:\/\/www.europesays.com\/es\/wp-json\/wp\/v2\/posts\/256433","targetHints":{"allow":["GET"]}}],"collection":[{"href":"https:\/\/www.europesays.com\/es\/wp-json\/wp\/v2\/posts"}],"about":[{"href":"https:\/\/www.europesays.com\/es\/wp-json\/wp\/v2\/types\/post"}],"author":[{"embeddable":true,"href":"https:\/\/www.europesays.com\/es\/wp-json\/wp\/v2\/users\/2"}],"replies":[{"embeddable":true,"href":"https:\/\/www.europesays.com\/es\/wp-json\/wp\/v2\/comments?post=256433"}],"version-history":[{"count":0,"href":"https:\/\/www.europesays.com\/es\/wp-json\/wp\/v2\/posts\/256433\/revisions"}],"wp:featuredmedia":[{"embeddable":true,"href":"https:\/\/www.europesays.com\/es\/wp-json\/wp\/v2\/media\/31129"}],"wp:attachment":[{"href":"https:\/\/www.europesays.com\/es\/wp-json\/wp\/v2\/media?parent=256433"}],"wp:term":[{"taxonomy":"category","embeddable":true,"href":"https:\/\/www.europesays.com\/es\/wp-json\/wp\/v2\/categories?post=256433"},{"taxonomy":"post_tag","embeddable":true,"href":"https:\/\/www.europesays.com\/es\/wp-json\/wp\/v2\/tags?post=256433"}],"curies":[{"name":"wp","href":"https:\/\/api.w.org\/{rel}","templated":true}]}}