{"id":256438,"date":"2025-11-26T08:44:17","date_gmt":"2025-11-26T08:44:17","guid":{"rendered":"https:\/\/www.europesays.com\/es\/256438\/"},"modified":"2025-11-26T08:44:17","modified_gmt":"2025-11-26T08:44:17","slug":"noche-del-encendido-de-la-navidad-concierto-de-celia-vergara","status":"publish","type":"post","link":"https:\/\/www.europesays.com\/es\/256438\/","title":{"rendered":"Noche del Encendido de la Navidad \u00abConcierto de Celia Vergara\u00bb"},"content":{"rendered":"<p><a href=\"https:\/\/merida.es\/wp-content\/uploads\/2025\/11\/2025-encendido-navidad-cartel.jpg\" rel=\"nofollow noopener\" target=\"_blank\"><img decoding=\"async\" class=\"aligncenter size-full wp-image-145094\" src=\"https:\/\/www.europesays.com\/es\/wp-content\/uploads\/2025\/11\/600xNx2025-encendido-navidad-cartel.jpg.pagespeed.ic.XqSEreQQq6.jpg\" alt=\"\" width=\"600\"  \/><\/a><\/p>\n<p style=\"text-align: center;\">El viernes 28 de noviembre, a las 19:00 horas, tendr\u00e1 lugar el Encendido de la Iluminaci\u00f3n Extraordinaria de Navidad cuyo epicentro ser\u00e1 la Plaza de Espa\u00f1a en donde tendr\u00e1 lugar justo a continuaci\u00f3n el concierto de Celia Vergara con la colaboraci\u00f3n de Abel Trig\u00f3 y la Big Band Ciudad de M\u00e9rida.<\/p>\n","protected":false},"excerpt":{"rendered":"El viernes 28 de noviembre, a las 19:00 horas, tendr\u00e1 lugar el Encendido de la Iluminaci\u00f3n Extraordinaria de&hellip;\n","protected":false},"author":2,"featured_media":256439,"comment_status":"","ping_status":"","sticky":false,"template":"","format":"standard","meta":{"footnotes":""},"categories":[5],"tags":[17,18,25,24,13,14,11,19,20,9,10,15,16,23,12,21,22],"class_list":{"0":"post-256438","1":"post","2":"type-post","3":"status-publish","4":"format-standard","5":"has-post-thumbnail","7":"category-titulares","8":"tag-breaking-news","9":"tag-breakingnews","10":"tag-es","11":"tag-espana","12":"tag-featured-news","13":"tag-featurednews","14":"tag-headlines","15":"tag-latest-news","16":"tag-latestnews","17":"tag-news","18":"tag-noticias","19":"tag-noticias-destacadas","20":"tag-noticiasdestacadas","21":"tag-spain","22":"tag-titulares","23":"tag-ultimas-noticias","24":"tag-ultimasnoticias"},"share_on_mastodon":{"url":"https:\/\/pubeurope.com\/@es\/115615122552284760","error":""},"_links":{"self":[{"href":"https:\/\/www.europesays.com\/es\/wp-json\/wp\/v2\/posts\/256438","targetHints":{"allow":["GET"]}}],"collection":[{"href":"https:\/\/www.europesays.com\/es\/wp-json\/wp\/v2\/posts"}],"about":[{"href":"https:\/\/www.europesays.com\/es\/wp-json\/wp\/v2\/types\/post"}],"author":[{"embeddable":true,"href":"https:\/\/www.europesays.com\/es\/wp-json\/wp\/v2\/users\/2"}],"replies":[{"embeddable":true,"href":"https:\/\/www.europesays.com\/es\/wp-json\/wp\/v2\/comments?post=256438"}],"version-history":[{"count":0,"href":"https:\/\/www.europesays.com\/es\/wp-json\/wp\/v2\/posts\/256438\/revisions"}],"wp:featuredmedia":[{"embeddable":true,"href":"https:\/\/www.europesays.com\/es\/wp-json\/wp\/v2\/media\/256439"}],"wp:attachment":[{"href":"https:\/\/www.europesays.com\/es\/wp-json\/wp\/v2\/media?parent=256438"}],"wp:term":[{"taxonomy":"category","embeddable":true,"href":"https:\/\/www.europesays.com\/es\/wp-json\/wp\/v2\/categories?post=256438"},{"taxonomy":"post_tag","embeddable":true,"href":"https:\/\/www.europesays.com\/es\/wp-json\/wp\/v2\/tags?post=256438"}],"curies":[{"name":"wp","href":"https:\/\/api.w.org\/{rel}","templated":true}]}}