{"id":256444,"date":"2025-11-26T08:52:08","date_gmt":"2025-11-26T08:52:08","guid":{"rendered":"https:\/\/www.europesays.com\/es\/256444\/"},"modified":"2025-11-26T08:52:08","modified_gmt":"2025-11-26T08:52:08","slug":"doncic-la-lia-en-el-real-madrid","status":"publish","type":"post","link":"https:\/\/www.europesays.com\/es\/256444\/","title":{"rendered":"\u00a1Doncic la l\u00eda en el Real Madrid"},"content":{"rendered":"<p data-gtm-element-container=\"modulo-texto-link\" class=\"paragraph\"><strong>Luka Doncic<\/strong> se sali\u00f3 con la suya en el<strong> Real Madrid &#8211; Atl\u00e9tico<\/strong> de Madrid de la NBA, que, entre la condescendencia arbitral de la que se beneficiaron unos y lo marrulleros que se pusieron otros, pareci\u00f3 eso, un derbi madrile\u00f1o en su m\u00e1xima expresi\u00f3n. En un caliente <strong>Lakers &#8211; Clippers <\/strong>que se llevaron los de p\u00farpura y oro para meterse en cuartos de la <strong>Copa NBA<\/strong> (135-118), Doncic manch\u00f3 su casi triple-doble de 43 puntos, 9 rebotes y 13 asistencias con una trifulca en los \u00faltimos minutos con Kris Dunn de la que el ex del Real Madrid se fue de rositas. Saltaron chispas en la lampante pista amarillo chill\u00f3n del anta\u00f1o llamado <strong>Staples Center.\u00a0<\/strong><\/p>\n<p data-gtm-element-container=\"modulo-texto-link\" class=\"paragraph\">Despu\u00e9s de una acci\u00f3n con el jugador de los Clippers en la que la estrella de los Lakers acab\u00f3 en el suelo, el base le fue a pedir explicaciones a Dunn, quien se calent\u00f3 estamp\u00e1ndole el bal\u00f3n en el pecho al esloveno para provocar una trifulca que acab\u00f3 con mel\u00e9 entre miembros de ambos equipos con los de<strong> JJ Redick<\/strong> 123-113 arriba a falta de 3:33.\u00a0<\/p>\n<blockquote class=\"twitter-tweet\" data-lang=\"es\"><p>\n<a href=\"https:\/\/twitter.com\/clutchpoints\/status\/1993569272971640845?s=46\" rel=\"nofollow noopener\" target=\"_blank\">\n<\/p><\/blockquote>\n<p data-gtm-element-container=\"modulo-texto-link\" class=\"paragraph\"><strong>Jaxson Hayes<\/strong>, ex compa\u00f1ero de <strong>Willy Hernang\u00f3mez<\/strong> en los Pelicans, sali\u00f3 en defensa de Doncic y los \u00e1rbitros decidieron castigar con una t\u00e9cnica a Hayes y otra a Dunn que era la segunda para el jugador de los Clippers, resignado a ser expulsado. Por su parte, el ex del Real Madrid sali\u00f3 impune, benefici\u00e1ndose del acto condescendiente de los colegiados de turno siendo ya el jugador de la NBA que m\u00e1s tiros libres recibe con 12 de media, 11 anoche.\u00a0<\/p>\n<p data-gtm-element-container=\"modulo-texto-link\" class=\"paragraph\">El altercado eclips\u00f3 por completo un intenso partido de Copa que vio la mejor versi\u00f3n del tr\u00edo de los Lakers con 31 puntos de <strong>Austin Reaves<\/strong> y 25 de un <strong>LeBron James<\/strong> cogiendo ritmo, contundente y eficiente con un 9\/15 en tiros de campo y un 2\/5 en triples mientras que Doncic no fue menos en eficacia demoledora, con un 14\/28 en lanzamientos y ametrallando a los Clippers de lejos con un 8\/11 en triples. El \u201977\u2019 se vio atenuado en la segunda parte despu\u00e9s de apuntarse 32 de sus 43 tantos en la primera mitad.\u00a0<\/p>\n<blockquote class=\"twitter-tweet\" data-lang=\"es\"><p>\n<a href=\"https:\/\/twitter.com\/nba\/status\/1993580700516467170?s=46\" rel=\"nofollow noopener\" target=\"_blank\">\n<\/p><\/blockquote>\n<p data-gtm-element-container=\"modulo-texto-link\" class=\"paragraph\">Los 29 puntos de <strong>James Harden <\/strong>se quedaron cortos ante unos Clippers sin defensa, incapaces de cubrir todos los frentes una vez ralentizaron al ex de los Mavericks con un 2&#215;1 en los pick and roll, insuficientes tambi\u00e9n los 19 puntos de <strong>Kawhi Leonard<\/strong> y Kris Dunn.\u00a0<\/p>\n<p data-gtm-element-container=\"modulo-texto-link\" class=\"paragraph\">El equipo de <strong>Tyronn Lue<\/strong>, el m\u00e1s veterano de la NBA, se fue quedando sin energ\u00eda en el \u00faltimo cuarto tras llegar s\u00f3lo cinco abajo al final del tercero (98-93) y llegar a estar por delante en la recta final de ese tercer parcial.\u00a0<\/p>\n<p data-gtm-element-container=\"modulo-texto-link\" class=\"paragraph\">Tienen mucho de Atl\u00e9tico estos Clippers, rival ciudadano siempre rezagado con respecto a su envidiado vecino, ning\u00fan anillo de la misma manera que el conjunto colchonero no tiene ninguna Champions y, como punto positivo, un entrenador como Lue intenso a lo <strong>Diego Pablo Simeone<\/strong> con un carisma por el que sus jugadores nunca se rinden. Tambi\u00e9n su nueva casa -el lujoso Intuit Dome-, est\u00e1 en la afueras lejos del centro del mismo modo que el Metropolitano que el Atleti inaugur\u00f3 en 2017.\u00a0<\/p>\n<p>    Lee tambi\u00e9n<\/p>\n<p data-gtm-element-container=\"modulo-texto-link\" class=\"paragraph\">Ante la exigencia de la liga regular, la Copa se presenta como la opci\u00f3n de t\u00edtulo m\u00e1s asequible para el segund\u00f3n de Los \u00c1ngeles, que ya vieron a los Lakers levantar su primera edici\u00f3n en 2023. Con Raptors y Magic como otros equipos clasificados para cuartos, Doncic se acerca a su primer t\u00edtulo de siempre desde que saliera del Real Madrid. Aunque, precisamente, al mago de Ljubljana no le qued\u00f3 un \u00faltimo buen recuerdo de la Copa en Espa\u00f1a: se la birl\u00f3 el <strong>Bar\u00e7a<\/strong> en la final de 2018.\u00a0<\/p>\n<p><script async src=\"https:\/\/platform.twitter.com\/widgets.js\" charset=\"utf-8\"><\/script><\/p>\n","protected":false},"excerpt":{"rendered":"Luka Doncic se sali\u00f3 con la suya en el Real Madrid &#8211; Atl\u00e9tico de Madrid de la NBA,&hellip;\n","protected":false},"author":2,"featured_media":256445,"comment_status":"","ping_status":"","sticky":false,"template":"","format":"standard","meta":{"footnotes":""},"categories":[269],"tags":[299,298,168,25,24,23,167],"class_list":{"0":"post-256444","1":"post","2":"type-post","3":"status-publish","4":"format-standard","5":"has-post-thumbnail","7":"category-baloncesto","8":"tag-baloncesto","9":"tag-basketball","10":"tag-deportes","11":"tag-es","12":"tag-espana","13":"tag-spain","14":"tag-sports"},"share_on_mastodon":{"url":"https:\/\/pubeurope.com\/@es\/115615153841008990","error":""},"_links":{"self":[{"href":"https:\/\/www.europesays.com\/es\/wp-json\/wp\/v2\/posts\/256444","targetHints":{"allow":["GET"]}}],"collection":[{"href":"https:\/\/www.europesays.com\/es\/wp-json\/wp\/v2\/posts"}],"about":[{"href":"https:\/\/www.europesays.com\/es\/wp-json\/wp\/v2\/types\/post"}],"author":[{"embeddable":true,"href":"https:\/\/www.europesays.com\/es\/wp-json\/wp\/v2\/users\/2"}],"replies":[{"embeddable":true,"href":"https:\/\/www.europesays.com\/es\/wp-json\/wp\/v2\/comments?post=256444"}],"version-history":[{"count":0,"href":"https:\/\/www.europesays.com\/es\/wp-json\/wp\/v2\/posts\/256444\/revisions"}],"wp:featuredmedia":[{"embeddable":true,"href":"https:\/\/www.europesays.com\/es\/wp-json\/wp\/v2\/media\/256445"}],"wp:attachment":[{"href":"https:\/\/www.europesays.com\/es\/wp-json\/wp\/v2\/media?parent=256444"}],"wp:term":[{"taxonomy":"category","embeddable":true,"href":"https:\/\/www.europesays.com\/es\/wp-json\/wp\/v2\/categories?post=256444"},{"taxonomy":"post_tag","embeddable":true,"href":"https:\/\/www.europesays.com\/es\/wp-json\/wp\/v2\/tags?post=256444"}],"curies":[{"name":"wp","href":"https:\/\/api.w.org\/{rel}","templated":true}]}}