{"id":256462,"date":"2025-11-26T09:04:09","date_gmt":"2025-11-26T09:04:09","guid":{"rendered":"https:\/\/www.europesays.com\/es\/256462\/"},"modified":"2025-11-26T09:04:09","modified_gmt":"2025-11-26T09:04:09","slug":"compra-un-ipad-air-m3-por-15e-la-tienda-exige-devolverlo-y-un-abogado-aclara-el-caso-compra-un-ipad-air-m3-por-lo-que-valen-dos-pizzas-la-tienda-exige-la-devolucion-alegando-ser-un-error-y-un-abogad","status":"publish","type":"post","link":"https:\/\/www.europesays.com\/es\/256462\/","title":{"rendered":"Compra un iPad Air M3 por 15\u20ac, la tienda exige devolverlo y un abogado aclara el caso Compra un iPad Air M3 por lo que valen dos pizzas, la tienda exige la devoluci\u00f3n alegando ser un error y un abogado zanja el asunto"},"content":{"rendered":"<p class=\"\">El pasado 8 de noviembre, varios clientes encontraron en la web de MediaWarkt Italia <b>una oferta aparentemente imposible: un iPad Air M3 a 15 euros<\/b>. <a href=\"https:\/\/as.com\/meristation\/betech\/compra-una-television-a-un-precio-ridiculo-aprovechando-un-error-en-la-web-y-termina-detenido-cuando-va-a-recogerla-n\/\" target=\"_self\" rel=\"nofollow noopener\" title=\"https:\/\/as.com\/meristation\/betech\/compra-una-television-a-un-precio-ridiculo-aprovechando-un-error-en-la-web-y-termina-detenido-cuando-va-a-recogerla-n\/\">Quienes aprovecharon el precio<\/a> \u2014en algunos casos pagando y retirando el dispositivo en tienda\u2014 recibieron d\u00edas despu\u00e9s un email del minorista alegando que se hab\u00eda tratado de un \u201c<b>error manifiesto, econ\u00f3micamente insostenible y no representativo<\/b>\u201d de su oferta, y pidi\u00e9ndoles la devoluci\u00f3n del art\u00edculo.<\/p>\n<p><b>La propuesta del minorista<\/b><\/p>\n<p class=\"\">MediaMarkt ofreci\u00f3 a los compradores dos alternativas:<\/p>\n<ul>\n<li><b>Devolver el iPad<\/b>, recuperar el dinero y obtener adem\u00e1s un vale regalo.<\/li>\n<li><b>O quedarse el dispositivo abonando 619 euros adicionales<\/b> (precio final con un 15 % de descuento respecto al precio habitual).<\/li>\n<\/ul>\n<p><b>El error de precio y la ley<\/b><\/p>\n<p class=\"\">Desde el punto de vista jur\u00eddico, el abogado Umberto Maria Del Noce explica que<b> la ley suele amparar al vendedor cuando el precio es \u201ctan dr\u00e1sticamente bajo\u201d<\/b> que constituye un error evidente para cualquier consumidor medio. En esos casos, el vendedor puede solicitar la rescisi\u00f3n del contrato bas\u00e1ndose en un error reconocible.<\/p>\n<p><img decoding=\"async\" src=\"https:\/\/www.europesays.com\/es\/wp-content\/uploads\/2025\/11\/AMSDEBNCJFHTXMNIADEYP5JCTI.jpeg\" alt=\"Compra un iPad Air M3 por lo que valen dos pizzas, la tienda exige la devoluci\u00f3n alegando ser un error y un abogado zanja el asunto\" height=\"333\" width=\"500\"   loading=\"lazy\"\/><b>A favor del consumidor<\/b><\/p>\n<p class=\"\">Del Noce se\u00f1ala que hay circunstancias que podr\u00edan inclinar la balanza hacia el cliente:<\/p>\n<ul>\n<li>Si la oferta estaba destinada a usuarios con tarjeta de fidelizaci\u00f3n.<\/li>\n<li>Si la compra ocurri\u00f3 durante el Black Friday, un periodo donde los descuentos agresivos son habituales.<\/li>\n<\/ul>\n<p class=\"\"><b>Adem\u00e1s, el hecho de que la empresa tramitara y entregara el producto sin detener el proceso respalda al comprador<\/b>, pues la operaci\u00f3n se gestion\u00f3 como una venta normal.<\/p>\n<p><b>\u00bfQu\u00e9 debe hacer ahora el comprador?<\/b><\/p>\n<p class=\"\">El abogado considera que la carta remitida por MediaMarkt <b>no es un requerimiento formal, sino una invitaci\u00f3n a negociar<\/b>. Por ello, <b>recomienda no aceptar por ahora el pago de la diferencia solicitada<\/b>. Solo si la empresa elevara su reclamaci\u00f3n a un requerimiento formal ser\u00eda necesario estudiar una estrategia m\u00e1s amplia, incluyendo la posible negociaci\u00f3n o incluso una acci\u00f3n legal.<\/p>\n<p><b>La cuesti\u00f3n de fondo<\/b><\/p>\n<p class=\"\">El caso reabre el debate sobre la responsabilidad ante errores de precio: <b>\u00bfdebe el cliente reparar un fallo ajeno cuando el vendedor ya proces\u00f3 la compra? <\/b>Los expertos recuerdan que cada situaci\u00f3n debe analizarse seg\u00fan sus circunstancias, pero aconsejan siempre conservar toda la documentaci\u00f3n y no precipitarse ante comunicaciones no formales.<\/p>\n<p><img decoding=\"async\" src=\"https:\/\/www.europesays.com\/es\/wp-content\/uploads\/2025\/11\/3TCKDH7WYBAMXNL5LW4FQKB5HY.jpg\" alt=\"Compra un iPad Air M3 por lo que valen dos pizzas, la tienda exige la devoluci\u00f3n alegando ser un error y un abogado zanja el asunto\" height=\"675\" width=\"1600\"   loading=\"lazy\"\/>Noticias relacionadas<\/p>\n<p class=\"\">Sigue el <a href=\"https:\/\/twitter.com\/MeriStation?s=20\" target=\"_blank\" rel=\"noopener nofollow\">canal de MeriStation en Twitter<\/a>. Tu web de videojuegos y de entretenimiento, para conocer todas las noticias, novedades y \u00faltima hora sobre el mundo del videojuego, cine, series, manga y anime. Avances, an\u00e1lisis, entrevistas, tr\u00e1ileres, gameplays, podcasts y mucho m\u00e1s.<\/p>\n<p class=\"\">\u00a1Suscr\u00edbete! Si est\u00e1s interesado en licenciar este contenido, pincha <a href=\"https:\/\/profesional.elpais.com\/soluciones-sindicacion?utm_medium=interno&amp;utm_source=crosslinking&amp;utm_campaign=sindicacion_as_pie_articulos\" target=\"_blank\" rel=\"nofollow noopener\" title=\"https:\/\/profesional.elpais.com\/soluciones-sindicacion?utm_medium=interno&amp;utm_source=crosslinking&amp;utm_campaign=sindicacion_as_pie_articulos\">aqu\u00ed<\/a>.<\/p>\n<p><script async src=\"https:\/\/platform.twitter.com\/widgets.js\" charset=\"utf-8\"><\/script><\/p>\n","protected":false},"excerpt":{"rendered":"El pasado 8 de noviembre, varios clientes encontraron en la web de MediaWarkt Italia una oferta aparentemente imposible:&hellip;\n","protected":false},"author":2,"featured_media":256463,"comment_status":"","ping_status":"","sticky":false,"template":"","format":"standard","meta":{"footnotes":""},"categories":[80],"tags":[82,95,94,25,24,23],"class_list":{"0":"post-256462","1":"post","2":"type-post","3":"status-publish","4":"format-standard","5":"has-post-thumbnail","7":"category-economia","8":"tag-business","9":"tag-economia","10":"tag-economy","11":"tag-es","12":"tag-espana","13":"tag-spain"},"share_on_mastodon":{"url":"https:\/\/pubeurope.com\/@es\/115615201393290936","error":""},"_links":{"self":[{"href":"https:\/\/www.europesays.com\/es\/wp-json\/wp\/v2\/posts\/256462","targetHints":{"allow":["GET"]}}],"collection":[{"href":"https:\/\/www.europesays.com\/es\/wp-json\/wp\/v2\/posts"}],"about":[{"href":"https:\/\/www.europesays.com\/es\/wp-json\/wp\/v2\/types\/post"}],"author":[{"embeddable":true,"href":"https:\/\/www.europesays.com\/es\/wp-json\/wp\/v2\/users\/2"}],"replies":[{"embeddable":true,"href":"https:\/\/www.europesays.com\/es\/wp-json\/wp\/v2\/comments?post=256462"}],"version-history":[{"count":0,"href":"https:\/\/www.europesays.com\/es\/wp-json\/wp\/v2\/posts\/256462\/revisions"}],"wp:featuredmedia":[{"embeddable":true,"href":"https:\/\/www.europesays.com\/es\/wp-json\/wp\/v2\/media\/256463"}],"wp:attachment":[{"href":"https:\/\/www.europesays.com\/es\/wp-json\/wp\/v2\/media?parent=256462"}],"wp:term":[{"taxonomy":"category","embeddable":true,"href":"https:\/\/www.europesays.com\/es\/wp-json\/wp\/v2\/categories?post=256462"},{"taxonomy":"post_tag","embeddable":true,"href":"https:\/\/www.europesays.com\/es\/wp-json\/wp\/v2\/tags?post=256462"}],"curies":[{"name":"wp","href":"https:\/\/api.w.org\/{rel}","templated":true}]}}