{"id":256466,"date":"2025-11-26T09:06:09","date_gmt":"2025-11-26T09:06:09","guid":{"rendered":"https:\/\/www.europesays.com\/es\/256466\/"},"modified":"2025-11-26T09:06:09","modified_gmt":"2025-11-26T09:06:09","slug":"sanchez-vuelve-a-dar-la-cara-por-garcia-ortiz-ante-un-critico-feijoo","status":"publish","type":"post","link":"https:\/\/www.europesays.com\/es\/256466\/","title":{"rendered":"S\u00e1nchez vuelve a dar la cara por Garc\u00eda Ortiz ante un cr\u00edtico Feij\u00f3o"},"content":{"rendered":"<p>Ven\u00eda por primera vez el presidente del Gobierno, Pedro S\u00e1nchez, al Congreso de los Diputados desde que el Tribunal Supremo inhabilitase al fiscal general del Estado, \u00c1lvaro Garc\u00eda Ortiz, por revelaci\u00f3n de datos de Alberto Gonz\u00e1lez Amador, novio de la presidenta de la Comunidad de Madrid, Isabel D\u00edaz Ayuso. Y ese tema ha sido la punta de lanza del l\u00edder del PP, Alberto N\u00fa\u00f1ez Feij\u00f3o, en la sesi\u00f3n de control de este mi\u00e9rcoles. <\/p>\n<p>\u00abDurante este bochorno ha dicho al Supremo como tiene que sentenciar y al fiscal c\u00f3mo recurrir. Menos de presidente hace de todo. En su d\u00eda dijo que qui\u00e9n iba a pedir perd\u00f3n al fiscal general, visto lo visto, \u00bfqui\u00e9n va a pedir perd\u00f3n a lso espa\u00f1oles?\u00bb, ha cuestionado Feij\u00f3o a S\u00e1nchez. <\/p>\n<p>El presidente del Gobierno no ha reculado en su mensaje lanzado desde que se conoci\u00f3 el fallo, y vuelve a hacer una defensa f\u00e9rrea de Garc\u00eda Ortiz. \u00abEntre la verdad y la mentira este Gobierno siempre va a estar con la verdad\u00bb, ha replicado S\u00e1nchez a Feij\u00f3o. <\/p>\n<p>\u00abEntre periodistas que exculpan en su testimonio y el jefe de gabinete de Ayuso que admite que difundi\u00f3 un bulo para cubrir la espalda de la se\u00f1ora Ayuso, este Gobierno y yo mismo, estamos siempre con la verdad\u00bb, ha insistido.<\/p>\n<p>Tanto S\u00e1nchez como otros miembros del Gobierno posteriormente han repetido en varias ocasiones que respetan el fallo, a la espera de que se conozca el contenido de la sentencia. <\/p>\n<p>\u00abEste Gobierno acata el fallo. Espa\u00f1a y Europa cuenta sistemas garantistas y hay mucha gente entre la que me incluyo, que cree que el tiempo pondr\u00e1 cosas en su sitio\u00bb, ha insistido el presidente del Gobierno. Adem\u00e1s, aprovechando el choque por la fiscal\u00eda, S\u00e1nchez ha puesto en valor a la sucesora de Garc\u00eda Ortiz, Teresa Peramato. \u00abEl Gobierno ha hecho lo que le corresponde, proponer una mujer de dilatada trayectoria, reconocida, independiente y feminista\u00bb,ha defendido. <\/p>\n<p>Pero el acato del fallo no ha valido a Feij\u00f3o, que ha insistido en la cr\u00edtica. \u00abConocen la sentencia y est\u00e1n en contra, cada vez es usted m\u00e1s peligroso para la democracia Espa\u00f1ola. Si gobernara respetar\u00eda a los jueces, cosa que no hace, aprobar\u00eda presupuestos, un debate estado de la naci\u00f3n cada a\u00f1o y no cada siete, estar\u00eda con los problemas de los espa\u00f1oles, con la vivienda, la compra, la inmigraci\u00f3n y la pobreza. Pero usted est\u00e1 aqu\u00ed solo de cuerpo presente porque la mente la tiene a las puertas del Supremo a ver lo que ocurre ma\u00f1ana\u00bb, ha respondido Feij\u00f3o en alusi\u00f3n a la declaraci\u00f3n de este jueves de su exministro Jos\u00e9 Luis \u00c1balos y su exasesor Koldo Garc\u00eda por el caso Koldo. <\/p>\n","protected":false},"excerpt":{"rendered":"Ven\u00eda por primera vez el presidente del Gobierno, Pedro S\u00e1nchez, al Congreso de los Diputados desde que el&hellip;\n","protected":false},"author":2,"featured_media":256467,"comment_status":"","ping_status":"","sticky":false,"template":"","format":"standard","meta":{"footnotes":""},"categories":[8],"tags":[17,18,25,24,13,14,11,19,20,9,10,15,16,23,12,21,22],"class_list":{"0":"post-256466","1":"post","2":"type-post","3":"status-publish","4":"format-standard","5":"has-post-thumbnail","7":"category-espana","8":"tag-breaking-news","9":"tag-breakingnews","10":"tag-es","11":"tag-espana","12":"tag-featured-news","13":"tag-featurednews","14":"tag-headlines","15":"tag-latest-news","16":"tag-latestnews","17":"tag-news","18":"tag-noticias","19":"tag-noticias-destacadas","20":"tag-noticiasdestacadas","21":"tag-spain","22":"tag-titulares","23":"tag-ultimas-noticias","24":"tag-ultimasnoticias"},"share_on_mastodon":{"url":"https:\/\/pubeurope.com\/@es\/115615208839227058","error":""},"_links":{"self":[{"href":"https:\/\/www.europesays.com\/es\/wp-json\/wp\/v2\/posts\/256466","targetHints":{"allow":["GET"]}}],"collection":[{"href":"https:\/\/www.europesays.com\/es\/wp-json\/wp\/v2\/posts"}],"about":[{"href":"https:\/\/www.europesays.com\/es\/wp-json\/wp\/v2\/types\/post"}],"author":[{"embeddable":true,"href":"https:\/\/www.europesays.com\/es\/wp-json\/wp\/v2\/users\/2"}],"replies":[{"embeddable":true,"href":"https:\/\/www.europesays.com\/es\/wp-json\/wp\/v2\/comments?post=256466"}],"version-history":[{"count":0,"href":"https:\/\/www.europesays.com\/es\/wp-json\/wp\/v2\/posts\/256466\/revisions"}],"wp:featuredmedia":[{"embeddable":true,"href":"https:\/\/www.europesays.com\/es\/wp-json\/wp\/v2\/media\/256467"}],"wp:attachment":[{"href":"https:\/\/www.europesays.com\/es\/wp-json\/wp\/v2\/media?parent=256466"}],"wp:term":[{"taxonomy":"category","embeddable":true,"href":"https:\/\/www.europesays.com\/es\/wp-json\/wp\/v2\/categories?post=256466"},{"taxonomy":"post_tag","embeddable":true,"href":"https:\/\/www.europesays.com\/es\/wp-json\/wp\/v2\/tags?post=256466"}],"curies":[{"name":"wp","href":"https:\/\/api.w.org\/{rel}","templated":true}]}}