{"id":256472,"date":"2025-11-26T09:13:13","date_gmt":"2025-11-26T09:13:13","guid":{"rendered":"https:\/\/www.europesays.com\/es\/256472\/"},"modified":"2025-11-26T09:13:13","modified_gmt":"2025-11-26T09:13:13","slug":"mas-de-1-500-personas-entran-en-el-sorteo-para-participar-en-la-far-west-race-de-calatayud","status":"publish","type":"post","link":"https:\/\/www.europesays.com\/es\/256472\/","title":{"rendered":"M\u00e1s de 1.500 personas entran en el sorteo para participar en la Far West Race de Calatayud"},"content":{"rendered":"<p>            M\u00e1s de 1.500 personas entran en el sorteo para participar en la Far West Race de Calatayud                <\/p>\n<p>M\u00e1s de 1.500 personas entran en el sorteo para participar en la Far West Race de Calatayud<\/p>\n<p class=\"epigraph\">La prueba ciclista de monta\u00f1a por la sierra de Armantes se celebrar\u00e1 el 7 y 8 de marzo de 2026 y contar\u00e1 con 500 plazas de inscripci\u00f3n que adjudicar\u00e1n aleatoriamente.<\/p>\n<p class=\"paragraph\">La carrera ciclista de monta\u00f1a Far West Race by Scott, que discurres por varios municipios de la comarca de Calatayud en el entorno de la sierra de Armantes, celebrar\u00e1 su pr\u00f3xima edici\u00f3n el fin de semana del 7 y 8 de marzo de 2026. Como una de las principales novedades, l<b>as 500 plazas disponibles para inscripciones se adjudicar\u00e1n de forma aleatoria mediante un sorteo. <\/b>En el particular &#8216;bombo&#8217; han entrado <b>m\u00e1s de 1.500 personas que se registraron previamente entre el 14 y el 23 de noviembre.<\/b> As\u00ed, este mi\u00e9rcoles, y ante notario, se otorgar\u00e1n las credenciales, que tendr\u00e1n que formalizarse entre el 28 de noviembre y el 7 de diciembre.<\/p>\n<p>            Conforme a los criterios de<br \/>\n            <a class=\"trustproject_img\" id=\"trustproject_img\" href=\"https:\/\/thetrustproject.org\/\" target=\"_blank\" rel=\"nofollow noopener\" aria-label=\"Trust Project\"><img decoding=\"async\" loading=\"lazy\" src=\"https:\/\/www.heraldo.es\/images\/Trust-Logo-Horizontal.svg\" alt=\"Logo Trust Project\" width=\"200\" height=\"34\"\/><\/a><\/p>\n<p>                <img decoding=\"async\" loading=\"lazy\" src=\"https:\/\/www.europesays.com\/es\/wp-content\/uploads\/2025\/11\/jorge-zorraquin.jpeg\" class=\"author-image\" width=\"120\" height=\"120\" alt=\"Jorge Zorraqu\u00edn\"\/><\/p>\n<p>        <a href=\"https:\/\/www.henneo.com\/\" title=\"Grupo Henneo\" class=\"logo\" rel=\"nofollow noopener\" target=\"_blank\"><br \/>\n            <img decoding=\"async\" src=\"https:\/\/www.heraldo.es\/images\/logo_henneo_gris.svg\" alt=\"Logo Henneo\" width=\"559\" height=\"389\" loading=\"lazy\"\/><br \/>\n        <\/a><\/p>\n<p>\u00a9 HERALDO DE ARAGON EDITORA, S.L.U.<br \/>Tel\u00e9fono 976 765 000 \/ &#8211; P\u00ba. Independencia, 29, 50001 Zaragoza &#8211; CIF: B99288763 &#8211; Inscrita en el Registro Mercantil de Zaragoza al Tomo 3796, Libro 0, Folio 177, Secci\u00f3n 8, Hoja Z-50564<br \/>Queda prohibida toda reproducci\u00f3n sin permiso escrito de la empresa a los efectos del art\u00edculo 32.1, p\u00e1rrafo segundo, de la Ley de Propiedad Intelectual<\/p>\n<p>\n                P\u00ba Independencia, 29, 50001 Zaragoza<br \/> Tel\u00e9fono 976 765 000\n            <\/p>\n<p>                    Actualmente tu navegador no permite ejecutar JavaScript. Para poder disfrutar de nuestro contenido es necesario que lo permita.<br \/>\n                                        <img decoding=\"async\" loading=\"lazy\" alt=\"Heraldo logo\" src=\"https:\/\/dkumiip2e9ary.cloudfront.net\/xalok\/heraldo\/especiales\/hola-de-nuevo\/logo-heraldo.svg\" width=\"215\" height=\"43\"\/><\/p>\n","protected":false},"excerpt":{"rendered":"M\u00e1s de 1.500 personas entran en el sorteo para participar en la Far West Race de Calatayud M\u00e1s&hellip;\n","protected":false},"author":2,"featured_media":256473,"comment_status":"","ping_status":"","sticky":false,"template":"","format":"standard","meta":{"footnotes":""},"categories":[273],"tags":[49918,313,312,168,17574,25,24,1420,3477,886,23,167],"class_list":{"0":"post-256472","1":"post","2":"type-post","3":"status-publish","4":"format-standard","5":"has-post-thumbnail","7":"category-ciclismo","8":"tag-calatayud","9":"tag-ciclismo","10":"tag-cycling","11":"tag-deportes","12":"tag-entran","13":"tag-es","14":"tag-espana","15":"tag-participar","16":"tag-personas","17":"tag-sorteo","18":"tag-spain","19":"tag-sports"},"share_on_mastodon":{"url":"https:\/\/pubeurope.com\/@es\/115615237446086572","error":""},"_links":{"self":[{"href":"https:\/\/www.europesays.com\/es\/wp-json\/wp\/v2\/posts\/256472","targetHints":{"allow":["GET"]}}],"collection":[{"href":"https:\/\/www.europesays.com\/es\/wp-json\/wp\/v2\/posts"}],"about":[{"href":"https:\/\/www.europesays.com\/es\/wp-json\/wp\/v2\/types\/post"}],"author":[{"embeddable":true,"href":"https:\/\/www.europesays.com\/es\/wp-json\/wp\/v2\/users\/2"}],"replies":[{"embeddable":true,"href":"https:\/\/www.europesays.com\/es\/wp-json\/wp\/v2\/comments?post=256472"}],"version-history":[{"count":0,"href":"https:\/\/www.europesays.com\/es\/wp-json\/wp\/v2\/posts\/256472\/revisions"}],"wp:featuredmedia":[{"embeddable":true,"href":"https:\/\/www.europesays.com\/es\/wp-json\/wp\/v2\/media\/256473"}],"wp:attachment":[{"href":"https:\/\/www.europesays.com\/es\/wp-json\/wp\/v2\/media?parent=256472"}],"wp:term":[{"taxonomy":"category","embeddable":true,"href":"https:\/\/www.europesays.com\/es\/wp-json\/wp\/v2\/categories?post=256472"},{"taxonomy":"post_tag","embeddable":true,"href":"https:\/\/www.europesays.com\/es\/wp-json\/wp\/v2\/tags?post=256472"}],"curies":[{"name":"wp","href":"https:\/\/api.w.org\/{rel}","templated":true}]}}