{"id":256486,"date":"2025-11-26T09:23:07","date_gmt":"2025-11-26T09:23:07","guid":{"rendered":"https:\/\/www.europesays.com\/es\/256486\/"},"modified":"2025-11-26T09:23:07","modified_gmt":"2025-11-26T09:23:07","slug":"el-cd-tenerife-edi-completa-la-fase-1-de-laliga-genuine-moeve-25-26-cd-tenerife","status":"publish","type":"post","link":"https:\/\/www.europesays.com\/es\/256486\/","title":{"rendered":"El CD Tenerife EDI completa la Fase 1 de LALIGA GENUINE Moeve 25\/26 | CD Tenerife"},"content":{"rendered":"<p>El CD Tenerife EDI complet\u00f3 el pasado fin de semana, en las instalaciones del Mediterranean Sports Hub de Tarragona, la Fase 1 de LALIGA GENUINE Moeve 2025\/2026. As\u00ed, el conjunto dirigido por Eduardo B\u00e1ez pudo disfrutar, desde el viernes, 21 de noviembre, de tres d\u00edas de convivencia con los otros 49 clubes que conforman la competici\u00f3n impulsada por la Fundaci\u00f3n LALIGA.<\/p>\n<p>Antes del inicio de la competici\u00f3n, el CD Tenerife EDI, junto al resto de conjuntos participantes, pudieron disfrutar de una jornada de emoci\u00f3n y diversi\u00f3n en las instalaciones de PortAventura. Tras una divertida ma\u00f1ana el parque, todos los conjuntos participaron en un almuerzo conjunto, que fue amenizado con m\u00fasica en directo.<\/p>\n<p>Ya por la tarde del mismo viernes, los 50 equipos se dirigieron al Nou Estadi Costa Daurada, hogar del Gimn\u00e1stic de Tarragona, para asistir a la ceremonia de inauguraci\u00f3n de LALIGA GENUINE Moeve 25\/26. All\u00ed, el CD Tenerife EDI realiz\u00f3 el tradicional desfile de banderas, con los jugadores Sergio Hicks y Carlos Jorge, adem\u00e1s del t\u00e9cnico Ricardo de Carlos; como abanderados.<\/p>\n<p>El equipo de Eduardo B\u00e1ez, encuadrado en esta temporada en el Grupo Respeto de la competici\u00f3n, comenz\u00f3 sus partidos de la Fase el s\u00e1bado, 22 de noviembre, logrando dos victorias ante RCD Mallorca, en la sesi\u00f3n matinal; y CA Osasuna, en la jornada vespertina. Ya el domingo, el equipo blanquiazul complet\u00f3 el trabajo con su tercer triunfo en Tarragona, ante el FC Cartagena.<\/p>\n<p>M\u00e1s all\u00e1 de los resultados, Artamy Rodr\u00edguez, director de proyectos de la Fundaci\u00f3n CD Tenerife, destaca su alegr\u00eda por \u201chaber desplegado toda la inclusi\u00f3n, diversi\u00f3n y trabajo que hemos realizado durante estos meses\u201d. A su vez, Rodr\u00edguez tambi\u00e9n destaca la importancia de eventos como LALIGA GENUINE Moeve, en los que la entidad blanquiazul pueda demostrar que es una referencia inclusiva en la Isla.<\/p>\n<p>Sobre el proyecto DISAF\u00cdO, F\u00fatbol Canario por la Inclusi\u00f3n, Artamy Rodr\u00edguez afirma que el objetivo es dar a conocer este proyecto, impulsado por el Gobierno de Canarias, \u201cm\u00e1s all\u00e1 de las fronteras de nuestra regi\u00f3n\u201d. De la misma manera, el director de proyectos de la Fundaci\u00f3n asegura que esta edici\u00f3n del proyecto ser\u00e1 \u201cm\u00e1s exitosa\u201d que las anteriores.<\/p>\n<p>Tras la conclusi\u00f3n de la convivencia en Tarragona, LALIGA GENUINE Moeve 25\/26 tiene programada su Fase 2 en los meses de enero, febrero y marzo, en las ciudades de C\u00e1diz y Gij\u00f3n, para luego disputar la Fase 3 en Granada y Burgos. La competici\u00f3n finalizara este a\u00f1o en el mes de junio, cuando la Ciudad del F\u00fatbol de Las Rozas acoja la \u00faltima fase.<\/p>\n<p><strong>Sobre LALIGA GENUINE Moeve<\/strong><\/p>\n<p>LALIGA GENUINE Moeve es un innovador proyecto de responsabilidad social, \u00fanico en el mundo y promovido por LALIGA, a trav\u00e9s de su Fundaci\u00f3n. Reservada a equipos formados por personas con Discapacidad Intelectual (DI), el inicio del proyecto se remonta al a\u00f1o 2016, cuando \u00c1lvaro y Rub\u00e9n, dos fieles seguidores del Gimn\u00e1stic de Tarragona con S\u00edndrome de Down, fueron recibidos por Javier Tebas, presidente de la organizaci\u00f3n.<\/p>\n<p>Aquella cita, en la que \u00c1lvaro y Rub\u00e9n trasladaron a Tebas su aspiraci\u00f3n de que existiera una competici\u00f3n donde personas como ellos pudieran disfrutar del deporte en plenitud, sirvi\u00f3 como punto de arranque de LALIGA GENUINE Moeve. En la actualidad, LALIGA GENUINE Moeve cuenta con 50 equipos participantes, tras la llegada en la presente temporada de CD Mirand\u00e9s, de la Cultural y Deportiva Leonesa y la AD Ceuta.<\/p>\n<p>Adem\u00e1s de la propia competici\u00f3n, el proyecto ha servido en las \u00faltimas temporadas como veh\u00edculo de introducci\u00f3n de diferentes programas de formaci\u00f3n e inclusi\u00f3n laboral que fomentan una integraci\u00f3n social genuina de las personas del colectivo DI.\u00a0<\/p>\n<p>#Fundaci\u00f3nCDT #DISAF\u00cdO #LALIGAGENUINEMoeve #LaBregaNosUne<\/p>\n","protected":false},"excerpt":{"rendered":"El CD Tenerife EDI complet\u00f3 el pasado fin de semana, en las instalaciones del Mediterranean Sports Hub de&hellip;\n","protected":false},"author":2,"featured_media":256487,"comment_status":"","ping_status":"","sticky":false,"template":"","format":"standard","meta":{"footnotes":""},"categories":[93],"tags":[168,25,24,23,167],"class_list":{"0":"post-256486","1":"post","2":"type-post","3":"status-publish","4":"format-standard","5":"has-post-thumbnail","7":"category-deportes","8":"tag-deportes","9":"tag-es","10":"tag-espana","11":"tag-spain","12":"tag-sports"},"share_on_mastodon":{"url":"https:\/\/pubeurope.com\/@es\/115615275842019480","error":""},"_links":{"self":[{"href":"https:\/\/www.europesays.com\/es\/wp-json\/wp\/v2\/posts\/256486","targetHints":{"allow":["GET"]}}],"collection":[{"href":"https:\/\/www.europesays.com\/es\/wp-json\/wp\/v2\/posts"}],"about":[{"href":"https:\/\/www.europesays.com\/es\/wp-json\/wp\/v2\/types\/post"}],"author":[{"embeddable":true,"href":"https:\/\/www.europesays.com\/es\/wp-json\/wp\/v2\/users\/2"}],"replies":[{"embeddable":true,"href":"https:\/\/www.europesays.com\/es\/wp-json\/wp\/v2\/comments?post=256486"}],"version-history":[{"count":0,"href":"https:\/\/www.europesays.com\/es\/wp-json\/wp\/v2\/posts\/256486\/revisions"}],"wp:featuredmedia":[{"embeddable":true,"href":"https:\/\/www.europesays.com\/es\/wp-json\/wp\/v2\/media\/256487"}],"wp:attachment":[{"href":"https:\/\/www.europesays.com\/es\/wp-json\/wp\/v2\/media?parent=256486"}],"wp:term":[{"taxonomy":"category","embeddable":true,"href":"https:\/\/www.europesays.com\/es\/wp-json\/wp\/v2\/categories?post=256486"},{"taxonomy":"post_tag","embeddable":true,"href":"https:\/\/www.europesays.com\/es\/wp-json\/wp\/v2\/tags?post=256486"}],"curies":[{"name":"wp","href":"https:\/\/api.w.org\/{rel}","templated":true}]}}