{"id":25649,"date":"2025-08-04T19:05:06","date_gmt":"2025-08-04T19:05:06","guid":{"rendered":"https:\/\/www.europesays.com\/es\/25649\/"},"modified":"2025-08-04T19:05:06","modified_gmt":"2025-08-04T19:05:06","slug":"diego-camargo-se-impone-en-un-sprint-a-tres-en-la-cuarta-etapa-de-la-vuelta-a-colombia","status":"publish","type":"post","link":"https:\/\/www.europesays.com\/es\/25649\/","title":{"rendered":"Diego Camargo se impone en un sprint a tres en la cuarta etapa de la Vuelta a Colombia"},"content":{"rendered":"<p>\t\t\t&#13;<br \/>\n&#13;<\/p>\n<p><img loading=\"lazy\" decoding=\"async\" src=\"https:\/\/www.europesays.com\/es\/wp-content\/uploads\/2025\/08\/diego-camargo-vuelta-colombia-et4-2025-fedecolombia-wh.jpg\" width=\"556\" height=\"418\" class=\"setborder\" alt=\"Diego Camargo se impone en un sprint a tres en la cuarta etapa de la Vuelta a Colombia\" title=\"Diego Camargo se impone en un sprint a tres en la cuarta etapa de la Vuelta a Colombia\"\/><br \/>\n&#13;<br \/>\n&#13;<br \/>\n&#13;<br \/>\n<a href=\"https:\/\/www.esciclismo.com\/actualidad\/esciclismo\/\" rel=\"nofollow noopener\" target=\"_blank\">EsCiclismo.com<\/a> \u00b7 <a href=\"https:\/\/www.esciclismo.com\/actualidad\/carretera\/\" rel=\"nofollow noopener\" target=\"_blank\">Competici\u00f3n Carretera<\/a>  \u00b7 04\/08\/2025<\/p>\n<p>La 75\u00aa edici\u00f3n de la Vuelta a Colombia afront\u00f3 este lunes 4 de agosto una jornada pr\u00e1cticamente llana de 152 km entre Duitama y el Alto del Cogollo, \u00fanica dificultad de la jornada, con cinco vueltas al circuito previa modificaci\u00f3n de recorrido por motivos de orden p\u00fablico. Diego Andr\u00e9s Camargo (Medell\u00edn-EPM) se impuso en un reducido sprint a tres a sus compa\u00f1eros de fuga, firmando su segunda victoria parcial y consolid\u00e1ndose en los primeros puestos de la general.<\/p>\n<p>&#13;<\/p>\n<p><b id=\"P1\"\/>La salida neutralizada se dio a las 08:00 (15:00 CET) desde el Parque Los Libertadores de Duitama. Tras los primeros kil\u00f3metros de control en pelot\u00f3n, se form\u00f3 la escapada buena de seis corredores que alcanz\u00f3 hasta 1 minuto y 20 segundos de ventaja: Edwin Pati\u00f1o (Boyac\u00e1 es Para Vivirla), Cristian V\u00e9lez (GW Shimano), \u00d3liver Navarro (Supergiros), Nicol\u00e1s Paredes (Orgullo Paisa), Yeison Reyes (Orgullo Paisa) y Rodrigo Contreras (Nu Colombia). V\u00e9lez se impuso en dos metas volantes, mientras Pati\u00f1o firm\u00f3 la primera, pero las hostilidades definitivas llegaron ya en el Alto del Cogollo, donde Contreras dej\u00f3 a sus compa\u00f1eros camino de los kil\u00f3metros finales.<\/p>\n<p>&#13;<\/p>\n<p>En el tramo decisivo, Camargo y Wilson Estiben Pe\u00f1a (Sistecr\u00e9dito) conectaron con Contreras para afrontar juntos el repecho final. En el sprint a tres, Camargo fue el m\u00e1s r\u00e1pido, con Contreras a un segundo y Pe\u00f1a a dos.<\/p>\n<p>&#13;<\/p>\n<p><b id=\"P2\"\/>El veterano ciclista espa\u00f1ol \u00d3scar Sevilla (Medell\u00edn-EPM) se retir\u00f3 en el transcurso de la etapa por motivos de salud.<\/p>\n<p>&#13;<br \/>\nPr\u00f3xima etapa&#13;<\/p>\n<p><b id=\"P3\"\/>La quinta etapa tendr\u00e1 lugar el martes 5 de agosto entre Duitama y Tocancip\u00e1 (150,9 km y 1.845 m de desnivel). El trazado incluye el Alto del Moral (4\u00aa cat.) en el km 59, el Alto de Ventaquemada (3\u00aa cat.) en el km 86,5 y el Alto El Sisga (4\u00aa cat.) en el km 127,5, adem\u00e1s de tres metas volantes. Un nuevo desaf\u00edo de media monta\u00f1a antes de la alta monta\u00f1a decisiva.  <\/p>\n<p>&#13;<\/p>\n<p><b>Clasificaciones de la Vuelta a Colombia 2025 &#8211; Etapa 4<\/b><\/p>\n<p>&#13;<\/p>\n<p><b id=\"P4\"\/><b>Clasificaci\u00f3n de la 4\u00aa etapa:<\/b><br \/>&#13;<br \/>\n1. Diego Andr\u00e9s Camargo (COL\/Medell\u00edn-EPM) &#8211; 2:42:27<br \/>&#13;<br \/>\n2. Rodrigo Contreras (COL\/Nu Colombia) a 0:01<br \/>&#13;<br \/>\n3. Wilson Estiben Pe\u00f1a (COL\/Sistecr\u00e9dito) a 0:02<br \/>&#13;<br \/>\n4. Javier Jamaica (COL\/Nu Colombia) a 0:30<br \/>&#13;<br \/>\n5. Yeison Sebasti\u00e1n Reyes (COL\/Orgullo Paisa) a 0:36<br \/>&#13;<br \/>\n6. Cristian Camilo Mu\u00f1oz (COL\/Nu Colombia) a 0:40<br \/>&#13;<br \/>\n7. Luis Daniel Oses (CRC\/7C-Economy) a 0:50<br \/>&#13;<br \/>\n8. Edgar Andr\u00e9s Pinz\u00f3n (COL\/GW-Erco-Shimano) a 0:55<br \/>&#13;<br \/>\n9. Robert Andr\u00e9s Plazas (COL\/Energ\u00eda de Boyac\u00e1) a 0:59<br \/>&#13;<br \/>\n10. Sebasti\u00e1n Casta\u00f1o (COL\/Sistecr\u00e9dito) a 1:00<\/p>\n<p>&#13;<\/p>\n<p><b>Clasificaci\u00f3n general:<\/b><br \/>&#13;<br \/>\n1. Rodrigo Contreras (COL\/Nu Colombia) &#8211; 12:22:20<br \/>&#13;<br \/>\n2. Diego Andr\u00e9s Camargo (COL\/Medell\u00edn-EPM) a 2:31<br \/>&#13;<br \/>\n3. Yeison Sebasti\u00e1n Reyes (COL\/Orgullo Paisa) a 4:26<br \/>&#13;<br \/>\n4. Javier Jamaica (COL\/Nu Colombia) a 5:07<br \/>&#13;<br \/>\n5. Wilson Estiben Pe\u00f1a (COL\/Sistecr\u00e9dito) a 5:15<br \/>&#13;<br \/>\n6. Yesid Albeiro Pira (COL\/Hino-One-La Red) a 6:58<br \/>&#13;<br \/>\n7. Sebasti\u00e1n Casta\u00f1o (COL\/Sistecr\u00e9dito) a 7:25<br \/>&#13;<br \/>\n8. Cristian Camilo Mu\u00f1oz (COL\/Nu Colombia) a 8:13<br \/>&#13;<br \/>\n9. \u00d3scar Hern\u00e1n Fern\u00e1ndez (COL\/Medell\u00edn-EPM) a 8:54<br \/>&#13;<br \/>\n10. Luis Daniel Oses (CRC\/7C-Economy) a 9:09<\/p>\n<p>&#13;<br \/>\n&#13;<br \/>\n&#13;<br \/>\nEsCiclismo &#8211; Todos los derechos reservados. Est\u00e1 prohibido todo tipo de reproducci\u00f3n sin autorizaci\u00f3n expresa escrita.<br \/>&#13;<br \/>\n&#13;<\/p>\n<blockquote class=\"style-3\"><p>\ud83d\udce3<\/p>\n<p>Sigue toda la actualidad del mundo del ciclismo en nuestros canales de <a href=\"https:\/\/bit.ly\/WhatsappEsCiclismo\" target=\"_blank\" rel=\"noopener nofollow\"><b>WhatsApp<\/b><\/a> y <a href=\"https:\/\/bit.ly\/EsciclismoTelegram\" target=\"_blank\" rel=\"noopener nofollow\"><b>Telegram<\/b><\/a>, donde recibiras las noticias m\u00e1s destacadas.<\/p>\n<\/blockquote>\n","protected":false},"excerpt":{"rendered":"&#13; &#13; &#13; &#13; &#13; EsCiclismo.com \u00b7 Competici\u00f3n Carretera \u00b7 04\/08\/2025 La 75\u00aa edici\u00f3n de la Vuelta a&hellip;\n","protected":false},"author":2,"featured_media":25650,"comment_status":"","ping_status":"","sticky":false,"template":"","format":"standard","meta":{"footnotes":""},"categories":[273],"tags":[313,1803,312,168,2197,25,24,1783,23,167,1357],"class_list":{"0":"post-25649","1":"post","2":"type-post","3":"status-publish","4":"format-standard","5":"has-post-thumbnail","7":"category-ciclismo","8":"tag-ciclismo","9":"tag-colombia","10":"tag-cycling","11":"tag-deportes","12":"tag-edicion","13":"tag-es","14":"tag-espana","15":"tag-la","16":"tag-spain","17":"tag-sports","18":"tag-vuelta"},"share_on_mastodon":{"url":"","error":""},"_links":{"self":[{"href":"https:\/\/www.europesays.com\/es\/wp-json\/wp\/v2\/posts\/25649","targetHints":{"allow":["GET"]}}],"collection":[{"href":"https:\/\/www.europesays.com\/es\/wp-json\/wp\/v2\/posts"}],"about":[{"href":"https:\/\/www.europesays.com\/es\/wp-json\/wp\/v2\/types\/post"}],"author":[{"embeddable":true,"href":"https:\/\/www.europesays.com\/es\/wp-json\/wp\/v2\/users\/2"}],"replies":[{"embeddable":true,"href":"https:\/\/www.europesays.com\/es\/wp-json\/wp\/v2\/comments?post=25649"}],"version-history":[{"count":0,"href":"https:\/\/www.europesays.com\/es\/wp-json\/wp\/v2\/posts\/25649\/revisions"}],"wp:featuredmedia":[{"embeddable":true,"href":"https:\/\/www.europesays.com\/es\/wp-json\/wp\/v2\/media\/25650"}],"wp:attachment":[{"href":"https:\/\/www.europesays.com\/es\/wp-json\/wp\/v2\/media?parent=25649"}],"wp:term":[{"taxonomy":"category","embeddable":true,"href":"https:\/\/www.europesays.com\/es\/wp-json\/wp\/v2\/categories?post=25649"},{"taxonomy":"post_tag","embeddable":true,"href":"https:\/\/www.europesays.com\/es\/wp-json\/wp\/v2\/tags?post=25649"}],"curies":[{"name":"wp","href":"https:\/\/api.w.org\/{rel}","templated":true}]}}