{"id":25651,"date":"2025-08-04T19:06:11","date_gmt":"2025-08-04T19:06:11","guid":{"rendered":"https:\/\/www.europesays.com\/es\/25651\/"},"modified":"2025-08-04T19:06:11","modified_gmt":"2025-08-04T19:06:11","slug":"alpine-no-descansa-y-prueba-en-hungria-algo-fundamental-para-el-2026","status":"publish","type":"post","link":"https:\/\/www.europesays.com\/es\/25651\/","title":{"rendered":"Alpine no descansa y prueba en Hungr\u00eda algo fundamental para el 2026"},"content":{"rendered":"<p>Alpine F1 Team no se fue del\u00a0Hungaroring. <strong>Se quedan a probar luego del GP de Hungr\u00eda<\/strong> <strong>de F\u00f3rmula 1<\/strong>, mientras otras escuadras inician un breve lapso sin viajes ni carreras. La escuder\u00eda donde conducen el argentino <strong>Franco Colapinto<\/strong> y el franc\u00e9s<strong> Pierre Gasly<\/strong> tendr\u00e1 doble test con los neum\u00e1ticos Pirelli del a\u00f1o 2026, <strong>el martes y el mi\u00e9rcoles<\/strong>.\u00a0En principio, se especula con que el estonio <strong>Paul Aron<\/strong> sea el protagonista, al menos en el primer d\u00eda. Esto dejar\u00eda a Colapinto y Gasly para el mi\u00e9rcoles.<\/p>\n<p>La empresa proveedora de neum\u00e1ticos contin\u00faa <strong>desarrollando las gomas que tendr\u00e1 la categor\u00eda m\u00e1xima el a\u00f1o venidero.<\/strong> Mientras McLaren, Ferrari y Racing Bulls tendr\u00e1n un d\u00eda de labores en la pista h\u00fangara, Alpine estar\u00e1 en dos jornadas. En el 2026 se mantendr\u00e1 la medida de <strong>18 pulgadas<\/strong>, pero ser\u00e1n <strong>m\u00e1s angostos<\/strong> que los actuales y con un <strong>di\u00e1metro levemente menor.<\/strong><\/p>\n<p>Despu\u00e9s de estas pruebas, Pirelli tendr\u00e1 seis d\u00edas m\u00e1s de ensayos repartidos en Monza, Mugello y M\u00e9xico.<\/p>\n","protected":false},"excerpt":{"rendered":"Alpine F1 Team no se fue del\u00a0Hungaroring. Se quedan a probar luego del GP de Hungr\u00eda de F\u00f3rmula&hellip;\n","protected":false},"author":2,"featured_media":25652,"comment_status":"","ping_status":"","sticky":false,"template":"","format":"standard","meta":{"footnotes":""},"categories":[270],"tags":[1331,14266,168,25,24,306,6369,271,272,1723,3957,1330,23,167],"class_list":{"0":"post-25651","1":"post","2":"type-post","3":"status-publish","4":"format-standard","5":"has-post-thumbnail","7":"category-formula-1","8":"tag-alpine","9":"tag-alpine-f1-team","10":"tag-deportes","11":"tag-es","12":"tag-espana","13":"tag-f1","14":"tag-flavio-briatore","15":"tag-formula-1","16":"tag-formula1","17":"tag-franco-colapinto","18":"tag-hungria","19":"tag-pierre-gasly","20":"tag-spain","21":"tag-sports"},"share_on_mastodon":{"url":"","error":""},"_links":{"self":[{"href":"https:\/\/www.europesays.com\/es\/wp-json\/wp\/v2\/posts\/25651","targetHints":{"allow":["GET"]}}],"collection":[{"href":"https:\/\/www.europesays.com\/es\/wp-json\/wp\/v2\/posts"}],"about":[{"href":"https:\/\/www.europesays.com\/es\/wp-json\/wp\/v2\/types\/post"}],"author":[{"embeddable":true,"href":"https:\/\/www.europesays.com\/es\/wp-json\/wp\/v2\/users\/2"}],"replies":[{"embeddable":true,"href":"https:\/\/www.europesays.com\/es\/wp-json\/wp\/v2\/comments?post=25651"}],"version-history":[{"count":0,"href":"https:\/\/www.europesays.com\/es\/wp-json\/wp\/v2\/posts\/25651\/revisions"}],"wp:featuredmedia":[{"embeddable":true,"href":"https:\/\/www.europesays.com\/es\/wp-json\/wp\/v2\/media\/25652"}],"wp:attachment":[{"href":"https:\/\/www.europesays.com\/es\/wp-json\/wp\/v2\/media?parent=25651"}],"wp:term":[{"taxonomy":"category","embeddable":true,"href":"https:\/\/www.europesays.com\/es\/wp-json\/wp\/v2\/categories?post=25651"},{"taxonomy":"post_tag","embeddable":true,"href":"https:\/\/www.europesays.com\/es\/wp-json\/wp\/v2\/tags?post=25651"}],"curies":[{"name":"wp","href":"https:\/\/api.w.org\/{rel}","templated":true}]}}