{"id":256511,"date":"2025-11-26T09:43:09","date_gmt":"2025-11-26T09:43:09","guid":{"rendered":"https:\/\/www.europesays.com\/es\/256511\/"},"modified":"2025-11-26T09:43:09","modified_gmt":"2025-11-26T09:43:09","slug":"jose-andres-critica-la-politica-migratoria-de-trump-en-el-hormiguero-no-tiene-cabida-en-el-siglo-xxi-television","status":"publish","type":"post","link":"https:\/\/www.europesays.com\/es\/256511\/","title":{"rendered":"Jos\u00e9 Andr\u00e9s critica la pol\u00edtica migratoria de Trump en \u2018El hormiguero\u2019: \u201cNo tiene cabida en el siglo XXI\u201d | Televisi\u00f3n"},"content":{"rendered":"<p class=\"\">El chef <a href=\"https:\/\/elpais.com\/noticias\/jose-ramon-andres\/\" target=\"_blank\" rel=\"nofollow noopener\" title=\"https:\/\/elpais.com\/noticias\/jose-ramon-andres\/\">Jos\u00e9 Andr\u00e9s<\/a>, instalado desde hace a\u00f1os en Estados Unidos, ha acudido este martes a <a href=\"https:\/\/elpais.com\/noticias\/el-hormiguero\/\" target=\"_blank\" rel=\"nofollow noopener\" title=\"https:\/\/elpais.com\/noticias\/el-hormiguero\/\">El hormiguero<\/a> a promocionar uno de sus libros. En su entrevista, l\u00edder de audiencia al obtener casi dos millones de espectadores de media y un 15% de cuota de pantalla para Antena 3, volvi\u00f3 a cargar contra Donald Trump.<\/p>\n<p class=\"\">Hace unas semanas, el cocinero y activista humanitario hab\u00eda definido la pol\u00edtica migratoria del presidente de Estados Unidos como \u201clas capturas de El planeta de los simios\u201d, en su intervenci\u00f3n <a href=\"https:\/\/www.rac1.cat\/cultura\/20251118\/305224\/jose-andres-xef-trump-buscant-capturant-immigrants-planeta-simis-elmon.html?utm_medium=Social&amp;utm_source=Twitter#Echobox=1763478178\" target=\"_self\" rel=\"nofollow noopener\" title=\"https:\/\/www.rac1.cat\/cultura\/20251118\/305224\/jose-andres-xef-trump-buscant-capturant-immigrants-planeta-simis-elmon.html?utm_medium=Social&amp;utm_source=Twitter#Echobox=1763478178\">en el programa de radio catal\u00e1n El m\u00f3n a RAC1<\/a>.<\/p>\n<p class=\"\">Durante su paso por El hormiguero, Pablo Motos volvi\u00f3 a preguntarle por el asunto. \u201cYo soy un emigrante. Lo he sido en mi propio pa\u00eds, cuando llegu\u00e9 a Catalu\u00f1a desde Asturias, y fuera de \u00e9l. Hay formas y formas de controlar la inmigraci\u00f3n. Y la forma en la que lo est\u00e1 haciendo Trump, no tiene cabida en el siglo XXI\u201d, coment\u00f3 Jos\u00e9 Andr\u00e9s. Y utiliz\u00f3 un argumento que bien podr\u00eda aplicarse a otros pa\u00edses como Espa\u00f1a: \u201cLa mayor\u00eda es gente buena, que contribuye. Que unos pocos sean malos no puede repercutir en la mayor\u00eda de gente que es trabajadora y buena persona\u201d.<\/p>\n<p class=\"\">La organizaci\u00f3n del asturiano, World Central Kitchen, ha ayudado a que llegaran alimentos a los afectados por la DANA de Valencia. \u201cPodr\u00eda haber otra DANA y todav\u00eda no se han aprobado las obras para que los r\u00edos no vuelvan a desbordarse, podr\u00eda volver a pasar lo mismo\u201d, ha lamentado.<\/p>\n<p class=\"\">Su ONG tambi\u00e9n intervino en el conflicto de Gaza, ayudando tanto a civiles palestinos como israel\u00edes. \u201cLos hechos y acciones de nos pocos, no pueden responsabilizar a la mayor\u00eda\u201d, ha explicado el cocinero en el programa de Antena 3.<\/p>\n<p class=\"\">Despu\u00e9s de tratar todos estos temas, Jos\u00e9 Andr\u00e9s espet\u00f3 de forma ir\u00f3nica a Pablo Motos: \u201cPero \u00bfesto no es un programa de comedia?\u201d.<\/p>\n","protected":false},"excerpt":{"rendered":"El chef Jos\u00e9 Andr\u00e9s, instalado desde hace a\u00f1os en Estados Unidos, ha acudido este martes a El hormiguero&hellip;\n","protected":false},"author":2,"featured_media":256512,"comment_status":"","ping_status":"","sticky":false,"template":"","format":"standard","meta":{"footnotes":""},"categories":[171],"tags":[4040,151,352,5813,146,147,25,24,13899,892,5812,14100,23,807,214],"class_list":{"0":"post-256511","1":"post","2":"type-post","3":"status-publish","4":"format-standard","5":"has-post-thumbnail","7":"category-tv","8":"tag-antena-3","9":"tag-atresmedia","10":"tag-donald-trump","11":"tag-el-hormiguero","12":"tag-entertainment","13":"tag-entretenimiento","14":"tag-es","15":"tag-espana","16":"tag-jose-andres","17":"tag-migracion","18":"tag-pablo-motos","19":"tag-solidaridad","20":"tag-spain","21":"tag-television","22":"tag-tv"},"share_on_mastodon":{"url":"https:\/\/pubeurope.com\/@es\/115615354576578865","error":""},"_links":{"self":[{"href":"https:\/\/www.europesays.com\/es\/wp-json\/wp\/v2\/posts\/256511","targetHints":{"allow":["GET"]}}],"collection":[{"href":"https:\/\/www.europesays.com\/es\/wp-json\/wp\/v2\/posts"}],"about":[{"href":"https:\/\/www.europesays.com\/es\/wp-json\/wp\/v2\/types\/post"}],"author":[{"embeddable":true,"href":"https:\/\/www.europesays.com\/es\/wp-json\/wp\/v2\/users\/2"}],"replies":[{"embeddable":true,"href":"https:\/\/www.europesays.com\/es\/wp-json\/wp\/v2\/comments?post=256511"}],"version-history":[{"count":0,"href":"https:\/\/www.europesays.com\/es\/wp-json\/wp\/v2\/posts\/256511\/revisions"}],"wp:featuredmedia":[{"embeddable":true,"href":"https:\/\/www.europesays.com\/es\/wp-json\/wp\/v2\/media\/256512"}],"wp:attachment":[{"href":"https:\/\/www.europesays.com\/es\/wp-json\/wp\/v2\/media?parent=256511"}],"wp:term":[{"taxonomy":"category","embeddable":true,"href":"https:\/\/www.europesays.com\/es\/wp-json\/wp\/v2\/categories?post=256511"},{"taxonomy":"post_tag","embeddable":true,"href":"https:\/\/www.europesays.com\/es\/wp-json\/wp\/v2\/tags?post=256511"}],"curies":[{"name":"wp","href":"https:\/\/api.w.org\/{rel}","templated":true}]}}