{"id":256515,"date":"2025-11-26T09:45:12","date_gmt":"2025-11-26T09:45:12","guid":{"rendered":"https:\/\/www.europesays.com\/es\/256515\/"},"modified":"2025-11-26T09:45:12","modified_gmt":"2025-11-26T09:45:12","slug":"puede-richard-gere-jurar-la-bandera-de-espana-estos-son-los-requisitos","status":"publish","type":"post","link":"https:\/\/www.europesays.com\/es\/256515\/","title":{"rendered":"\u00bfPuede Richard Gere jurar la bandera de Espa\u00f1a? Estos son los requisitos"},"content":{"rendered":"<p class=\"paragraph\">La aventura espa\u00f1ola de <b>Richard Gere  y Alejandra Silva<\/b> result\u00f3 muy breve. Apenas un a\u00f1o despu\u00e9s de desembarcar en una fabulosa mansi\u00f3n en <b>La Moraleja<\/b>, con tres de sus hijos, el pasado octubre <a href=\"https:\/\/www.eldebate.com\/gente\/20251102\/motivo-real-richard-gere-alejandra-silva-han-dicho-adios-vida-madrid_350440.html\" title=\"El motivo real por el que Richard Gere y Alejandra Silva han dicho adi\u00f3s a su vida en Madrid\" rel=\"nofollow noopener\" target=\"_blank\"><b>regresaron a EE.UU<\/b><\/a>. No obstante, sus compromisos profesionales le obligan a tener un pie en Madrid. La empresaria gallega es embajadora de varias marcas y el pasado 5 de noviembre acudi\u00f3 a una cena en la capital organizada por la firma Suarez. Este lunes, el matrimonio regres\u00f3 para presentar en los cines Callao el corto documental Lo que nadie quiere ver, que han realizado de la mano de la organizaci\u00f3n Hogar s\u00ed.<\/p>\n<p class=\"paragraph\">Richard Gere ha comentado en varias ocasiones que es un apasionado de nuestro pa\u00eds. Su mujer, nacida en La Coru\u00f1a, ha confesado que le gustar\u00eda dar un paso m\u00e1s. \u00ab<b>Quiero hacerle espa\u00f1ol, quiero verle jurar bandera<\/b> y hacerle espa\u00f1ol. Su espa\u00f1ol es perfecto, pero no lo quiere decir\u00bb, declar\u00f3 Alejandra Silva. Aunque en realidad a\u00fan no habla con fluidez el castellano.<\/p>\n<p class=\"paragraph\">La Jura de Bandera es un acto solemne y emotivo que se celebra en Espa\u00f1a como una expresi\u00f3n de compromiso y lealtad a la naci\u00f3n. Este acto simboliza el respeto por los valores y principios que representan la bandera espa\u00f1ola y el deber c\u00edvico hacia el pa\u00eds. \u00bfCu\u00e1les son los requisitos que se les pide al personal civil? Desde el<b> Ministerio de Defensa<\/b> se\u00f1alan que hay que tener la nacionalidad espa\u00f1ola, haber cumplido los 18 a\u00f1os y no haber participado en un acto de Jura de Bandera en los \u00faltimos 25 a\u00f1os. En muchos lugares de Espa\u00f1a, se organizan ceremonias de Jura de Bandera abiertas al p\u00fablico en general. La solicitud puede presentarse de forma online o presencial y en fechas pr\u00f3ximas a la realizaci\u00f3n del acto de juramento, la unidad organizadora se pondr\u00e1 en contacto con el solicitante para coordinar los detalles para su participaci\u00f3n.<\/p>\n<p class=\"c-detail__media__subtitle composite_image\">\n<p>        Alejandra Silva y Richard GereStephen Lovekin\/Shutterstock<\/p>\n<p class=\"paragraph\">Richard Gere, al igual que su mujer, cuenta con<b> la nacionalidad espa\u00f1ola y estadounidense<\/b> para no tener problemas en ninguno de los dos pa\u00edses. La pareja se cas\u00f3 en abril de 2018 en el Registro Civil y posteriormente, lo celebraron en su rancho de las afueras de Nueva York. Gere, que es budista, dio la bienvenida a varios monjes tibetanos a la celebraci\u00f3n y Silva tambi\u00e9n se convirti\u00f3 a esta religi\u00f3n.<\/p>\n<p class=\"paragraph\">Entre risas, el actor brome\u00f3 este lunes en Madrid sobre sus or\u00edgenes: <b>\u00abSoy de Galicia desde la antig\u00fcedad\u00bb. <\/b>En m\u00e1s de una ocasi\u00f3n ha ensalzado las costumbres de nuestro pa\u00eds. \u00abTiene una alegr\u00eda muy abierta; los espa\u00f1oles son muy c\u00e1lidos y muy abiertos y est\u00e1n mucho menos estresados que en Estados Unidos\u00bb.<\/p>\n<p class=\"paragraph\">Antes de regresar a EE.UU. viajar\u00e1n a Murcia para apoyar a la <b>Fundaci\u00f3n Aladina<\/b> en el encendido del gran \u00e1rbol de Navidad de la plaza Circular, este viernes. Siempre solidarios han inculcado su esp\u00edritu filantr\u00f3pico a sus hijos. \u00abDesde peque\u00f1itos educamos a nuestros hijos en la compasi\u00f3n\u00bb. El matrimonio tienen dos ni\u00f1os en com\u00fan, Alexander, de seis a\u00f1os, y James, de cinco, nacidos y criados en EE.UU. Por su parte, Alejandra tiene un hijo mayor, Albert, de su matrimonio con el magnate <b>Govind Friedlan <\/b>y el actor tambi\u00e9n es padre de Albert, junto a su ex Carey Lowell.<\/p>\n","protected":false},"excerpt":{"rendered":"La aventura espa\u00f1ola de Richard Gere y Alejandra Silva result\u00f3 muy breve. Apenas un a\u00f1o despu\u00e9s de desembarcar&hellip;\n","protected":false},"author":2,"featured_media":256516,"comment_status":"","ping_status":"","sticky":false,"template":"","format":"standard","meta":{"footnotes":""},"categories":[169],"tags":[177,146,147,25,24,176,175,23],"class_list":{"0":"post-256515","1":"post","2":"type-post","3":"status-publish","4":"format-standard","5":"has-post-thumbnail","7":"category-cine","8":"tag-cine","9":"tag-entertainment","10":"tag-entretenimiento","11":"tag-es","12":"tag-espana","13":"tag-film","14":"tag-movies","15":"tag-spain"},"share_on_mastodon":{"url":"https:\/\/pubeurope.com\/@es\/115615362199376256","error":""},"_links":{"self":[{"href":"https:\/\/www.europesays.com\/es\/wp-json\/wp\/v2\/posts\/256515","targetHints":{"allow":["GET"]}}],"collection":[{"href":"https:\/\/www.europesays.com\/es\/wp-json\/wp\/v2\/posts"}],"about":[{"href":"https:\/\/www.europesays.com\/es\/wp-json\/wp\/v2\/types\/post"}],"author":[{"embeddable":true,"href":"https:\/\/www.europesays.com\/es\/wp-json\/wp\/v2\/users\/2"}],"replies":[{"embeddable":true,"href":"https:\/\/www.europesays.com\/es\/wp-json\/wp\/v2\/comments?post=256515"}],"version-history":[{"count":0,"href":"https:\/\/www.europesays.com\/es\/wp-json\/wp\/v2\/posts\/256515\/revisions"}],"wp:featuredmedia":[{"embeddable":true,"href":"https:\/\/www.europesays.com\/es\/wp-json\/wp\/v2\/media\/256516"}],"wp:attachment":[{"href":"https:\/\/www.europesays.com\/es\/wp-json\/wp\/v2\/media?parent=256515"}],"wp:term":[{"taxonomy":"category","embeddable":true,"href":"https:\/\/www.europesays.com\/es\/wp-json\/wp\/v2\/categories?post=256515"},{"taxonomy":"post_tag","embeddable":true,"href":"https:\/\/www.europesays.com\/es\/wp-json\/wp\/v2\/tags?post=256515"}],"curies":[{"name":"wp","href":"https:\/\/api.w.org\/{rel}","templated":true}]}}