{"id":256521,"date":"2025-11-26T09:48:11","date_gmt":"2025-11-26T09:48:11","guid":{"rendered":"https:\/\/www.europesays.com\/es\/256521\/"},"modified":"2025-11-26T09:48:11","modified_gmt":"2025-11-26T09:48:11","slug":"lolita-sorprende-con-capa-de-invierno-y-botas-de-tacon-bajo-en-la-presentacion-del-documental-flores-para-antonio","status":"publish","type":"post","link":"https:\/\/www.europesays.com\/es\/256521\/","title":{"rendered":"Lolita sorprende con capa de invierno y botas de tac\u00f3n bajo en la presentaci\u00f3n del documental &#8216;Flores para Antonio&#8217;"},"content":{"rendered":"<p data-journey-content=\"true\" data-node-id=\"3\" class=\"css-6wxqfj emevuu60\">Ayer por la noche tuvo lugar en los Cines Callao la <a href=\"https:\/\/www.elle.com\/es\/star-style\/el-estilo-de\/a68016482\/alba-flores-sorprende-junto-rosario-lolita-looks-festival-san-sebastian\/\" target=\"_blank\" data-vars-ga-outbound-link=\"https:\/\/www.elle.com\/es\/star-style\/el-estilo-de\/a68016482\/alba-flores-sorprende-junto-rosario-lolita-looks-festival-san-sebastian\/\" data-vars-ga-ux-element=\"Hyperlink\" data-vars-ga-call-to-action=\"presentaci\u00f3n del documental &#039;Flores para Antonio&#039;\" data-node-id=\"3.1\" class=\"body-link css-103hk4r emevuu60\" rel=\"nofollow noopener\">presentaci\u00f3n del documental &#8216;Flores para Antonio&#8217;<\/a>. Un homenaje que su hija, Alba Flores, le ha querido dedicar al artista despu\u00e9s de una profunda investigaci\u00f3n sobre su vida para mostrar una versi\u00f3n m\u00e1s all\u00e1 del mito. <strong data-node-id=\"3.3\">Llegar\u00e1 a los cines el pr\u00f3ximo 28 de noviembre<\/strong> y en esta ocasi\u00f3n se han vuelto a reunir todo el clan Flores en apoyo a Alba y a su trabajo coincidiendo con el 30 aniversario de la muerte de Antonio.<\/p>\n<p data-journey-content=\"true\" data-node-id=\"6\" class=\"css-6wxqfj emevuu60\">Alba, que ha sido la gran protagonista, ha estado apoyada por sus primos Elena y Guillermo Furiase y su t\u00eda Lolita que, como siempre, nos ha dejado un look ideal del que tomar nota para esta temporada. <strong data-node-id=\"6.1\">La artista de 67 a\u00f1os ha encontrado en la prendas c\u00f3modas y con estilo su zona de confort <\/strong>y, ya sea para <a href=\"https:\/\/www.elle.com\/es\/star-style\/el-estilo-de\/a65247507\/lolita-invitada-boda-67-anos-vestido-caftan-naranja-mejor-vestida\/\" target=\"_blank\" data-vars-ga-outbound-link=\"https:\/\/www.elle.com\/es\/star-style\/el-estilo-de\/a65247507\/lolita-invitada-boda-67-anos-vestido-caftan-naranja-mejor-vestida\/\" data-vars-ga-ux-element=\"Hyperlink\" data-vars-ga-call-to-action=\"sorprendernos con su estilismo de invitada a una boda\" data-node-id=\"6.3\" class=\"body-link css-103hk4r emevuu60\" rel=\"nofollow noopener\">sorprendernos con su estilismo de invitada a una boda<\/a>, o para posar en el photocall de una premiere tan importante para la familia como este. Por eso, nos ha dejado un estilismo perfecto en el que inspirarnos para ir c\u00f3modas y con un punto de estilo en esta \u00e9poca del a\u00f1o.<\/p>\n<p data-journey-content=\"true\" data-node-id=\"9\" class=\"css-6wxqfj emevuu60\">Adem\u00e1s, ha recurrido a una de las lecciones de estilo m\u00e1s habituales que siguen las expertas en moda por lo bien que sienta y lo f\u00e1cil que es de combinar, s\u00ed, hablamos de los <a href=\"https:\/\/www.elle.com\/es\/moda\/noticias\/a45296600\/como-parecer-parecer-mas-estilizada-con-looks-monocolor\/\" target=\"_blank\" data-vars-ga-outbound-link=\"https:\/\/www.elle.com\/es\/moda\/noticias\/a45296600\/como-parecer-parecer-mas-estilizada-con-looks-monocolor\/\" data-vars-ga-ux-element=\"Hyperlink\" data-vars-ga-call-to-action=\"looks monocolor que siempre nos sacan de un apuro\" data-node-id=\"9.1\" class=\"body-link css-103hk4r emevuu60\" rel=\"nofollow noopener\">looks monocolor que siempre nos sacan de un apuro<\/a> y nos aseguran el acierto.<\/p>\n<p>Lolita con capa de invierno para la premiere de &#8216;Flores para Antonio&#8217;<\/p>\n<p data-journey-content=\"true\" data-node-id=\"13\" class=\"css-6wxqfj emevuu60\">La artista eleg\u00eda la elegancia que siempre proporciona un estilismo &#8216;total black&#8217; y ha optado por cederle todo el protagonismo de su look a <strong data-node-id=\"13.1\">esta preciosa capa de lana. Un esencial en el armario de las mujeres m\u00e1s elegantes<\/strong> porque siempre le aporta un punto m\u00e1s de estilo a lo que lleves puesto ese d\u00eda. En este caso, ha combinado esta prenda tan bonita con un pantal\u00f3n negro y un jersey de cuello vuelto con hilo metalizado y terminaba con unos botines de tac\u00f3n bajito, tambi\u00e9n negros, que son una pieza fundamental para lucir con todos los looks que tengas en el armario de esta temporada.<\/p>\n<p><img draggable=\"true\" alt=\"&quot;flores para antonio&quot; premiere\" title=\"&quot;Flores Para Antonio&quot; - Premiere\" loading=\"lazy\" width=\"2667\" height=\"4000\" decoding=\"async\" data-nimg=\"1\" style=\"color:transparent;width:100%;height:auto;\"   src=\"https:\/\/www.europesays.com\/es\/wp-content\/uploads\/2025\/11\/lolita-attends-the-flores-para-antonio-premiere-at-cine-news-photo-1764146948.pjpeg\" class=\"css-0 e1g79fud0\"\/><a target=\"_blank\" rel=\"noopener nofollow\" data-theme-key=\"base-link\" href=\"https:\/\/pinterest.com\/pin\/create\/button\/?url=https:\/\/www.elle.com\/es\/star-style\/el-estilo-de\/a69551727\/lolita-capa-invierno-tendencia-botas-tacon-bajo-documental-antonio\/&amp;description=- ElleSpain&amp;media=https:\/\/hips.hearstapps.com\/hmg-prod\/images\/lolita-attends-the-flores-para-antonio-premiere-at-cine-news-photo-1764146948.pjpeg?resize=1600:*\" class=\"pinterest css-on9hn5 e1c1bym14\"><img decoding=\"async\" data-dynamic-svg=\"true\" src=\"https:\/\/www.elle.com\/_assets\/design-tokens\/fre\/static\/icons\/social\/pinterest.e8cf655.svg?primary=%2523ffffff\" loading=\"lazy\" data-testid=\"dynamic-svg-base\" height=\"auto\" width=\"auto\" alt=\"pinterest\" class=\"css-4lml0h e1mlxuuw1\"\/><\/a><\/p>\n<p>Borja B. Hojas\/\/Getty Images<\/p>\n<p><img draggable=\"true\" alt=\"&quot;flores para antonio&quot; premiere\" title=\"&quot;Flores Para Antonio&quot; - Premiere\" loading=\"lazy\" width=\"2667\" height=\"4000\" decoding=\"async\" data-nimg=\"1\" style=\"color:transparent;width:100%;height:auto;\"   src=\"https:\/\/www.europesays.com\/es\/wp-content\/uploads\/2025\/11\/lolita-attends-the-flores-para-antonio-premiere-at-cine-news-photo-1764146965.pjpeg\" class=\"css-0 e1g79fud0\"\/><a target=\"_blank\" rel=\"noopener nofollow\" data-theme-key=\"base-link\" href=\"https:\/\/pinterest.com\/pin\/create\/button\/?url=https:\/\/www.elle.com\/es\/star-style\/el-estilo-de\/a69551727\/lolita-capa-invierno-tendencia-botas-tacon-bajo-documental-antonio\/&amp;description=- ElleSpain&amp;media=https:\/\/hips.hearstapps.com\/hmg-prod\/images\/lolita-attends-the-flores-para-antonio-premiere-at-cine-news-photo-1764146965.pjpeg?resize=1600:*\" class=\"pinterest css-on9hn5 e1c1bym14\"><img decoding=\"async\" data-dynamic-svg=\"true\" src=\"https:\/\/www.elle.com\/_assets\/design-tokens\/fre\/static\/icons\/social\/pinterest.e8cf655.svg?primary=%2523ffffff\" loading=\"lazy\" data-testid=\"dynamic-svg-base\" height=\"auto\" width=\"auto\" alt=\"pinterest\" class=\"css-4lml0h e1mlxuuw1\"\/><\/a><\/p>\n<p>Borja B. Hojas\/\/Getty Images<\/p>\n","protected":false},"excerpt":{"rendered":"Ayer por la noche tuvo lugar en los Cines Callao la presentaci\u00f3n del documental &#8216;Flores para Antonio&#8217;. Un&hellip;\n","protected":false},"author":2,"featured_media":256522,"comment_status":"","ping_status":"","sticky":false,"template":"","format":"standard","meta":{"footnotes":""},"categories":[91],"tags":[253,146,147,25,24,23],"class_list":{"0":"post-256521","1":"post","2":"type-post","3":"status-publish","4":"format-standard","5":"has-post-thumbnail","7":"category-entretenimiento","8":"tag-discover","9":"tag-entertainment","10":"tag-entretenimiento","11":"tag-es","12":"tag-espana","13":"tag-spain"},"share_on_mastodon":{"url":"https:\/\/pubeurope.com\/@es\/115615375191523487","error":""},"_links":{"self":[{"href":"https:\/\/www.europesays.com\/es\/wp-json\/wp\/v2\/posts\/256521","targetHints":{"allow":["GET"]}}],"collection":[{"href":"https:\/\/www.europesays.com\/es\/wp-json\/wp\/v2\/posts"}],"about":[{"href":"https:\/\/www.europesays.com\/es\/wp-json\/wp\/v2\/types\/post"}],"author":[{"embeddable":true,"href":"https:\/\/www.europesays.com\/es\/wp-json\/wp\/v2\/users\/2"}],"replies":[{"embeddable":true,"href":"https:\/\/www.europesays.com\/es\/wp-json\/wp\/v2\/comments?post=256521"}],"version-history":[{"count":0,"href":"https:\/\/www.europesays.com\/es\/wp-json\/wp\/v2\/posts\/256521\/revisions"}],"wp:featuredmedia":[{"embeddable":true,"href":"https:\/\/www.europesays.com\/es\/wp-json\/wp\/v2\/media\/256522"}],"wp:attachment":[{"href":"https:\/\/www.europesays.com\/es\/wp-json\/wp\/v2\/media?parent=256521"}],"wp:term":[{"taxonomy":"category","embeddable":true,"href":"https:\/\/www.europesays.com\/es\/wp-json\/wp\/v2\/categories?post=256521"},{"taxonomy":"post_tag","embeddable":true,"href":"https:\/\/www.europesays.com\/es\/wp-json\/wp\/v2\/tags?post=256521"}],"curies":[{"name":"wp","href":"https:\/\/api.w.org\/{rel}","templated":true}]}}