{"id":256562,"date":"2025-11-26T10:15:15","date_gmt":"2025-11-26T10:15:15","guid":{"rendered":"https:\/\/www.europesays.com\/es\/256562\/"},"modified":"2025-11-26T10:15:15","modified_gmt":"2025-11-26T10:15:15","slug":"mazon-asegura-que-fue-directo-al-palau-sin-hacer-paradas","status":"publish","type":"post","link":"https:\/\/www.europesays.com\/es\/256562\/","title":{"rendered":"Maz\u00f3n asegura que fue directo al Palau sin hacer paradas"},"content":{"rendered":"<p>El president en funciones de la Generalitat Valenciana, <strong>Carlos Maz\u00f3n<\/strong>, ha afirmado este mi\u00e9rcoles que se ratifica en que el d\u00eda de la <strong>dana<\/strong> fue <strong>directo desde el aparcamiento<\/strong> al que acompa\u00f1\u00f3 a la periodista <strong>Maribel Vilaplana<\/strong> tras comer en El Ventorro \u00abandando directamente al Palau de la Generalitat, sin hacer ninguna parada, sin entrar a ning\u00fan otro sitio\u00bb, y que no estuvo \u00abilocalizable\u00bb.<\/p>\n<p>As\u00ed lo ha se\u00f1alado a los medios de comunicaci\u00f3n a su llegada al Palau de la Generalitat donde va a presidir el pleno del Gobierno valenciano, al ser preguntado en relaci\u00f3n con el ticket de aparcamiento facilitado por Vilaplana a la jueza de Catarroja, en el que consta que la periodista lo pag\u00f3 a las 19:47 horas, una hora despu\u00e9s de abandonar el restaurante y tras la noticia publicada este martes por el peri\u00f3dico Levante-EMV, seg\u00fan la cual la <strong>periodista acompa\u00f1\u00f3 con su coche a Maz\u00f3n<\/strong> hasta el Palau.<\/p>\n<p>\u00abVuelvo a desmentir que estuviera ilocalizable, <strong>vuelvo a desmentir que estuviera en paradero desconocido<\/strong>, vuelvo a desmentir que fui a mi casa, vuelvo a desmentir que me ense\u00f1aran ning\u00fan pantallazo, vuelvo a desmentir que tuve ninguna otra reuni\u00f3n\u00bb, ha se\u00f1alado Maz\u00f3n, quien ha afirmado que, aunque se dice que lleg\u00f3 al Palau de la Generalitat a las ocho de la tarde el d\u00eda de la dana, a esa hora \u00abestaba saliendo\u00bb desde all\u00ed al Centro de Emergencias de L&#8217;Eliana, donde estaba reunido el Cecopi. <\/p>\n<p>Un alto cargo declara que se plante\u00f3 que fueran a Utiel la tarde del 29-0<\/p>\n<p>El secretario auton\u00f3mico del Gabinete del President y de Comunicaci\u00f3n de la Generalitat Valencia, <strong>Jos\u00e9 Manuel Cuenca<\/strong>, ha testificado este mi\u00e9rcoles ante la jueza de la dana que se plante\u00f3 que <strong>Carlos Maz\u00f3n<\/strong> se desplazara a Utiel poco antes de las 17:00 horas de aquel 29 de octubre pero la entonces consellera Salom\u00e9 Pradas les dijo que all\u00ed no se pod\u00eda entrar.<\/p>\n<p>En su declaraci\u00f3n como testigo ante la jueza de Catarroja que instruye la causa penal por la gesti\u00f3n de la dana que caus\u00f3 229 muertos, Cuenca, responsable de la agenda del president de la Generalitat, ha explicado que en ning\u00fan momento se plante\u00f3 que Maz\u00f3n fuera al Cecopi ya que Pradas les ten\u00eda al corriente, han informado fuentes conocedoras de la testifical.<\/p>\n<blockquote class=\"twitter-tweet\" data-media-max-width=\"560\">\n<p lang=\"es\" dir=\"ltr\">\u201c\ud83d\udd34El jefe de gabinete de Maz\u00f3n reconoce que no puede aportar los mensajes de Whatsapp que se intercambiaron ese d\u00eda porque ha cambiado de m\u00f3vil<\/p>\n<p>Jos\u00e9 Manuel Cuenca asegura que Pradas le informaba desde el Cecopi de la situaci\u00f3n en todo momento<\/p>\n<p>\ud83c\udf99\ufe0f<a href=\"https:\/\/twitter.com\/AnaGalarzaF?ref_src=twsrc%5Etfw\" rel=\"nofollow noopener\" target=\"_blank\">@AnaGalarzaF<\/a> | <a href=\"https:\/\/twitter.com\/RTVEValencia?ref_src=twsrc%5Etfw\" rel=\"nofollow noopener\" target=\"_blank\">@RTVEValencia<\/a> <a href=\"https:\/\/t.co\/X1ZofrmTVf\" rel=\"nofollow\">pic.twitter.com\/X1ZofrmTVf<\/a>\u201c<\/p>\n<p>\u2014 Radio 5 (@radio5_rne) <a href=\"https:\/\/twitter.com\/radio5_rne\/status\/1993619024412893691?ref_src=twsrc%5Etfw\" rel=\"nofollow noopener\" target=\"_blank\">November 26, 2025<\/a><\/p><\/blockquote>\n<p>Cuenca, quien forma parte del n\u00facleo m\u00e1s cercano al president en funciones y comparte piso con \u00e9l en Val\u00e8ncia, ha dicho que no conserva los &#8216;wasaps&#8217; que intercambi\u00f3 ese d\u00eda con Maz\u00f3n o con otros responsables del Consell porque cambi\u00f3 de tel\u00e9fono en julio y tiene entre nueve y doce meses de mensajes perdidos porque no hab\u00eda hecho copias de seguridad. <\/p>\n<p>\t\t\t\t\t\t<script async src=\"https:\/\/platform.twitter.com\/widgets.js\" charset=\"utf-8\"><\/script><\/p>\n","protected":false},"excerpt":{"rendered":"El president en funciones de la Generalitat Valenciana, Carlos Maz\u00f3n, ha afirmado este mi\u00e9rcoles que se ratifica en&hellip;\n","protected":false},"author":2,"featured_media":248451,"comment_status":"","ping_status":"","sticky":false,"template":"","format":"standard","meta":{"footnotes":""},"categories":[8],"tags":[17,18,25,24,13,14,11,19,20,9,10,15,16,23,12,21,22],"class_list":{"0":"post-256562","1":"post","2":"type-post","3":"status-publish","4":"format-standard","5":"has-post-thumbnail","7":"category-espana","8":"tag-breaking-news","9":"tag-breakingnews","10":"tag-es","11":"tag-espana","12":"tag-featured-news","13":"tag-featurednews","14":"tag-headlines","15":"tag-latest-news","16":"tag-latestnews","17":"tag-news","18":"tag-noticias","19":"tag-noticias-destacadas","20":"tag-noticiasdestacadas","21":"tag-spain","22":"tag-titulares","23":"tag-ultimas-noticias","24":"tag-ultimasnoticias"},"share_on_mastodon":{"url":"https:\/\/pubeurope.com\/@es\/115615480246949371","error":""},"_links":{"self":[{"href":"https:\/\/www.europesays.com\/es\/wp-json\/wp\/v2\/posts\/256562","targetHints":{"allow":["GET"]}}],"collection":[{"href":"https:\/\/www.europesays.com\/es\/wp-json\/wp\/v2\/posts"}],"about":[{"href":"https:\/\/www.europesays.com\/es\/wp-json\/wp\/v2\/types\/post"}],"author":[{"embeddable":true,"href":"https:\/\/www.europesays.com\/es\/wp-json\/wp\/v2\/users\/2"}],"replies":[{"embeddable":true,"href":"https:\/\/www.europesays.com\/es\/wp-json\/wp\/v2\/comments?post=256562"}],"version-history":[{"count":0,"href":"https:\/\/www.europesays.com\/es\/wp-json\/wp\/v2\/posts\/256562\/revisions"}],"wp:featuredmedia":[{"embeddable":true,"href":"https:\/\/www.europesays.com\/es\/wp-json\/wp\/v2\/media\/248451"}],"wp:attachment":[{"href":"https:\/\/www.europesays.com\/es\/wp-json\/wp\/v2\/media?parent=256562"}],"wp:term":[{"taxonomy":"category","embeddable":true,"href":"https:\/\/www.europesays.com\/es\/wp-json\/wp\/v2\/categories?post=256562"},{"taxonomy":"post_tag","embeddable":true,"href":"https:\/\/www.europesays.com\/es\/wp-json\/wp\/v2\/tags?post=256562"}],"curies":[{"name":"wp","href":"https:\/\/api.w.org\/{rel}","templated":true}]}}