{"id":256577,"date":"2025-11-26T10:30:09","date_gmt":"2025-11-26T10:30:09","guid":{"rendered":"https:\/\/www.europesays.com\/es\/256577\/"},"modified":"2025-11-26T10:30:09","modified_gmt":"2025-11-26T10:30:09","slug":"musica-con-sello-de-grammy-en-la-gran-fiesta-de-la-muralla-de-lugo","status":"publish","type":"post","link":"https:\/\/www.europesays.com\/es\/256577\/","title":{"rendered":"M\u00fasica con sello de Grammy en la gran fiesta de la Muralla de Lugo"},"content":{"rendered":"<p>&#13;<br \/>\n\t\t\t\t\t\t\t\t  \t\t\t\t\t\t\t\t\t\t\t\t\t\t\t\t\t\t\t\t\t\t\t\t\t\t\t\t\t\t\t\t\t\t\t\t\t\t&#13;<br \/>\n\t\t\t\t\t\t&#13;<br \/>\n\t\t\t\t\t\t \t\t\t \t\t\t\t\t\t\t\t\t\t\t\t\t\t\t\t\t\t\t\t\t\t  &#13;<br \/>\n\t\t\t\t\t\t\t\t\t\t\t&#13;<br \/>\n\t  \t\t\t\t\t\t\t\t  \t\t\t\t\t\t\t\t\t\t\t\t\t\t\t\t\t\t\t\t\t\t\t\t\t\t\t\t\t\t\t\t\t\t\t\t\t\t&#13;<br \/>\n\t\t\t\t\t\t&#13;<br \/>\n\t\t\t\t\t\t \t\t\t \t\t\t\t\t\t\t\t\t\t\t\t\t\t\t\t\t\t\t\t\t\t&#13;<br \/>\n\t\t\t\t\t\t\t\t\t\t\t\t\t\t&#13;<br \/>\n\t  \t\t\t\t\t\t\t\t\t&#13;<br \/>\n\t\t\t&#13;<br \/>\n\t\t\t&#13;<\/p>\n<p>\t\t\t\t\t\t&#13;<br \/>\n\t\t&#13;<br \/>\n\t\t\tMenu&#13;<br \/>\n\t\t\t\t\t\t\t\t&#13;\n\t<\/p>\n<p>&#13;<br \/>\n\t\t\t                &#13;<br \/>\n\t&#13;<br \/>\n\t\t&#13;<br \/>\n\t\t\tInicia sesi\u00f3n&#13;<br \/>\n\t\t\t&#13;<br \/>\n\t\t&#13;<br \/>\n\t&#13;<br \/>\n\t\t\t                &#13;<br \/>\n\t&#13;<br \/>\n\t\t&#13;<br \/>\n\t    \tMi cuenta&#13;<br \/>\n\t    \t&#13;<br \/>\n\t    \t\t\t\t\t\t\t&#13;<br \/>\n\t&#13;<br \/>\n\t\t\t\t\t\t\t&#13;\n<\/p>\n<p>\t\t\t\t\t\t&#13;<br \/>\n\t\t\t\t\t\t\t&#13;<br \/>\n\t\t\t\t\t\t&#13;<\/p>\n<p>\t\t\t\t\t\tLa pianista Isabel Dobarro ofreci\u00f3 este martes un concierto en el multiusos de la Xunta \u00e1p\u00e8nas dos semanas despu\u00e9s de recibir el galard\u00f3n correspondiente al mejor \u00e1lbum de m\u00fasica cl\u00e1sica en los citados premios<br \/>\n\t\t\t\t\t\t<strong>25 nov 2025<\/strong> . Actualizado a las 21:09 h.\t\t\t\t\t\t<\/p>\n<p>&#13;<br \/>\n\t\t\t\t\t                1\/4&#13;\n\t\t\t\t\t              <\/p>\n<p>&#13;<br \/>\n\t\t\t\t\t                  Concierto de Isabel Dobarro en el multiusos de la Xunta&#13;\n\t\t\t\t\t                <\/p>\n<p>&#13;<br \/>\n\t\t\t\t\t                  \u00d3scar Cela&#13;\n\t\t\t\t\t                <\/p>\n<p>&#13;<br \/>\n\t\t\t\t\t                2\/4&#13;\n\t\t\t\t\t              <\/p>\n<p>&#13;<br \/>\n\t\t\t\t\t                  Concierto de Isabel Dobarro en el multiusos de la Xunta&#13;\n\t\t\t\t\t                <\/p>\n<p>&#13;<br \/>\n\t\t\t\t\t                  \u00d3SCAR CELA&#13;\n\t\t\t\t\t                <\/p>\n<p>&#13;<br \/>\n\t\t\t\t\t                3\/4&#13;\n\t\t\t\t\t              <\/p>\n<p>&#13;<br \/>\n\t\t\t\t\t                  Concierto de Isabel Dobarro en el multiusos de la Xunta&#13;\n\t\t\t\t\t                <\/p>\n<p>&#13;<br \/>\n\t\t\t\t\t                  \u00d3SCAR CELA&#13;\n\t\t\t\t\t                <\/p>\n<p>&#13;<br \/>\n\t\t\t\t\t                4\/4&#13;\n\t\t\t\t\t              <\/p>\n<p>&#13;<br \/>\n\t\t\t\t\t                  Concierto de Isabel Dobarro en el multiusos de la Xunta&#13;\n\t\t\t\t\t                <\/p>\n<p>&#13;<br \/>\n\t\t\t\t\t                  \u00d3SCAR CELA&#13;\n\t\t\t\t\t                <\/p>\n<p>&#13;<br \/>\n\tArchivado en:&#13;<br \/>\n\t\t\t\t\t<a href=\"https:\/\/www.lavozdegalicia.es\/temas\/musica\/\" target=\"_blank\" class=\"mg-l\" rel=\"nofollow noopener\">M\u00fasica<\/a>&#13;<br \/>\n\t\t\t\t\t<a href=\"https:\/\/www.lavozdegalicia.es\/temas\/muralla-de-lugo\/\" target=\"_blank\" class=\"mg-l\" rel=\"nofollow noopener\">Muralla de Lugo<\/a>&#13;<br \/>\n\t&#13;<\/p>\n<p>\t\t\t\t\t\t\t\t&#13;<br \/>\n\t\t\t\t\t\t\t&#13;<br \/>\n\t\t\t&#13;<br \/>\n\t\t\t&#13;<br \/>\n\t\t&#13;<br \/>\n&#13;<br \/>\n\t\t&#13;<br \/>\n\t&#13;<br \/>\n&#13;<br \/>\n\t\t\t\t\t\t\t\t\t\t\t    \t    \t\t\t\t\t\t\t\t\t\t\t  \t\t\t\t\t\t\t\t\t\t\t\t\t\t\t\t\t\t\t\t\t\t\t\t\t\t\t\t\t\t\t\t\t\t\t\t\t\t&#13;<br \/>\n\t\t\t\t\t\t&#13;<br \/>\n\t\t\t\t\t\t\t\t\t \t\t\t\t\t\t\t\t\t\t\t\t\t\t\t\t\t\t\t\t\t\t\t\t\t\t&#13;<br \/>\n\t\t\t\t\t\t\t\t\t\t\t\t\t\t\t&#13;<\/p>\n<p>\t&#13;<br \/>\n\t\t&#13;<\/p>\n<p>\t\t\t\t\t\t\t&#13;<br \/>\n\t\t\t&#13;<br \/>\n\t\t\t\t\t\t\t&#13;<br \/>\n\t\t\t\t&#13;<br \/>\n&#13;<br \/>\n&#13;<br \/>\n       \t\t\t\t\t\t\t\t\t&#13;<br \/>\n\t\t&#13;<br \/>\n\t\t&#13;<br \/>\n\t\t&#13;<br \/>\n    &#13;<\/p>\n<p>\t\t&#13;<\/p>\n<p>&#13;<br \/>\n\t\t\t\t&#13;<br \/>\n\t\t\t\t\tCerrar&#13;<br \/>\n\t\t\t\t&#13;\n\t\t\t<\/p>\n<p>&#13;<\/p>\n<p>APLICACIONES M\u00d3VILES<\/p>\n<p>\t\t\t\t\t\t&#13;<br \/>\n\t\t\t\t\t\t\t<strong class=\"t-bld sz-t-xs\">La Voz de Galicia<\/strong><br \/>&#13;<br \/>\n\t\t\t\t\t\t\tToda la informaci\u00f3n en tu m\u00f3vil. Recibe notificaciones y no te pierdas la actualidad m\u00e1s relevante&#13;<\/p>\n<p>\t\t\t\t\t\t&#13;<br \/>\n\t\t\t\t\t\t\t<a href=\"https:\/\/itunes.apple.com\/es\/app\/la-voz-de-galicia\/id438886643?mt=8\" aria-label=\"Descarga para iOS\" class=\"flex ico circle i-c-ios bg-blk c-white mg-r sz-sq-xs sz-t-md\" rel=\"nofollow noopener\" target=\"_blank\">&#13;<br \/>\n\t\t\t\t\t\t\t&#13;<br \/>\n\t\t\t\t\t\t\t\tiOS&#13;<br \/>\n&#13;<br \/>\n\t\t\t\t\t\t\t<\/a>&#13;<br \/>\n\t\t\t\t\t\t\t<a href=\"https:\/\/play.google.com\/store\/apps\/details?id=es.corporacion.lavoz&amp;hl=es\" aria-label=\"Descarga para Android\" class=\"flex ico circle i-c-and bg-blk c-white mg-r sz-sq-xs sz-t-md\" rel=\"nofollow noopener\" target=\"_blank\">&#13;<br \/>\n&#13;<br \/>\n\t\t\t\t\t\t\t\tAndroid&#13;<br \/>\n&#13;<br \/>\n\t\t\t\t\t\t\t<\/a>\t\t\t\t\t\t&#13;<\/p>\n<p>\t\t\t\t\t\t&#13;<br \/>\n\t\t\t\t\t\t\t<strong class=\"t-bld sz-t-xs\">Peri\u00f3dico en PDF<\/strong>&#13;<br \/>\n\t\t\t\t\t\t\t<br \/>&#13;<br \/>\n\t\t\t\t\t\t\tLa experiencia de lectura del diario impreso, ahora, en formato digital&#13;<br \/>\n&#13;<\/p>\n<p>\t\t\t\t\t\t&#13;<br \/>\n&#13;<br \/>\n\t\t\t\t\t\t\t<a href=\"https:\/\/itunes.apple.com\/es\/app\/la-voz\/id1110202338?mt=8\" aria-label=\"Descarga para iOS\" class=\"flex ico circle i-c-ios bg-blk c-white mg-r sz-sq-xs sz-t-md\" rel=\"nofollow noopener\" target=\"_blank\">&#13;<br \/>\n\t\t\t\t\t\t\t\tiOS&#13;<br \/>\n\t\t\t\t\t\t\t<\/a>&#13;<br \/>\n&#13;<br \/>\n\t\t\t\t\t\t\t<a href=\"https:\/\/play.google.com\/store\/apps\/details?id=com.newspaperdirect.lvdgandroid&amp;hl=es\" aria-label=\"Descarga para Android\" class=\"flex ico circle i-c-and bg-blk c-white mg-r sz-sq-xs sz-t-md\" rel=\"nofollow noopener\" target=\"_blank\">&#13;<br \/>\n\t\t\t\t\t\t\t\tAndroid&#13;<br \/>\n\t\t\t\t\t\t\t<\/a>&#13;<br \/>\n&#13;<\/p>\n<p>TEL\u00c9FONO GRATUITO DE ATENCI\u00d3N AL SUSCRIPTOR<\/p>\n<p>\t&#13;<br \/>\n&#13;<br \/>\n\t\t&#13;<br \/>\n\t\t\t&#13;<br \/>\n\t\t&#13;<\/p>\n<p class=\"padding\">\n        \u00a9 Copyright LA VOZ DE GALICIA S.A. Todos los derechos reservados.<br \/>Pol\u00edgono de Sab\u00f3n, Arteixo, A CORU\u00d1A (ESPA\u00d1A) Inscrita en el Registro Mercantil de A Coru\u00f1a en el Tomo 2438 del Archivo, Secci\u00f3n General, a los folios 91 y siguientes, hoja C-2141. CIF: A-15000649.\n    <\/p>\n<p>&#13;<br \/>\n\t\t\t\t&#13;<br \/>\n                  \t\t&#13;<br \/>\n         &#13;<br \/>\n&#13;<br \/>\n\t\t\t\t\t\t\t\t  \t\t\t\t\t\t\t\t\t\t\t\t\t\t\t\t\t\t\t\t\t\t\t\t\t\t\t\t\t\t\t\t\t\t\t\t\t\t&#13;<br \/>\n\t\t\t\t\t\t&#13;<br \/>\n\t\t\t\t\t\t\t\t\t \t\t\t\t\t\t\t\t\t\t\t\t\t\t\t\t\t\t\t\t\t\t\t\t\t\t    &#13;<br \/>\n\t\t\t\t    \t\t\t\t\t\t\t\t\t\t\t\t\t\t\t&#13;<br \/>\n\t  \t\t\t\t\t\t\t\t  \t\t\t\t\t\t\t\t\t\t\t\t\t\t\t\t\t\t\t\t\t\t\t\t\t\t\t\t\t\t\t\t\t\t\t\t\t\t&#13;<br \/>\n\t\t\t\t\t\t&#13;<br \/>\n\t\t\t\t\t\t\t\t\t \t\t\t\t\t\t\t\t\t\t\t\t\t\t\t\t\t\t\t\t\t\t\t\t\t\t    &#13;<br \/>\n\t\t\t\t    \t\t\t\t\t\t\t\t\t\t\t\t\t\t\t&#13;<br \/>\n\t  \t\t\t\t\t\t\t\t  \t\t\t\t\t\t\t\t\t\t\t\t\t\t\t\t\t\t\t\t\t\t\t\t\t\t\t\t\t\t\t\t\t\t\t\t\t\t&#13;<br \/>\n\t\t\t\t\t\t&#13;<br \/>\n\t\t\t\t\t\t\t\t\t \t\t\t\t\t\t\t\t\t\t\t\t\t\t\t\t\t&#13;<br \/>\n\t\t\t\t\t\t\t\t&#13;<br \/>\n\t\t\t\t\t\t\t\t\t\t\t&#13;<br \/>\n\t  \t\t\t\t\t\t\t&#13;<\/p>\n","protected":false},"excerpt":{"rendered":"&#13; &#13; &#13; &#13; &#13; &#13; &#13; &#13; &#13; &#13; &#13; &#13; &#13; &#13; Menu&#13; &#13; &#13; &#13;&hellip;\n","protected":false},"author":2,"featured_media":256578,"comment_status":"","ping_status":"","sticky":false,"template":"","format":"standard","meta":{"footnotes":""},"categories":[170],"tags":[146,147,25,24,64460,184,185,23],"class_list":{"0":"post-256577","1":"post","2":"type-post","3":"status-publish","4":"format-standard","5":"has-post-thumbnail","7":"category-musica","8":"tag-entertainment","9":"tag-entretenimiento","10":"tag-es","11":"tag-espana","12":"tag-muralla-de-lugo","13":"tag-music","14":"tag-musica","15":"tag-spain"},"share_on_mastodon":{"url":"https:\/\/pubeurope.com\/@es\/115615539213904078","error":""},"_links":{"self":[{"href":"https:\/\/www.europesays.com\/es\/wp-json\/wp\/v2\/posts\/256577","targetHints":{"allow":["GET"]}}],"collection":[{"href":"https:\/\/www.europesays.com\/es\/wp-json\/wp\/v2\/posts"}],"about":[{"href":"https:\/\/www.europesays.com\/es\/wp-json\/wp\/v2\/types\/post"}],"author":[{"embeddable":true,"href":"https:\/\/www.europesays.com\/es\/wp-json\/wp\/v2\/users\/2"}],"replies":[{"embeddable":true,"href":"https:\/\/www.europesays.com\/es\/wp-json\/wp\/v2\/comments?post=256577"}],"version-history":[{"count":0,"href":"https:\/\/www.europesays.com\/es\/wp-json\/wp\/v2\/posts\/256577\/revisions"}],"wp:featuredmedia":[{"embeddable":true,"href":"https:\/\/www.europesays.com\/es\/wp-json\/wp\/v2\/media\/256578"}],"wp:attachment":[{"href":"https:\/\/www.europesays.com\/es\/wp-json\/wp\/v2\/media?parent=256577"}],"wp:term":[{"taxonomy":"category","embeddable":true,"href":"https:\/\/www.europesays.com\/es\/wp-json\/wp\/v2\/categories?post=256577"},{"taxonomy":"post_tag","embeddable":true,"href":"https:\/\/www.europesays.com\/es\/wp-json\/wp\/v2\/tags?post=256577"}],"curies":[{"name":"wp","href":"https:\/\/api.w.org\/{rel}","templated":true}]}}