{"id":256612,"date":"2025-11-26T10:59:08","date_gmt":"2025-11-26T10:59:08","guid":{"rendered":"https:\/\/www.europesays.com\/es\/256612\/"},"modified":"2025-11-26T10:59:08","modified_gmt":"2025-11-26T10:59:08","slug":"hp-reabre-los-despidos-en-las-grandes-tecnologicas-al-anunciar-hasta-6-000-salidas-por-la-ia-economia","status":"publish","type":"post","link":"https:\/\/www.europesays.com\/es\/256612\/","title":{"rendered":"HP reabre los despidos en las grandes tecnol\u00f3gicas al anunciar hasta 6.000 salidas por la IA | Econom\u00eda"},"content":{"rendered":"<p class=\"\">HP ha reabierto los despidos en las grandes tecnol\u00f3gicas. El fabricante estadounidense <a href=\"https:\/\/cincodias.elpais.com\/companias\/2025-02-26\/enrique-lores-gano-194-millones-de-dolares-en-2024-como-presidente-y-consejero-delegado-de-hp.html\" target=\"_self\" rel=\"nofollow noopener\" title=\"https:\/\/cincodias.elpais.com\/companias\/2025-02-26\/enrique-lores-gano-194-millones-de-dolares-en-2024-como-presidente-y-consejero-delegado-de-hp.html\">de ordenadores personales (PC) e impresoras<\/a> ha comunicado un plan de ajuste que contempla la salida de entre 4.000 y 6.000 empleados, en torno a un 10% del total, en paralelo con la introducci\u00f3n de nuevas iniciativas vinculadas a la inteligencia artificial (IA). La firma contaba con una plantilla de 58.000 trabajadores.<\/p>\n<p class=\"\">En el informe financiero correspondiente <a href=\"https:\/\/elpais.com\/economia\/negocios\/2025-11-05\/la-inteligencia-artificial-aupa-a-hp.html\" target=\"_self\" rel=\"nofollow noopener\" title=\"https:\/\/elpais.com\/economia\/negocios\/2025-11-05\/la-inteligencia-artificial-aupa-a-hp.html\">a las cuentas de su cuarto trimestre fiscal<\/a>, que se conocieron en la noche del martes al cierre de la Bolsa en Estados Unidos, HP se\u00f1al\u00f3 que espera alcanzar unos ahorros de hasta 1.000 millones de d\u00f3lares en el ejercicio de 2028, con unos costes de reestructuraci\u00f3n de 650 millones (250 millones en el actual ejercicio fiscal). <\/p>\n<p class=\"\">Los inversores ya han reaccionado de forma pesimista. Las acciones de HP bajan cerca de un 5% en la preapertura de Wall Street y, desde principios de a\u00f1o, se dejan m\u00e1s de un 25% de su valor. HP capitaliza actualmente algo menos de 23.000 millones de d\u00f3lares.<\/p>\n<p class=\"\">En el cuarto trimestre, concluido a finales de octubre, los ingresos subieron un 4,2%, hasta 14.640 millones de d\u00f3lares, ligeramente por encima de las previsiones, con un beneficio neto de 795 millones. En el conjunto del a\u00f1o, los ingresos se situaron en 55.300 millones, un 3% m\u00e1s en t\u00e9rminos reportados, con una generaci\u00f3n de flujo de caja libre de 2.931 millones, un 26% menos. Para el a\u00f1o fiscal 2026, HP prev\u00e9 generar un flujo de caja libre de entre 2.800 y 3.000 millones de d\u00f3lares, incluyendo costes adicionales derivados de las regulaciones comerciales vigentes en EE UU y las medidas aprobadas.<\/p>\n<p class=\"\">\u201cSeguimos implementando nuestra estrategia para el futuro del trabajo. Estamos acelerando la innovaci\u00f3n con dispositivos basados \u200b\u200ben IA que aprovechan estas tecnolog\u00edas en el edge y crean mejores experiencias conjuntas en toda nuestra cartera\u201d, se\u00f1al\u00f3 el espa\u00f1ol Enrique Lores, presidente y CEO de HP, en la conferencia con analistas que sigui\u00f3 a la presentaci\u00f3n de las cuentas.<\/p>\n<p class=\"\">A su vez, el director financiero, Karen Parkhill, afirm\u00f3 que la compa\u00f1\u00eda sigue invirtiendo en impulsar su transformaci\u00f3n interna \u201cVemos una gran oportunidad para integrar la IA en casi todo lo que hacemos, con el fin de mejorar la productividad, acelerar la innovaci\u00f3n y optimizar la experiencia del cliente. Como mencion\u00f3 Enrique, ya hemos logrado un excelente progreso en la identificaci\u00f3n de \u00e1reas clave que se espera generen aproximadamente 1.000 millones de d\u00f3lares en ahorros brutos en la tasa de ejecuci\u00f3n para el final de nuestro a\u00f1o fiscal 2028\u201d, destac\u00f3 el directivo, quien a\u00f1adi\u00f3 que, durante el pasado ejercicio fiscal, HP devolvi\u00f3 1.900 millones a sus accionistas entre dividendos y recompras de acciones.<\/p>\n<p class=\"\">En cualquier caso, HP se ha unido a otras grandes compa\u00f1\u00edas tecnol\u00f3gicas estadounidenses que han anunciado despidos en las \u00faltimas semanas. <a href=\"https:\/\/elpais.com\/economia\/2025-10-31\/amazon-plantea-un-ere-en-espana-para-1200-trabajadores-de-sus-oficinas-corporativas-de-madrid-y-barcelona.html\" target=\"_self\" rel=\"nofollow noopener\" title=\"https:\/\/elpais.com\/economia\/2025-10-31\/amazon-plantea-un-ere-en-espana-para-1200-trabajadores-de-sus-oficinas-corporativas-de-madrid-y-barcelona.html\">Entre ellas destaca Amazon que<\/a>, a finales de octubre, anunci\u00f3 un ajuste global que afectar\u00e1 este a\u00f1o a 14.000 trabajadores de su plantilla corporativa. De hecho, dentro de esta reestructuraci\u00f3n, Amazon plante\u00f3 un ERE en Espa\u00f1a para 1.200 empleados de sus oficinas de Madrid y Barcelona.<\/p>\n<p class=\"\">A su vez, Meta confirm\u00f3 a finales de octubre la salida de cerca de 600 empleados de su divisi\u00f3n de IA, con el objetivo de reducir estructuras y operar con mayor agilidad. La matriz de Facebook anunci\u00f3 los recortes en un memorando de su director de IA, Alexandr Wang, que se incorpor\u00f3 a Meta en junio pasado tras la inversi\u00f3n de 14.300 millones de d\u00f3lares de la compa\u00f1\u00eda de Mark Zuckerberg en Scale AI. Los empleados de las unidades de infraestructura de IA de Meta, la unidad de Investigaci\u00f3n Fundamental de Inteligencia Artificial (FAIR) y otros puestos relacionados con productos se ver\u00edan afectados. La llegada de Wang habr\u00eda supuesto tambi\u00e9n <a href=\"https:\/\/elpais.com\/economia\/2025-11-11\/meta-tiembla-en-bolsa-mientras-su-maximo-responsable-cientifico-de-ia-planea-dejar-la-empresa.html\" target=\"_self\" rel=\"nofollow noopener\" title=\"https:\/\/elpais.com\/economia\/2025-11-11\/meta-tiembla-en-bolsa-mientras-su-maximo-responsable-cientifico-de-ia-planea-dejar-la-empresa.html\">la salida de Yann LeCun, jefe cient\u00edfico de IA de Meta<\/a>.<\/p>\n<p class=\"\">De igual forma, Apple ha eliminado docenas de puestos en su \u00e1rea de ventas en un intento de agilizar la forma en que ofrece productos a empresas, escuelas y gobiernos, un movimiento poco com\u00fan para el fabricante del iPhone, seg\u00fan public\u00f3 Bloomberg. Los recortes se han extendido a toda la organizaci\u00f3n de ventas, afectando especialmente a algunos equipos, aunque la empresa no confirm\u00f3 el n\u00famero de afectados.<\/p>\n<p class=\"\">Los puestos afectados han incluido gerentes de cuentas que atend\u00edan a grandes empresas, escuelas y agencias gubernamentales, as\u00ed como al personal que operaba los centros de informaci\u00f3n de Apple para reuniones institucionales y demostraciones de productos para clientes importantes.<\/p>\n<p class=\"\">Adem\u00e1s, entre otras compa\u00f1\u00edas, Rivian va a reducir 600 empleados, en torno a un 4% de su plantilla; Applied Materials contempla un recorte del 4% de su fuerza laboral, unos 1.400 empleos; Google ha recortado 100 puestos en su divisi\u00f3n de cloud; Just Eat ha eliminado 450 puestos de trabajo; xAI, la start-up de IA impulsada por Elon Musk, ha despedido a un tercio de los empleados de su equipo de datos; Oracle ha reducido varios centenares de puestos en distintos centros de EE UU; mientras que Salesforce recort\u00f3 262 empleos en sus cuarteles generales, ante la implantaci\u00f3n de la IA en \u00e1reas como la atenci\u00f3n al cliente.<\/p>\n","protected":false},"excerpt":{"rendered":"HP ha reabierto los despidos en las grandes tecnol\u00f3gicas. El fabricante estadounidense de ordenadores personales (PC) e impresoras&hellip;\n","protected":false},"author":2,"featured_media":256613,"comment_status":"","ping_status":"","sticky":false,"template":"","format":"standard","meta":{"footnotes":""},"categories":[80],"tags":[912,2823,82,5702,95,94,2308,64467,25,24,11314,35189,136,138,23,120],"class_list":{"0":"post-256612","1":"post","2":"type-post","3":"status-publish","4":"format-standard","5":"has-post-thumbnail","7":"category-economia","8":"tag-amazon","9":"tag-apple","10":"tag-business","11":"tag-despido","12":"tag-economia","13":"tag-economy","14":"tag-empresas","15":"tag-enrique-lores","16":"tag-es","17":"tag-espana","18":"tag-grandes-tecnologicas","19":"tag-hewlett-packard","20":"tag-inteligencia-artificial","21":"tag-meta","22":"tag-spain","23":"tag-tecnologia"},"share_on_mastodon":{"url":"https:\/\/pubeurope.com\/@es\/115615653228594307","error":""},"_links":{"self":[{"href":"https:\/\/www.europesays.com\/es\/wp-json\/wp\/v2\/posts\/256612","targetHints":{"allow":["GET"]}}],"collection":[{"href":"https:\/\/www.europesays.com\/es\/wp-json\/wp\/v2\/posts"}],"about":[{"href":"https:\/\/www.europesays.com\/es\/wp-json\/wp\/v2\/types\/post"}],"author":[{"embeddable":true,"href":"https:\/\/www.europesays.com\/es\/wp-json\/wp\/v2\/users\/2"}],"replies":[{"embeddable":true,"href":"https:\/\/www.europesays.com\/es\/wp-json\/wp\/v2\/comments?post=256612"}],"version-history":[{"count":0,"href":"https:\/\/www.europesays.com\/es\/wp-json\/wp\/v2\/posts\/256612\/revisions"}],"wp:featuredmedia":[{"embeddable":true,"href":"https:\/\/www.europesays.com\/es\/wp-json\/wp\/v2\/media\/256613"}],"wp:attachment":[{"href":"https:\/\/www.europesays.com\/es\/wp-json\/wp\/v2\/media?parent=256612"}],"wp:term":[{"taxonomy":"category","embeddable":true,"href":"https:\/\/www.europesays.com\/es\/wp-json\/wp\/v2\/categories?post=256612"},{"taxonomy":"post_tag","embeddable":true,"href":"https:\/\/www.europesays.com\/es\/wp-json\/wp\/v2\/tags?post=256612"}],"curies":[{"name":"wp","href":"https:\/\/api.w.org\/{rel}","templated":true}]}}