{"id":256614,"date":"2025-11-26T11:00:08","date_gmt":"2025-11-26T11:00:08","guid":{"rendered":"https:\/\/www.europesays.com\/es\/256614\/"},"modified":"2025-11-26T11:00:08","modified_gmt":"2025-11-26T11:00:08","slug":"israel-lleva-a-cabo-una-amplia-redada-militar-en-la-zona-norte-de-cisjordania-ocupada","status":"publish","type":"post","link":"https:\/\/www.europesays.com\/es\/256614\/","title":{"rendered":"Israel lleva a cabo una amplia redada militar en la zona norte de Cisjordania ocupada"},"content":{"rendered":"<p>El Ej\u00e9rcito israel\u00ed desarrolla desde la madrugada de este mi\u00e9rcoles una amplia operaci\u00f3n militar en la zona norte de la Cisjordania ocupada, que ha <strong>incluido la incursi\u00f3n en las localidades de Tubas, Tamun y \u00c1qaba con grandes contingentes, excavadoras y helic\u00f3pteros,<\/strong> seg\u00fan recoge la agencia oficial de noticias palestina, Wafa.<\/p>\n<p>\u00ab<strong>Las tropas allanaron varias viviendas, alteraron sus pertenencias y las vandalizaron.<\/strong> Tambi\u00e9n desplegaron importantes refuerzos militares en la gobernaci\u00f3n. Las excavadoras de la ocupaci\u00f3n tambi\u00e9n bloquearon varias carreteras principales y secundarias en Tubas, \u00c1qaba y Tamun con mont\u00edculos de tierra\u00bb, detalla el medio palestino.<\/p>\n<p>El <strong>Ej\u00e9rcito israel\u00ed<\/strong>, junto con el Shin Bet (servicio de inteligencia interno) y la Polic\u00eda de Fronteras, ha anunciado a trav\u00e9s de un comunicado que la incursi\u00f3n forma parte de <strong>una \u00abamplia operaci\u00f3n contraterrorista\u00bb<\/strong>, afirmando que actuar\u00e1 \u00abproactivamente para impedir que el terrorismo eche ra\u00edces\u201d en la zona.<\/p>\n<p>Disparos desde los helic\u00f3pteros<\/p>\n<p>En los puestos de control de Tayasir y Hamra, reporta Wafa, se han reforzado las restricciones, lo que deriv\u00f3 en fuertes atascos. Adem\u00e1s, helic\u00f3pteros israel\u00edes realizaron disparos intermitentes que, por el momento, no han dejado heridos.<\/p>\n<p>En Tamun, un joven ha resultado herido tras ser golpeado por soldados israel\u00edes y ha sido trasladado a un hospital cercano, informa la Media Luna Roja Palestina, que a\u00f1ade que ha tratado el caso de <strong>\u00abun hombre de 50 a\u00f1os brutalmente golpeado\u00bb en Tubas<\/strong>, que ha sido trasladado al hospital.<\/p>\n<p>La Direcci\u00f3n de Educaci\u00f3n de Tubas ha ordenado el cierre de todas las escuelas y guarder\u00edas, mientras que el gobernador de la zona, Ahmad al Asad, ha suspendido las actividades en instituciones p\u00fablicas y privadas al advertir que la operaci\u00f3n podr\u00eda prolongarse varios d\u00edas, seg\u00fan Wafa. El comit\u00e9 de emergencia se ha activado para seguir la situaci\u00f3n.<\/p>\n<p>\t\tLa expansi\u00f3n de colonias jud\u00edas en Cisjordania agudiza el empobrecimiento de los palestinos\t<\/p>\n<p>Ham\u00e1s habla de \u00abagresi\u00f3n criminal\u00bb<\/p>\n<p>El primer ministro palestino, Mohamad Mustafa, ha telefoneado al gobernador para informarse sobre el desarrollo de los acontecimientos, seg\u00fan se detalla en un comunicado de su oficina. <\/p>\n<p>Mustafa ha transmitido los saludos del presidente, Mahmud Ab\u00e1s, y ordenado a las instituciones gubernamentales y comit\u00e9s de emergencia movilizar sus recursos para atender a la poblaci\u00f3n y garantizar la continuidad de los servicios.<\/p>\n<p>El movimiento islamista <strong>Ham\u00e1s conden\u00f3 la operaci\u00f3n, que calific\u00f3 de \u00abagresi\u00f3n criminal\u00bb y parte de una pol\u00edtica destinada,<\/strong> ha dicho, a <strong>\u00abaplastar cualquier presencia palestina\u00bb<\/strong> y fragmentar el territorio. Adem\u00e1s, ha pedido a la comunidad internacional intervenir para detener lo que describi\u00f3 como violaciones del derecho internacional.<\/p>\n<p><strong>M\u00e1s de 1.000 palestinos han muerto en Cisjordania<\/strong> -incluido un n\u00famero indeterminado de milicianos- desde el 7 de octubre de 2023, fecha desde la que Israel increment\u00f3 sus incursiones militares en este territorio palestino. <\/p>\n","protected":false},"excerpt":{"rendered":"El Ej\u00e9rcito israel\u00ed desarrolla desde la madrugada de este mi\u00e9rcoles una amplia operaci\u00f3n militar en la zona norte&hellip;\n","protected":false},"author":2,"featured_media":256615,"comment_status":"","ping_status":"","sticky":false,"template":"","format":"standard","meta":{"footnotes":""},"categories":[42],"tags":[17,18,13,14,11,61,62,63,64,19,20,9,10,15,16,12,21,22,65,66,67],"class_list":{"0":"post-256614","1":"post","2":"type-post","3":"status-publish","4":"format-standard","5":"has-post-thumbnail","7":"category-internacional","8":"tag-breaking-news","9":"tag-breakingnews","10":"tag-featured-news","11":"tag-featurednews","12":"tag-headlines","13":"tag-internacional","14":"tag-international","15":"tag-international-news","16":"tag-internationalnews","17":"tag-latest-news","18":"tag-latestnews","19":"tag-news","20":"tag-noticias","21":"tag-noticias-destacadas","22":"tag-noticiasdestacadas","23":"tag-titulares","24":"tag-ultimas-noticias","25":"tag-ultimasnoticias","26":"tag-world","27":"tag-world-news","28":"tag-worldnews"},"share_on_mastodon":{"url":"https:\/\/pubeurope.com\/@es\/115615657223039705","error":""},"_links":{"self":[{"href":"https:\/\/www.europesays.com\/es\/wp-json\/wp\/v2\/posts\/256614","targetHints":{"allow":["GET"]}}],"collection":[{"href":"https:\/\/www.europesays.com\/es\/wp-json\/wp\/v2\/posts"}],"about":[{"href":"https:\/\/www.europesays.com\/es\/wp-json\/wp\/v2\/types\/post"}],"author":[{"embeddable":true,"href":"https:\/\/www.europesays.com\/es\/wp-json\/wp\/v2\/users\/2"}],"replies":[{"embeddable":true,"href":"https:\/\/www.europesays.com\/es\/wp-json\/wp\/v2\/comments?post=256614"}],"version-history":[{"count":0,"href":"https:\/\/www.europesays.com\/es\/wp-json\/wp\/v2\/posts\/256614\/revisions"}],"wp:featuredmedia":[{"embeddable":true,"href":"https:\/\/www.europesays.com\/es\/wp-json\/wp\/v2\/media\/256615"}],"wp:attachment":[{"href":"https:\/\/www.europesays.com\/es\/wp-json\/wp\/v2\/media?parent=256614"}],"wp:term":[{"taxonomy":"category","embeddable":true,"href":"https:\/\/www.europesays.com\/es\/wp-json\/wp\/v2\/categories?post=256614"},{"taxonomy":"post_tag","embeddable":true,"href":"https:\/\/www.europesays.com\/es\/wp-json\/wp\/v2\/tags?post=256614"}],"curies":[{"name":"wp","href":"https:\/\/api.w.org\/{rel}","templated":true}]}}