{"id":256616,"date":"2025-11-26T11:01:18","date_gmt":"2025-11-26T11:01:18","guid":{"rendered":"https:\/\/www.europesays.com\/es\/256616\/"},"modified":"2025-11-26T11:01:18","modified_gmt":"2025-11-26T11:01:18","slug":"la-mano-derecha-de-mazon-revela-a-la-jueza-que-borro-los-mensajes-del-dia-de-la-tragedia-con-el-president-el-pais","status":"publish","type":"post","link":"https:\/\/www.europesays.com\/es\/256616\/","title":{"rendered":"La mano derecha de Maz\u00f3n revela a la jueza que borr\u00f3 los mensajes del d\u00eda de la tragedia con el \u2018president\u2019 &#8211; EL PA\u00cdS"},"content":{"rendered":"<ol>\n<li><a href=\"https:\/\/news.google.com\/rss\/articles\/CBMi_AFBVV95cUxNVVV0LWxQME1ScTVqMXE3c1IwX0U2cFBfdWFqQlFTZ2szV0JLcFcyREVEWk5rOV9KSXhlWHhjaDl0UmZqY1ptYmdRWWxoWGtJQkgzQURJZl94eXZFX3UtZExLQXp0YTNwUFF2M3hnNVlWSW9LYmRXY0pUalRtdlJHNXRYV2N4aVJ0WThfUmNwcXhlcVpsQUFzdzhCUE5mWk5Yb1gyTTJtS2JXc2VFaWNXWFg5dUVzNGYxeUpxZTdLY0JfLU5QWmRkbmMxQXo3c2tBQzQ5Y1RpTjgyLVZUZFlQRGpuRnB3bHZGTktWSkQ2SVJmZnNRNkstTnRQcE3SAZACQVVfeXFMT0Z6Sng2T0JxN0ZDSUdFVjdYYlpFcHBnbW42VFRmQXZXejJOV0Faa09hdk1QNFh2Tk1qN3VqN2xDV0NodUdOMkNVei1MN21tVVNVLXdJakV2bG5meFh1UlJtdEcyamgtN19jZlJ6RnFRN3hnNWdzZ2xYN2wybkF0cGRQaW0wRlpFU1dkTGxvV3NYcWp3UGI0VGwydVplNl9mdndtcm13UEYzYXRBbUg3a2wyaHg3Yjc0Z3hLQ2VqVXZzbmIxdFM5S29rZ1RSbkRnUk9pck9EWkVHY25qREhQM25yc3R3c3hqU1h5SlNjM0JRdmROVFpkNGowbWREVGg2VC1hYURaR01NcDV2WkpEdkU?oc=5\" target=\"_blank\" rel=\"nofollow noopener\">La mano derecha de Maz\u00f3n revela a la jueza que borr\u00f3 los mensajes del d\u00eda de la tragedia con el \u2018president\u2019<\/a>&nbsp;&nbsp;EL PA\u00cdS<\/li>\n<li><a href=\"https:\/\/news.google.com\/rss\/articles\/CBMijAFBVV95cUxOM0taZERBY0hldmY1czNPdXlnQmk5TmQybGxjYlRoZC1sYUZTNlUxM1NUWUNielpOamkzT1JUNkprU1RCUl9aM25sNnlmXzdBejFsbUZxZi1qM1ZtQVNxaG9TQVU5Z1N0bG5IZktJbVo3MFRZQXM3N1V5MElJUEtiNThWTVZ1RllMVmJ4Vg?oc=5\" target=\"_blank\" rel=\"nofollow noopener\">El jefe de gabinete de Maz\u00f3n admite que le alert\u00f3 de las lluvias en Utiel a las 17 horas sabiendo que estaba en el Ventorro<\/a>&nbsp;&nbsp;El Mundo<\/li>\n<li><a href=\"https:\/\/news.google.com\/rss\/articles\/CBMixgFBVV95cUxQcFMyOUtlcWdpODVMeWRRV2pzdEstZjBMWHdrd2RfOEFXaGg2bGdKdWdRcGNaTlNia25QdlF3dktCUE5rbzZZS3RMWTd6SGFNQldNcW1CTU9laG5NS2dwUW5UcHF0dUttTW56ak5QcDJOT2d1bzA5amlweGI3TzlSTGN0dTdwRnVQMGYtZDFPdUhQSnpOYndiUFREV2dpaTE5SjZPZmVCa2NqamZPZUJSUWc2RWpiaUIzQm40VWw2dUZjZ2hPRVHSAcsBQVVfeXFMTjNjWWt6TUVLSElpQWNwUGU3VVJYQWhXcjRJc2xjSkhIeGd6WW44bXVsZlA4VW9JUllLMnFKWTZKZEp1YmptaHNqeEw0TW1pRGxINHJydHMxQWM2ZHNXSktqUTAxZ185Ulo1SVVGMFJtejBBMmJwZS1VVHJLWjhMTDNyM0JNOUJsZ2xZclB5NUliSlZiQm9mQ1RiUjQyNEN6cmpGRFdfZVhTRHhacndVdk85ZkdJVU1ZUU94Ul9ldFNJekFETnYwcXBGOUk?oc=5\" target=\"_blank\" rel=\"nofollow noopener\">El jefe de gabinete avis\u00f3 a Maz\u00f3n del colapso de Utiel m\u00e1s de dos horas antes de acabar la cita con Vilaplana<\/a>&nbsp;&nbsp;El Confidencial<\/li>\n<li><a href=\"https:\/\/news.google.com\/rss\/articles\/CBMiyAFBVV95cUxOTms3eTcxdDU0NEtrTXlfS1FzaWVvTHFlR3dVVHdpWmYtS2ptYXVIWXpsaWdsX3hRVVVsS0tLaEhsOXBXRVYxU3VadTZKangxeVVHSWRGOWpxaXN3Z2JhcUpmaG9DMDN4X09UT1ZFMmxmWDFVQUtsWnptWlA3eEpLdTdNdXhVanJnY0tDWXhBNU5TSWRvbUs5bzhqN21BZDB4T2k0cEpBcHlWcHBOWXQyQ2J6b1g1b24tMW8yWVoxYkdEQ1BkYVpDNA?oc=5\" target=\"_blank\" rel=\"nofollow noopener\">El confidente y compa\u00f1ero de piso de Maz\u00f3n, ante la jueza de la dana para aclarar los vac\u00edos del presidente<\/a>&nbsp;&nbsp;elDiario.es<\/li>\n<li><a href=\"https:\/\/news.google.com\/rss\/articles\/CBMi8wFBVV95cUxPMjNtQS1GaEhLalFDdmdaVEFDVDF4M3VQa21vNE1wNXpjZUwtYWdEQURmemI5TE9uRUhZemlGVjBCWDhMLWl0UnBBOFA0SDFGbWhreno0RGNHaEpVWDhQd2hjNGhIX0FkNUNpRUp0MS1HRnVPbGVuclc0UGNSUTk1Wlp6dTI5RmtWMl80dHd6QVFUcFVXMlN0UHlfMXdIS3NsclNtOERNeDJuejhBT3Zva2E1cEgzZV9LbjFiRlJ5WlVHSjROeDFxRFZnMldqUnhTa2hBTmVnUjhvdDZqekdXZ2p1RHlGMDlfaEJtUWw4amdId2M?oc=5\" target=\"_blank\" rel=\"nofollow noopener\">El jefe de gabinete de Maz\u00f3n declara que le avis\u00f3 antes de las 17:00 horas sobre la situaci\u00f3n de emergencia en<\/a>&nbsp;&nbsp;LaSexta<\/li>\n<\/ol>\n","protected":false},"excerpt":{"rendered":"La mano derecha de Maz\u00f3n revela a la jueza que borr\u00f3 los mensajes del d\u00eda de la tragedia&hellip;\n","protected":false},"author":2,"featured_media":248356,"comment_status":"","ping_status":"","sticky":false,"template":"","format":"standard","meta":{"footnotes":""},"categories":[8],"tags":[17,18,25,24,13,14,11,19,20,9,10,15,16,23,12,21,22],"class_list":{"0":"post-256616","1":"post","2":"type-post","3":"status-publish","4":"format-standard","5":"has-post-thumbnail","7":"category-espana","8":"tag-breaking-news","9":"tag-breakingnews","10":"tag-es","11":"tag-espana","12":"tag-featured-news","13":"tag-featurednews","14":"tag-headlines","15":"tag-latest-news","16":"tag-latestnews","17":"tag-news","18":"tag-noticias","19":"tag-noticias-destacadas","20":"tag-noticiasdestacadas","21":"tag-spain","22":"tag-titulares","23":"tag-ultimas-noticias","24":"tag-ultimasnoticias"},"share_on_mastodon":{"url":"https:\/\/pubeurope.com\/@es\/115615661177819430","error":""},"_links":{"self":[{"href":"https:\/\/www.europesays.com\/es\/wp-json\/wp\/v2\/posts\/256616","targetHints":{"allow":["GET"]}}],"collection":[{"href":"https:\/\/www.europesays.com\/es\/wp-json\/wp\/v2\/posts"}],"about":[{"href":"https:\/\/www.europesays.com\/es\/wp-json\/wp\/v2\/types\/post"}],"author":[{"embeddable":true,"href":"https:\/\/www.europesays.com\/es\/wp-json\/wp\/v2\/users\/2"}],"replies":[{"embeddable":true,"href":"https:\/\/www.europesays.com\/es\/wp-json\/wp\/v2\/comments?post=256616"}],"version-history":[{"count":0,"href":"https:\/\/www.europesays.com\/es\/wp-json\/wp\/v2\/posts\/256616\/revisions"}],"wp:featuredmedia":[{"embeddable":true,"href":"https:\/\/www.europesays.com\/es\/wp-json\/wp\/v2\/media\/248356"}],"wp:attachment":[{"href":"https:\/\/www.europesays.com\/es\/wp-json\/wp\/v2\/media?parent=256616"}],"wp:term":[{"taxonomy":"category","embeddable":true,"href":"https:\/\/www.europesays.com\/es\/wp-json\/wp\/v2\/categories?post=256616"},{"taxonomy":"post_tag","embeddable":true,"href":"https:\/\/www.europesays.com\/es\/wp-json\/wp\/v2\/tags?post=256616"}],"curies":[{"name":"wp","href":"https:\/\/api.w.org\/{rel}","templated":true}]}}