{"id":256617,"date":"2025-11-26T11:02:11","date_gmt":"2025-11-26T11:02:11","guid":{"rendered":"https:\/\/www.europesays.com\/es\/256617\/"},"modified":"2025-11-26T11:02:11","modified_gmt":"2025-11-26T11:02:11","slug":"el-hogar-sostenible-y-el-reciclaje-responsable-se-aborda-en-una-jornada-en-valdepenas-ayuntamiento-de-valdepenas","status":"publish","type":"post","link":"https:\/\/www.europesays.com\/es\/256617\/","title":{"rendered":"El hogar sostenible y el reciclaje responsable se aborda en una jornada en Valdepe\u00f1as &#8211; Ayuntamiento de Valdepe\u00f1as"},"content":{"rendered":"<ol>\n<li><a href=\"https:\/\/news.google.com\/rss\/articles\/CBMivgFBVV95cUxOUGw1Y1hSdlZQN0lBOTI0TWh5NUVRNHR6Ql9EZEpXN3hnNXFFdlJNSHJ6UDc4U2lWREczS0ZFV1htZFFsdnJtTWpwLTlxd2ZSRTR1dHhhYjBOY05XRW1QaUtlUzZsYjFvQ2F0cnBYM3FnRTJZc0RPQnltY1ZFelpiMWpuOW9ZWEtEMzBvZ3NsdmQ3Z29kMWVCRk9vM2FXTWUyMzJkaVhaTkxmU2lldTEyNVZLcFlPRUdJckdCNi1R?oc=5\" target=\"_blank\" rel=\"nofollow noopener\">El hogar sostenible y el reciclaje responsable se aborda en una jornada en Valdepe\u00f1as<\/a>&nbsp;&nbsp;Ayuntamiento de Valdepe\u00f1as<\/li>\n<li><a href=\"https:\/\/news.google.com\/rss\/articles\/CBMi1AFBVV95cUxPTnN0R1hkTncyeEVwUktyQXlJLUdvbFdJYnY3YlQxQ1llOGdzUWF0T0JFVjAyaHNkYTBjMnd2cERtWWltVWdlVlRKM0pQNjJUOVBHNjhMTjdlUFFwTVBWTTU0YVgwekRaTlFmVVZ4MTFlVzFGTEpxT3pFU0dzcHhHRGw4aTVwQ1FSTUlqNnh6TjEwWlVDMGF1RGxHeTE2SWtIa1cyeEhRYkIwbUVjdEJVRFR2YUdBOXNuZDZ1WTlTNGxwQkJDZWwyam1SaFl3Rmw4UGNVQtIB2gFBVV95cUxNemhVUEpibGdRRlUyYjdldVJRaXNwdVlRQXRmaWh5TzMxejRqSUFYOFdUN1V6NExFcGlQZVl3bG5NY3RNTDZxOUZ5NFhyd1NCZUw1b3BqZ2EtRFE4YTU3LU0xN1gyTlhTcGctaG5ndThfUEVZcTlPNnlsbmZaYk5iZXUydDY4WUZBZV9haURhaDF2SFIxbTRqWWlNSl9Gdkp1NGtWTk44Wk5kc0VCa2dIN211a0Etcm5OWTF1TWU1RjBFSmZYU3RpenU3WWFUWFdzWjFUT0xwYnZLUQ?oc=5\" target=\"_blank\" rel=\"nofollow noopener\">Las Jornadas RAEE-CLM marcan hoja de ruta en comunicaci\u00f3n ambiental<\/a>&nbsp;&nbsp;La Comarca de Puertollano<\/li>\n<li><a href=\"https:\/\/news.google.com\/rss\/articles\/CBMiwgFBVV95cUxPRGRERExna2FHOU9LdkhJeDRWc3BlclRoX2lSSkpTQjhfYllDYVRBam9GNEQxRDFUT01HLUJ6T01hM1FTcUZRT0MzMXU5Nmd0MzFQX1Y1LVN0ZDNlWF8yZHB1RVp1dlk1OW96eFUzWlYxQ2RWTnRGWTZFbTc2NVBCM1daUEM5eW1sdWlveU1fMUc1SXA0cjNPVTRVMHpfb0pMV3NWa2ZIRjdfeGFUQ2hrd3RqWmMtZ0tCc2ZscVBMREp4Zw?oc=5\" target=\"_blank\" rel=\"nofollow noopener\">\u00abConecta el valor\u00bb: Castilla-La Mancha se vuelca en la reducci\u00f3n y reutilizaci\u00f3n de residuos electr\u00f3nicos<\/a>&nbsp;&nbsp;Tu Toledo<\/li>\n<li><a href=\"https:\/\/news.google.com\/rss\/articles\/CBMi5gFBVV95cUxOR2ZqN1dqSGNELVR3NmpXYk1MT25iTWdnb25rYWs5SzU1eEtWUGpoclBrc3lBRHJiNjZKTjVPaDJiWmk1SktiWjdlaEV1dmpGYzQyYk9mX2I0SWM4QUl0U2M1VS0yd2JOeUhGWVNmdWRoTTdHQ1VSelVwMEdWclhXVVRQVmFoZmNrNWZpdnlTUWJQNjVOOC00d2RyNDcwWHF6QzdVdFZmdlRYb18wVHBWVi1WY2xhUWRrNmpqLVh2QS1TbzlKdFo4UmJjM3Fla2tNSmRlWmRXVG5seGc2Qk5oY1kxUFhiQQ?oc=5\" target=\"_blank\" rel=\"nofollow noopener\">Valdepe\u00f1as impulsa la reparaci\u00f3n de peque\u00f1os electrodom\u00e9sticos<\/a>&nbsp;&nbsp;La Tribuna de Ciudad Real<\/li>\n<li><a href=\"https:\/\/news.google.com\/rss\/articles\/CBMikgFBVV95cUxOMjkxX2d0eHFWWFBSNE9YTndZNkhMNnFGSWFrZUNuQkExQWg3Zlk1ZHozbzRlSzRTeDlxR1IwcThDRUdqb0VYUS1TRWROUnVRc25KbzNRSGZhMWJRQVRHNmI1XzdWa3hCbk8xNVk0WHVvdnk0Wk51Um1ya2t2eUFCZGtETkRkU2xkb3NoWjNLLVJ3dw?oc=5\" target=\"_blank\" rel=\"nofollow noopener\">CLM se une a la Semana Europea de la Reducci\u00f3n de Residuos<\/a>&nbsp;&nbsp;La Manchuela al D\u00eda<\/li>\n<\/ol>\n","protected":false},"excerpt":{"rendered":"El hogar sostenible y el reciclaje responsable se aborda en una jornada en Valdepe\u00f1as&nbsp;&nbsp;Ayuntamiento de Valdepe\u00f1as Las Jornadas&hellip;\n","protected":false},"author":2,"featured_media":256618,"comment_status":"","ping_status":"","sticky":false,"template":"","format":"standard","meta":{"footnotes":""},"categories":[5],"tags":[17,18,25,24,13,14,11,19,20,6688,9,10,15,16,23,12,21,22],"class_list":{"0":"post-256617","1":"post","2":"type-post","3":"status-publish","4":"format-standard","5":"has-post-thumbnail","7":"category-titulares","8":"tag-breaking-news","9":"tag-breakingnews","10":"tag-es","11":"tag-espana","12":"tag-featured-news","13":"tag-featurednews","14":"tag-headlines","15":"tag-latest-news","16":"tag-latestnews","17":"tag-medio-ambiente","18":"tag-news","19":"tag-noticias","20":"tag-noticias-destacadas","21":"tag-noticiasdestacadas","22":"tag-spain","23":"tag-titulares","24":"tag-ultimas-noticias","25":"tag-ultimasnoticias"},"share_on_mastodon":{"url":"https:\/\/pubeurope.com\/@es\/115615664919906645","error":""},"_links":{"self":[{"href":"https:\/\/www.europesays.com\/es\/wp-json\/wp\/v2\/posts\/256617","targetHints":{"allow":["GET"]}}],"collection":[{"href":"https:\/\/www.europesays.com\/es\/wp-json\/wp\/v2\/posts"}],"about":[{"href":"https:\/\/www.europesays.com\/es\/wp-json\/wp\/v2\/types\/post"}],"author":[{"embeddable":true,"href":"https:\/\/www.europesays.com\/es\/wp-json\/wp\/v2\/users\/2"}],"replies":[{"embeddable":true,"href":"https:\/\/www.europesays.com\/es\/wp-json\/wp\/v2\/comments?post=256617"}],"version-history":[{"count":0,"href":"https:\/\/www.europesays.com\/es\/wp-json\/wp\/v2\/posts\/256617\/revisions"}],"wp:featuredmedia":[{"embeddable":true,"href":"https:\/\/www.europesays.com\/es\/wp-json\/wp\/v2\/media\/256618"}],"wp:attachment":[{"href":"https:\/\/www.europesays.com\/es\/wp-json\/wp\/v2\/media?parent=256617"}],"wp:term":[{"taxonomy":"category","embeddable":true,"href":"https:\/\/www.europesays.com\/es\/wp-json\/wp\/v2\/categories?post=256617"},{"taxonomy":"post_tag","embeddable":true,"href":"https:\/\/www.europesays.com\/es\/wp-json\/wp\/v2\/tags?post=256617"}],"curies":[{"name":"wp","href":"https:\/\/api.w.org\/{rel}","templated":true}]}}